{"id":171194,"date":"2026-07-13T11:09:14","date_gmt":"2026-07-13T11:09:14","guid":{"rendered":"https:\/\/www.europesays.com\/hu\/171194\/"},"modified":"2026-07-13T11:09:14","modified_gmt":"2026-07-13T11:09:14","slug":"atadtak-az-uj-gyartocsarnokokat-kecskemeten-ezzel-a-magyarorszagi-lett-europa-legnagyobb-mercedes-gyara","status":"publish","type":"post","link":"https:\/\/www.europesays.com\/hu\/171194\/","title":{"rendered":"\u00c1tadt\u00e1k az \u00faj gy\u00e1rt\u00f3csarnokokat Kecskem\u00e9ten, ezzel a magyarorsz\u00e1gi lett Eur\u00f3pa legnagyobb Mercedes-gy\u00e1ra"},"content":{"rendered":"<p class=\"\">\n    \u00c1tadt\u00e1k a Mercedes-Benz kib\u0151v\u00edtett kecskem\u00e9ti gy\u00e1r\u00e1t, ahol el is kezd\u0151d\u00f6tt az \u00faj elektromos C-oszt\u00e1ly sorozatgy\u00e1rt\u00e1sa. A megnyit\u00f3n azt is bejelentett\u00e9k, hogy a j\u00f6v\u0151ben a G-oszt\u00e1ly kompaktabb v\u00e1ltozata kiz\u00e1r\u00f3lag a kecskem\u00e9ti gy\u00e1rban k\u00e9sz\u00fcl majd.\n  <\/p>\n<p class=\"\">\n    A kecskem\u00e9ti gy\u00e1r az elm\u00falt 14 \u00e9v alatt Magyarorsz\u00e1g legnagyobb aut\u00f3gy\u00e1ra lett, ami a konszern glob\u00e1lis gy\u00e1rt\u00e1si h\u00e1l\u00f3zat\u00e1nak m\u00e1sodik legnagyobb egys\u00e9g\u00e9v\u00e9 n\u0151tte ki mag\u00e1t &#8211; jelentett\u00e9k be a megnyit\u00f3n. Az egymilli\u00e1rd eur\u00f3s beruh\u00e1z\u00e1s 2022-ben indult el, az\u00f3ta az \u00fczem ter\u00fclet\u00e9t t\u00f6bb mint a k\u00e9tszeres\u00e9re n\u00f6velt\u00e9k, \u00e9s \u00f6t \u00faj gy\u00e1rt\u00f3csarnokot hoztak l\u00e9tre.\n  <\/p>\n<p>    <a href=\"https:\/\/www.europesays.com\/hu\/wp-content\/uploads\/2026\/07\/8Mj1cjQGQvU229A1Qms.jpeg\" class=\"uwwrama _1chu0ywg _8b6bx65\" rel=\"nofollow\"><\/p>\n<p>  <img decoding=\"async\" loading=\"lazy\" src=\"https:\/\/www.europesays.com\/hu\/wp-content\/uploads\/2026\/07\/8Mj1cjQGQvU229A1Qms.jpeg\"   class=\"_672m2jd _1chu0ywo ta3a4c1ey ta3a4c1aa he2knv4 ta3a4c1ey ta3a4czs\" style=\"--_672m2j6:1.50;--_672m2j5:2560px 1707px\" alt=\"\"\/><\/p>\n<p>      <\/a><\/p>\n<p>\n              Az \u00faj modell a Mercedes-Benz Manufacturing Hungary Kft. \u00faj gy\u00e1regys\u00e9geinek \u00e1tad\u00e1s\u00e1n \u00e9s a teljesen elektromos C-oszt\u00e1ly gy\u00e1rt\u00e1s\u00e1nak hivatalos ind\u00edt\u00e1s\u00e1n Kecskem\u00e9ten\n            <\/p>\n<p>\n              Fot\u00f3:<br \/>\n                Szigetv\u00e1ry Zsolt\/MTI\/MTVA\n            <\/p>\n<p class=\"\">\n    A h\u00e9tf\u0151n \u00e1tadott \u00faj r\u00e9szleggel Eur\u00f3pa legnagyobb \u00e9s a vil\u00e1g m\u00e1sodik legnagyobb Mercedes-\u00fczeme j\u00f6tt l\u00e9tre a kecskem\u00e9ti gy\u00e1rban &#8211; hangs\u00falyozta Magyar P\u00e9ter is a kecskem\u00e9ti \u00e1tad\u00f3\u00fcnneps\u00e9gen.\n  <\/p>\n<p class=\"\">\n    Magyar t\u00f6bbek k\u00f6z\u00f6tt arr\u00f3l besz\u00e9lt, hogy a kecskem\u00e9ti gy\u00e1rban t\u00f6bb mint 100 ezer aut\u00f3t gy\u00e1rtanak, de a c\u00e9l az, hogy \u00e9vi 350 ezer aut\u00f3 is leg\u00f6rd\u00fclhessen a gy\u00e1rt\u00f3sorokr\u00f3l. A jelenlegi \u00f6tezres dolgoz\u00f3i l\u00e9tsz\u00e1mot is szeretn\u00e9k megdupl\u00e1zni, hogy 9-10 ezer munkav\u00e1llal\u00f3ja legyen a t\u00e1rsas\u00e1gnak.\n  <\/p>\n","protected":false},"excerpt":{"rendered":"\u00c1tadt\u00e1k a Mercedes-Benz kib\u0151v\u00edtett kecskem\u00e9ti gy\u00e1r\u00e1t, ahol el is kezd\u0151d\u00f6tt az \u00faj elektromos C-oszt\u00e1ly sorozatgy\u00e1rt\u00e1sa. A megnyit\u00f3n azt&hellip;\n","protected":false},"author":2,"featured_media":171195,"comment_status":"","ping_status":"","sticky":false,"template":"","format":"standard","meta":{"footnotes":"","_share_on_mastodon":"0"},"categories":[3],"tags":[3869,2018,107,106,105,63,42,5633,43,944,3867],"class_list":["post-171194","post","type-post","status-publish","format-standard","has-post-thumbnail","category-europa","tag-autogyartas","tag-beruhazas","tag-eu","tag-europa","tag-europe","tag-gazdasag","tag-hungarian","tag-kecskemet","tag-magyar","tag-magyar-peter","tag-mercedes-benz"],"share_on_mastodon":{"url":"https:\/\/pubeurope.com\/@hu\/116912361824216175","error":""},"_links":{"self":[{"href":"https:\/\/www.europesays.com\/hu\/wp-json\/wp\/v2\/posts\/171194","targetHints":{"allow":["GET"]}}],"collection":[{"href":"https:\/\/www.europesays.com\/hu\/wp-json\/wp\/v2\/posts"}],"about":[{"href":"https:\/\/www.europesays.com\/hu\/wp-json\/wp\/v2\/types\/post"}],"author":[{"embeddable":true,"href":"https:\/\/www.europesays.com\/hu\/wp-json\/wp\/v2\/users\/2"}],"replies":[{"embeddable":true,"href":"https:\/\/www.europesays.com\/hu\/wp-json\/wp\/v2\/comments?post=171194"}],"version-history":[{"count":0,"href":"https:\/\/www.europesays.com\/hu\/wp-json\/wp\/v2\/posts\/171194\/revisions"}],"wp:featuredmedia":[{"embeddable":true,"href":"https:\/\/www.europesays.com\/hu\/wp-json\/wp\/v2\/media\/171195"}],"wp:attachment":[{"href":"https:\/\/www.europesays.com\/hu\/wp-json\/wp\/v2\/media?parent=171194"}],"wp:term":[{"taxonomy":"category","embeddable":true,"href":"https:\/\/www.europesays.com\/hu\/wp-json\/wp\/v2\/categories?post=171194"},{"taxonomy":"post_tag","embeddable":true,"href":"https:\/\/www.europesays.com\/hu\/wp-json\/wp\/v2\/tags?post=171194"}],"curies":[{"name":"wp","href":"https:\/\/api.w.org\/{rel}","templated":true}]}}