{"id":171276,"date":"2026-07-13T12:21:13","date_gmt":"2026-07-13T12:21:13","guid":{"rendered":"https:\/\/www.europesays.com\/hu\/171276\/"},"modified":"2026-07-13T12:21:13","modified_gmt":"2026-07-13T12:21:13","slug":"index-gazdasag-magyar-peter-arra-kerte-a-kecskemeti-polgarmestert-ne-vegyen-reszt-a-mercedes-gyar-atadasan","status":"publish","type":"post","link":"https:\/\/www.europesays.com\/hu\/171276\/","title":{"rendered":"Index &#8211; Gazdas\u00e1g &#8211; Magyar P\u00e9ter arra k\u00e9rte a kecskem\u00e9ti polg\u00e1rmestert, ne vegyen r\u00e9szt a Mercedes-gy\u00e1r \u00e1tad\u00e1s\u00e1n"},"content":{"rendered":"<p>        <img decoding=\"async\" src=\"https:\/\/www.europesays.com\/hu\/wp-content\/uploads\/2026\/07\/70448983_6d551434d871a0d13ec68e52ed627952_wm.jpg\" alt=\"DSC 9612\"\/><\/p>\n<p>                <a href=\"https:\/\/index.hu\/szerzo\/barta_lorant\" rel=\"nofollow noopener\" target=\"_blank\"><br \/>\n                        <img decoding=\"async\" class=\"szerzo-kep\" src=\"https:\/\/www.europesays.com\/hu\/wp-content\/uploads\/2026\/07\/1783865351_855_57790345_4275703_2d6b9199f29a250226bab3f43e69164c_wm.jpg\" alt=\"Barta L\u00f3r\u00e1nt\"\/><br \/>\n                <\/a><\/p>\n<p>\n                Magyar P\u00e9ter r\u00e9szv\u00e9tel\u00e9vel adt\u00e1k \u00e1t h\u00e9tf\u0151n a kecskem\u00e9ti Mercedes-gy\u00e1r \u00faj r\u00e9szleg\u00e9t. Az esem\u00e9nyen azonban nem vett r\u00e9szt Szemereyn\u00e9 Pataki Klaudia fideszes polg\u00e1rmester, akit erre \u2013 elmond\u00e1sa szerint \u2013 \u00e9ppen a minisztereln\u00f6k k\u00e9rt meg.            <\/p>\n<p>Magyar P\u00e9ter minisztereln\u00f6k r\u00e9szv\u00e9tel\u00e9vel <a href=\"https:\/\/index.hu\/belfold\/2026\/07\/13\/mercedes-kecskemet-gyaravatas-magyar-peter-fidesz-szijjarto-peter\/\" id=\"hyperlink_166430c1639ae6afff4aaf7a3942fdc1\" target=\"_blank\" title=\"Magyar P\u00e9ter egy Mercedest vezetve \u00e9rkezett a gy\u00e1ravat\u00e1sra, vil\u00e1gviszonylatban is kiemelked\u0151 lett a kecskem\u00e9ti \u00fczem\" rel=\"nofollow noopener\">adt\u00e1k \u00e1t a Mercedes \u00faj gy\u00e1rr\u00e9szleg\u00e9t<\/a> h\u00e9tf\u0151n Kecskem\u00e9ten, amivel a vil\u00e1g m\u00e1sodik legnagyobb Mercedes-gy\u00e1ra lett a magyarorsz\u00e1gi.<\/p>\n<p>Szemereyn\u00e9 Pataki Klaudia arr\u00f3l sz\u00e1molt be k\u00f6z\u00f6ss\u00e9gi oldal\u00e1n, hogy a minisztereln\u00f6k arra k\u00e9rte, hogy ne vegyen r\u00e9szt az esem\u00e9nyen.<\/p>\n<p>Tiszteletben tartottam Magyar P\u00e9ter minisztereln\u00f6k \u00far azon k\u00e9r\u00e9s\u00e9t, hogy a Mercedes \u00fczem \u00faj gy\u00e1regys\u00e9geinek mai \u00e1tad\u00f3j\u00e1n sem \u00e9n, sem v\u00e1rosh\u00e1zi munkat\u00e1rsaim ne vegy\u00fcnk r\u00e9szt. \u00cdgy a szem\u00e9lyes tal\u00e1lkoz\u00e1sra nem ny\u00edlt lehet\u0151s\u00e9g. Ett\u0151l f\u00fcggetlen\u00fcl \u00e9n tov\u00e1bbra is nyitott vagyok a p\u00e1rbesz\u00e9dre, a k\u00f6z\u00f6s munk\u00e1ra Kecskem\u00e9t \u00e9rdek\u00e9ben<\/p>\n<p>\u2013 fogalmazott.<\/p>\n<p>A polg\u00e1rmester kor\u00e1bban a kecskem\u00e9ti egyetemet fenntart\u00f3 Neumann J\u00e1nos Egyetem\u00e9rt Alap\u00edtv\u00e1ny (NJEA)\u00a0fel\u00fcgyel\u0151bizotts\u00e1g\u00e1nak tagja volt, amely \u00e9rintett az MNB-botr\u00e1nyban. Az egyetem\u00a0\u00e1llami forr\u00e1sb\u00f3l \u00f6sszesen 144 milli\u00e1rd forinthoz jutott. Ebb\u0151l 127,5 milli\u00e1rd forintot az alap\u00edtv\u00e1ny 2021-ben rendk\u00edv\u00fcl alacsony, mind\u00f6ssze 2,5 sz\u00e1zal\u00e9kos kamatra adott k\u00f6lcs\u00f6n az MNB-alap\u00edtv\u00e1nyokhoz tartoz\u00f3 Optima Befektet\u00e9si Zrt.-nek. A k\u00f6lcs\u00f6n nagyr\u00e9sz\u00e9t az egyetem \u00e9vek \u00f3ta nem kapta vissza.\u00a0\u00a0<\/p>\n<p>\n                          (Bor\u00edt\u00f3k\u00e9p: Magyar P\u00e9ter 2026. j\u00falius 13-\u00e1n. Fot\u00f3: T\u00f6vissi Bence \/ Index)\n                        <\/p>\n<p><a href=\"https:\/\/dex.hu\/x.php?id=googlepref_desktop&amp;url=https:\/\/google.com\/preferences\/source?q=https:\/\/index.hu\" class=\"google-pref-banner \" id=\"googlePrefBanner\" rel=\"nofollow noopener\" target=\"_blank\"><\/p>\n<p>    Itt \u00e1ll\u00edtsa be, hogy az Index az els\u0151k k\u00f6z\u00f6tt legyen a Google-tal\u00e1latokban!<\/p>\n<p><\/a><\/p>\n<p>    <img decoding=\"async\" src=\"https:\/\/index.hu\/assets\/images\/social-follow\/logo-big.svg\" alt=\"Index.hu logo\"\/><\/p>\n<p>K\u00f6vesse az Indexet Facebookon is!<\/p>\n<p>    <a href=\"https:\/\/facebook.com\/Indexhu\" target=\"_blank\" rel=\"nofollow noopener\"><\/p>\n<p>        K\u00f6vetem!<br \/>\n    <\/a><\/p>\n","protected":false},"excerpt":{"rendered":"Magyar P\u00e9ter r\u00e9szv\u00e9tel\u00e9vel adt\u00e1k \u00e1t h\u00e9tf\u0151n a kecskem\u00e9ti Mercedes-gy\u00e1r \u00faj r\u00e9szleg\u00e9t. Az esem\u00e9nyen azonban nem vett r\u00e9szt Szemereyn\u00e9&hellip;\n","protected":false},"author":2,"featured_media":171277,"comment_status":"","ping_status":"","sticky":false,"template":"","format":"standard","meta":{"footnotes":"","_share_on_mastodon":"0"},"categories":[6],"tags":[63,6067,44,42,40,5633,43,944,41,494,3338,5323],"class_list":["post-171276","post","type-post","status-publish","format-standard","has-post-thumbnail","category-magyarorszag","tag-gazdasag","tag-gyar","tag-hu","tag-hungarian","tag-hungary","tag-kecskemet","tag-magyar","tag-magyar-peter","tag-magyarorszag","tag-mercedes","tag-polgarmester","tag-szemereyne-pataki-klaudia"],"share_on_mastodon":{"url":"https:\/\/pubeurope.com\/@hu\/116912645150107968","error":""},"_links":{"self":[{"href":"https:\/\/www.europesays.com\/hu\/wp-json\/wp\/v2\/posts\/171276","targetHints":{"allow":["GET"]}}],"collection":[{"href":"https:\/\/www.europesays.com\/hu\/wp-json\/wp\/v2\/posts"}],"about":[{"href":"https:\/\/www.europesays.com\/hu\/wp-json\/wp\/v2\/types\/post"}],"author":[{"embeddable":true,"href":"https:\/\/www.europesays.com\/hu\/wp-json\/wp\/v2\/users\/2"}],"replies":[{"embeddable":true,"href":"https:\/\/www.europesays.com\/hu\/wp-json\/wp\/v2\/comments?post=171276"}],"version-history":[{"count":0,"href":"https:\/\/www.europesays.com\/hu\/wp-json\/wp\/v2\/posts\/171276\/revisions"}],"wp:featuredmedia":[{"embeddable":true,"href":"https:\/\/www.europesays.com\/hu\/wp-json\/wp\/v2\/media\/171277"}],"wp:attachment":[{"href":"https:\/\/www.europesays.com\/hu\/wp-json\/wp\/v2\/media?parent=171276"}],"wp:term":[{"taxonomy":"category","embeddable":true,"href":"https:\/\/www.europesays.com\/hu\/wp-json\/wp\/v2\/categories?post=171276"},{"taxonomy":"post_tag","embeddable":true,"href":"https:\/\/www.europesays.com\/hu\/wp-json\/wp\/v2\/tags?post=171276"}],"curies":[{"name":"wp","href":"https:\/\/api.w.org\/{rel}","templated":true}]}}