{"id":171390,"date":"2026-07-13T13:58:08","date_gmt":"2026-07-13T13:58:08","guid":{"rendered":"https:\/\/www.europesays.com\/hu\/171390\/"},"modified":"2026-07-13T13:58:08","modified_gmt":"2026-07-13T13:58:08","slug":"az-orosz-allambiztonsag-titkos-hackercsoportjat-szankcionalja-az-europai-unio-berlinben-es-parizsban-is-bekerettek-az-orosz-nagykovetet","status":"publish","type":"post","link":"https:\/\/www.europesays.com\/hu\/171390\/","title":{"rendered":"Az orosz \u00e1llambiztons\u00e1g titkos hackercsoportj\u00e1t szankcion\u00e1lja az Eur\u00f3pai Uni\u00f3, Berlinben \u00e9s P\u00e1rizsban is bek\u00e9rett\u00e9k az orosz nagyk\u00f6vetet"},"content":{"rendered":"<p class=\"\">\n    Franciaorsz\u00e1g \u00e9s N\u00e9metorsz\u00e1g is <a href=\"https:\/\/www.reuters.com\/world\/europe\/france-set-summon-russian-ambassador-paris-over-alleged-cyberattack-campaign-2026-07-13\/\" target=\"_blank\" rel=\"nofollow noopener\">bek\u00e9reti<\/a> az orosz nagyk\u00f6vetet a t\u00f6bb eur\u00f3pai orsz\u00e1got \u00e9rint\u0151, orosz kiberk\u00e9mked\u00e9si \u00e9s szabot\u00e1zsakci\u00f3k miatt. Az Eur\u00f3pai Uni\u00f3 h\u00e9tf\u0151n kilenc \u00fajabb szem\u00e9lyt \u00e9s n\u00e9gy szervezetet <a href=\"https:\/\/www.politico.eu\/article\/eu-sanctions-russian-cyber-spies-for-years-long-hacking\/\" target=\"_blank\" rel=\"nofollow noopener\">tett szankci\u00f3s list\u00e1ra<\/a>, miut\u00e1n az orosz titkosszolg\u00e1latokat egy \u00e9vek \u00f3ta m\u0171k\u00f6d\u0151 kiberm\u0171veleti h\u00e1l\u00f3zat ir\u00e1ny\u00edt\u00e1s\u00e1val v\u00e1dolja.\n  <\/p>\n<p class=\"isSelectedEnd\">\n    Az EU szerint az orosz Sz\u00f6vets\u00e9gi Biztons\u00e1gi Szolg\u00e1lat, az FSZB 16. k\u00f6zpontja t\u00f6bb kiberfenyeget\u00e9si csoportot, k\u00f6zt\u00fck a Turla nev\u0171 hackercsoportot haszn\u00e1lja k\u00fclf\u00f6ldi korm\u00e1nyzati rendszerek felt\u00f6r\u00e9s\u00e9re, strat\u00e9giai inform\u00e1ci\u00f3k megszerz\u00e9s\u00e9re \u00e9s kritikus infrastrukt\u00far\u00e1k elleni szabot\u00e1zsakci\u00f3kra. Franciaorsz\u00e1g, N\u00e9metorsz\u00e1g, Lengyelorsz\u00e1g, Ciprus, Hollandia, Ausztria, Szlov\u00e1kia, Rom\u00e1nia \u00e9s Finnorsz\u00e1g is a c\u00e9lpontok k\u00f6z\u00f6tt volt.\n  <\/p>\n<p class=\"isSelectedEnd\">\n    Franciaorsz\u00e1gban az FSZB-hez kapcsol\u00f3d\u00f3 figur\u00e1k az uni\u00f3s k\u00f6zlem\u00e9ny szerint m\u00e1r 2010 \u00f3ta k\u00e9mkedtek strat\u00e9giai jelent\u0151s\u00e9g\u0171 \u00e1llami int\u00e9zm\u00e9nyek ut\u00e1n, 2025-ben pedig a francia hadiipart is c\u00e9lba vett\u00e9k. N\u00e9metorsz\u00e1gban korm\u00e1nyzati szerveket t\u00e1madtak, Lengyelorsz\u00e1gban pedig er\u0151m\u0171veket \u00e9s m\u00e1s kritikus infrastrukt\u00far\u00e1kat <a href=\"https:\/\/444.hu\/2026\/01\/26\/sulyos-kibertamadas-erte-lengyelorszagot-az-orosz-kormanyhoz-kotheto-hekkerek-allhattak-az-akcio-mogott\" target=\"_blank\" rel=\"nofollow noopener\">pr\u00f3b\u00e1ltak megzavarni<\/a>. Az uni\u00f3s v\u00e1dak szerint Moszkva nemcsak saj\u00e1t h\u00edrszerz\u0151it haszn\u00e1lta, hanem kiberb\u0171n\u00f6z\u0151ket, magukat hacktivist\u00e1nak nevez\u0151 csoportokat \u00e9s mag\u00e1nv\u00e1llalatokat is bevont a m\u0171veletekbe.\n  <\/p>\n<p>    <a href=\"https:\/\/www.europesays.com\/hu\/wp-content\/uploads\/2026\/07\/8JzfFBBHWPBC1KakSs.jpeg\" class=\"uwwrama _1chu0ywg _8b6bx65\" rel=\"nofollow\"><\/p>\n<p>  <img decoding=\"async\" loading=\"lazy\" src=\"https:\/\/www.europesays.com\/hu\/wp-content\/uploads\/2026\/07\/8JzfFBBHWPBC1KakSs.jpeg\"   class=\"_672m2jd _1chu0ywo ta3a4c1ey ta3a4c1aa he2knv4 ta3a4c1ey ta3a4czs\" style=\"--_672m2j6:1.77;--_672m2j5:2560px 1440px\" alt=\"\"\/><\/p>\n<p>      <\/a><\/p>\n<p>\n              Fot\u00f3:<br \/>\n                Framestock &#8211; stock.adobe.com\n            <\/p>\n<p class=\"isSelectedEnd\">\n    Jean-No\u00ebl Barrot francia k\u00fcl\u00fcgyminiszter szerint a t\u00e1mad\u00e1sok miniszt\u00e9riumok, v\u00e1llalatok \u00e9s k\u00fcl\u00f6nb\u00f6z\u0151 infrastrukt\u00fara-\u00fczemeltet\u0151k ellen ir\u00e1nyultak. Ezek egy r\u00e9sze kommunik\u00e1ci\u00f3s csatorn\u00e1k ellen\u0151rz\u00e9s\u00e9re \u00e9s bizalmas adatok megszerz\u00e9s\u00e9re ir\u00e1nyult, m\u00e1s m\u0171veletekkel pedig k\u00f6zszolg\u00e1ltat\u00e1sokat pr\u00f3b\u00e1ltak megb\u00e9n\u00edtani. Barrot k\u00f6z\u00f6lte, hogy a p\u00e1rizsi korm\u00e1ny a k\u00f6vetkez\u0151 napokban beh\u00edvatja az orosz nagyk\u00f6vetet, \u00e9s hivatalosan is tiltakozik a m\u0171veletek miatt.\n  <\/p>\n<p class=\"isSelectedEnd\">\n     N\u00e9metorsz\u00e1g m\u00e1r tavaly decemberben is azzal v\u00e1dolta meg Oroszorsz\u00e1got, hogy <a href=\"https:\/\/444.hu\/2025\/12\/12\/nemetorszag-kibertamadassal-es-a-valasztasokba-torteno-beavatkozassal-vadolja-oroszorszagot\" target=\"_blank\" rel=\"nofollow noopener\">kibert\u00e1mad\u00e1st hajtott v\u00e9gre<\/a> a l\u00e9gi ir\u00e1ny\u00edt\u00e1s ellen, valamint megpr\u00f3b\u00e1lt beavatkozni a v\u00e1laszt\u00e1sokba. Az EU is <a href=\"https:\/\/444.hu\/2025\/12\/15\/orosz-kibertamadasok-miatt-is-szankciokat-vetett-ki-az-eu\" target=\"_blank\" rel=\"nofollow noopener\">elfogadott<\/a> ekkor Oroszorsz\u00e1g elleni szankci\u00f3kat a dezinform\u00e1ci\u00f3s \u00e9s kibert\u00e1mad\u00e1sok miatt. Az \u00e9rintettek vagyon\u00e1t befagyasztj\u00e1k, az uni\u00f3s polg\u00e1rok \u00e9s v\u00e1llalatok nem bocs\u00e1thatnak rendelkez\u00e9s\u00fckre p\u00e9nzeszk\u00f6z\u00f6ket, a mag\u00e1nszem\u00e9lyek pedig beutaz\u00e1si \u00e9s \u00e1tutaz\u00e1si tilalommal is szembes\u00fclnek az EU ter\u00fclet\u00e9n.\n  <\/p>\n<p class=\"isSelectedEnd\">\n    Az EU szankci\u00f3s list\u00e1j\u00e1ra orosz katonai h\u00edrszerz\u0151k, kiberb\u0171n\u00f6z\u0151k, hacktivist\u00e1k \u00e9s a m\u0171veleteket t\u00e1mogat\u00f3 v\u00e1llalatok ker\u00fcltek. Br\u00fcsszel szerint ezek a szerepl\u0151k hozz\u00e1j\u00e1rultak az Eur\u00f3pai Uni\u00f3, a tag\u00e1llamok \u00e9s az uni\u00f3s partnerek destabiliz\u00e1l\u00e1s\u00e1hoz. Az uni\u00f3s fell\u00e9p\u00e9s \u00edgy nem kiz\u00e1r\u00f3lag a Turla konkr\u00e9t akci\u00f3ira vonatkozik, hanem arra a t\u00e1gabb rendszerre is, amelyben az orosz szolg\u00e1latok k\u00fcl\u00f6nb\u00f6z\u0151 b\u0171n\u00f6z\u0151i \u00e9s mag\u00e1nszerepl\u0151ket haszn\u00e1lnak fel.\n  <\/p>\n<p class=\"\">\n    Az uni\u00f3s l\u00e9p\u00e9sekkel p\u00e1rhuzamosan az Egyes\u00fclt Kir\u00e1lys\u00e1g is hasonl\u00f3 int\u00e9zked\u00e9seket jelentett be: London 24, az orosz h\u00edrszerz\u0151 szolg\u00e1latokhoz k\u00f6t\u00f6tt szem\u00e9lyt \u00e9s szervezetet szankcion\u00e1lt. A brit \u00e9s az uni\u00f3s hat\u00f3s\u00e1gok az FSZB 16. k\u00f6zpontj\u00e1t tett\u00e9k felel\u0151ss\u00e9 a lengyel energiah\u00e1l\u00f3zat ellen 2025 december\u00e9ben v\u00e9grehajtott t\u00e1mad\u00e1s\u00e9rt is, amely, ha siker\u00fcl, f\u00e9lmilli\u00f3 embert hagyhatott volna \u00e1ram n\u00e9lk\u00fcl.\n  <\/p>\n","protected":false},"excerpt":{"rendered":"Franciaorsz\u00e1g \u00e9s N\u00e9metorsz\u00e1g is bek\u00e9reti az orosz nagyk\u00f6vetet a t\u00f6bb eur\u00f3pai orsz\u00e1got \u00e9rint\u0151, orosz kiberk\u00e9mked\u00e9si \u00e9s szabot\u00e1zsakci\u00f3k miatt.&hellip;\n","protected":false},"author":2,"featured_media":171391,"comment_status":"","ping_status":"","sticky":false,"template":"","format":"standard","meta":{"footnotes":"","_share_on_mastodon":"0"},"categories":[8],"tags":[429,1399,4921,42,7939,64,43,271,34,50106,102,1145,50107,94,93,92],"class_list":["post-171390","post","type-post","status-publish","format-standard","has-post-thumbnail","category-vilag","tag-europai-unio","tag-franciaorszag","tag-fszb","tag-hungarian","tag-kibertamadas","tag-kulfold","tag-magyar","tag-nemetorszag","tag-news","tag-orosz-kiberkemkedes","tag-oroszorszag","tag-szankciok","tag-turla","tag-vilag","tag-world","tag-world-news"],"share_on_mastodon":{"url":"https:\/\/pubeurope.com\/@hu\/116913026305489611","error":""},"_links":{"self":[{"href":"https:\/\/www.europesays.com\/hu\/wp-json\/wp\/v2\/posts\/171390","targetHints":{"allow":["GET"]}}],"collection":[{"href":"https:\/\/www.europesays.com\/hu\/wp-json\/wp\/v2\/posts"}],"about":[{"href":"https:\/\/www.europesays.com\/hu\/wp-json\/wp\/v2\/types\/post"}],"author":[{"embeddable":true,"href":"https:\/\/www.europesays.com\/hu\/wp-json\/wp\/v2\/users\/2"}],"replies":[{"embeddable":true,"href":"https:\/\/www.europesays.com\/hu\/wp-json\/wp\/v2\/comments?post=171390"}],"version-history":[{"count":0,"href":"https:\/\/www.europesays.com\/hu\/wp-json\/wp\/v2\/posts\/171390\/revisions"}],"wp:featuredmedia":[{"embeddable":true,"href":"https:\/\/www.europesays.com\/hu\/wp-json\/wp\/v2\/media\/171391"}],"wp:attachment":[{"href":"https:\/\/www.europesays.com\/hu\/wp-json\/wp\/v2\/media?parent=171390"}],"wp:term":[{"taxonomy":"category","embeddable":true,"href":"https:\/\/www.europesays.com\/hu\/wp-json\/wp\/v2\/categories?post=171390"},{"taxonomy":"post_tag","embeddable":true,"href":"https:\/\/www.europesays.com\/hu\/wp-json\/wp\/v2\/tags?post=171390"}],"curies":[{"name":"wp","href":"https:\/\/api.w.org\/{rel}","templated":true}]}}