{"id":171440,"date":"2026-07-13T14:41:09","date_gmt":"2026-07-13T14:41:09","guid":{"rendered":"https:\/\/www.europesays.com\/hu\/171440\/"},"modified":"2026-07-13T14:41:09","modified_gmt":"2026-07-13T14:41:09","slug":"bojkottal-a-fidesz-de-magyar-peter-igy-is-meghivta-valahova-gulyas-gergelyt-index-hu","status":"publish","type":"post","link":"https:\/\/www.europesays.com\/hu\/171440\/","title":{"rendered":"Bojkott\u00e1l a Fidesz, de Magyar P\u00e9ter \u00edgy is megh\u00edvta valahova Guly\u00e1s Gergelyt &#8211; Index.hu"},"content":{"rendered":"<p><a href=\"https:\/\/news.google.com\/rss\/articles\/CBMioAJBVV95cUxQbjNoWU9zcS1sSUY1RTNIUmstcWNQdnBSdUFRRkhCQ1p1a183S1pQQVgzTlNKNU9pUDRnYWN6ZW5jV2czcUVWTmVjRVk1eVdBLW95UVAwYUk4V29XMFpoWG9hQWx6U0F6WVhpRlV1bm9PZDIxcW5vM0xuVTNmT3k0Z3NZelFNeEJzeXMydzRoVXpyRUlqSnJvaWJ4X1Z5Wjk0b0JsZ21teWFJdTV4cUx5TWd0d0t6VktJRi03VDJxT2JoSDZ2Z2oyT2JwellWX0dnd1VDcG1SNURWX1dfZC1pU3VTenQ1b2ZiS1ZxZUJTUWlqZzFzbjhEa0RkTGlHc0VUakM5NmM5ZW1RNUlJRENWaW1LMXN3MU9DSzZlSXAtN2s?oc=5\" target=\"_blank\" rel=\"nofollow noopener\">Bojkott\u00e1l a Fidesz, de Magyar P\u00e9ter \u00edgy is megh\u00edvta valahova Guly\u00e1s Gergelyt<\/a>&nbsp;&nbsp;Index.hu<a href=\"https:\/\/news.google.com\/rss\/articles\/CBMiiwFBVV95cUxNSjMtQmZWTlZOd1lEa3pSQVJyWmJuQlFGMmxYbEU3OUd3d3BfdUhNeEFCRVpIUENrRUF3TlpkNjVfQUZqSFRuLVhaTFl6U1ljOWFkbmtLdlZyTl85MHE4Wm9sRkRsaHV5UGlseW4tNlNMUkVDclpJT2VIRHRwSldQNzhtYmdzcjN4N193?oc=5\" target=\"_blank\" rel=\"nofollow noopener\">Magyar P\u00e9ter lemond a mentelmi jog\u00e1r\u00f3l \u2013 m\u00e1r ha betartja k\u00e9t \u00e9ve tett \u00edg\u00e9ret\u00e9t<\/a>&nbsp;&nbsp;Magyar Nemzet<a href=\"https:\/\/news.google.com\/rss\/articles\/CBMitgFBVV95cUxQZDg5ZHFDNkpkMXdQUmZYWDVlR0JHTzhMU0NrRm8xWVdOUFZEVVpFNEhTS1FjUG82cm54TFY1UTBBZ29tcElhUFhVWDlTaE1QMGU4QW13TzdVQzVWOGtZNl9sX1JkRHE0VVl3a2xZMVVEeTlTc3hjOEwwMlI2eHJfTU5zXy1wOFVvU1ZXYzVZZ2pTSWR2a212WWx2cHlDNS1Sd3JmQktNcXZ3Q0ZoVVRlcXBVdjBYQQ?oc=5\" target=\"_blank\" rel=\"nofollow noopener\">\u00c1der J\u00e1nos: Ha Magyar P\u00e9ter olyan b\u00e1tor, v\u00e1llalja a b\u00fcntet\u0151jogi k\u00f6vetkezm\u00e9nyeket<\/a>&nbsp;&nbsp;Hirnavigator<a href=\"https:\/\/news.google.com\/rss\/articles\/CBMihwFBVV95cUxPdDZpUXRVWGlyM0wydkZINWdVUmRWZnVMMFlrNlM2UEYzY1RoWlFrNlJJNXQ0VE1zMzFGeU8tSDNHdkhKcTRFQUpVbG5CYWVLOThNTU1YWWtELWdKOVNyaHcxeS1NR1F4NWY3LUltbjF6YjVzbjFlUEJvSFRFSkhFWUh2SVlBbUk?oc=5\" target=\"_blank\" rel=\"nofollow noopener\">Nem v\u00e1ltotta be \u00edg\u00e9ret\u00e9t Magyar P\u00e9ter<\/a>&nbsp;&nbsp;H\u00edrTv<\/p>\n","protected":false},"excerpt":{"rendered":"Bojkott\u00e1l a Fidesz, de Magyar P\u00e9ter \u00edgy is megh\u00edvta valahova Guly\u00e1s Gergelyt&nbsp;&nbsp;Index.huMagyar P\u00e9ter lemond a mentelmi jog\u00e1r\u00f3l \u2013&hellip;\n","protected":false},"author":2,"featured_media":171441,"comment_status":"","ping_status":"","sticky":false,"template":"","format":"standard","meta":{"footnotes":"","_share_on_mastodon":"0"},"categories":[6],"tags":[17078,80,89,5443,44,42,40,4434,13104,43,944,41,4184,2307,3485,5892,13146,945,4804],"class_list":["post-171440","post","type-post","status-publish","format-standard","has-post-thumbnail","category-magyarorszag","tag-alaptorveny","tag-belfold","tag-fidesz","tag-gulyas-gergely","tag-hu","tag-hungarian","tag-hungary","tag-kdnp","tag-koztarsasagi-elnok","tag-magyar","tag-magyar-peter","tag-magyarorszag","tag-mi-hazank-mozgalom","tag-orszaggyules","tag-parlament","tag-retvari-bence","tag-sulyok-tamas","tag-tisza-part","tag-toroczkai-laszlo"],"share_on_mastodon":{"url":"https:\/\/pubeurope.com\/@hu\/116913195700558718","error":""},"_links":{"self":[{"href":"https:\/\/www.europesays.com\/hu\/wp-json\/wp\/v2\/posts\/171440","targetHints":{"allow":["GET"]}}],"collection":[{"href":"https:\/\/www.europesays.com\/hu\/wp-json\/wp\/v2\/posts"}],"about":[{"href":"https:\/\/www.europesays.com\/hu\/wp-json\/wp\/v2\/types\/post"}],"author":[{"embeddable":true,"href":"https:\/\/www.europesays.com\/hu\/wp-json\/wp\/v2\/users\/2"}],"replies":[{"embeddable":true,"href":"https:\/\/www.europesays.com\/hu\/wp-json\/wp\/v2\/comments?post=171440"}],"version-history":[{"count":0,"href":"https:\/\/www.europesays.com\/hu\/wp-json\/wp\/v2\/posts\/171440\/revisions"}],"wp:featuredmedia":[{"embeddable":true,"href":"https:\/\/www.europesays.com\/hu\/wp-json\/wp\/v2\/media\/171441"}],"wp:attachment":[{"href":"https:\/\/www.europesays.com\/hu\/wp-json\/wp\/v2\/media?parent=171440"}],"wp:term":[{"taxonomy":"category","embeddable":true,"href":"https:\/\/www.europesays.com\/hu\/wp-json\/wp\/v2\/categories?post=171440"},{"taxonomy":"post_tag","embeddable":true,"href":"https:\/\/www.europesays.com\/hu\/wp-json\/wp\/v2\/tags?post=171440"}],"curies":[{"name":"wp","href":"https:\/\/api.w.org\/{rel}","templated":true}]}}