{"id":171492,"date":"2026-07-13T15:35:25","date_gmt":"2026-07-13T15:35:25","guid":{"rendered":"https:\/\/www.europesays.com\/hu\/171492\/"},"modified":"2026-07-13T15:35:25","modified_gmt":"2026-07-13T15:35:25","slug":"magyar-peter-europa-legnagyobb-mercedes-uzeme-letesult-kecskemeten-3","status":"publish","type":"post","link":"https:\/\/www.europesays.com\/hu\/171492\/","title":{"rendered":"Magyar P\u00e9ter: Eur\u00f3pa legnagyobb Mercedes-\u00fczeme l\u00e9tes\u00fclt Kecskem\u00e9ten"},"content":{"rendered":"<p>A korm\u00e1nyf\u0151 az interneten \u00e9l\u0151 bejelentkez\u00e9sekor a gy\u00e1r\u00e9p\u00fclet mellett \u00e1llva arr\u00f3l besz\u00e9lt, hogy a h\u00e9tf\u0151i \u00e1tad\u00e1st k\u00f6vet\u0151en az \u00faj \u00fczemben fogj\u00e1k gy\u00e1rtani a Mercedes C oszt\u00e1ly elektromos v\u00e1ltozat\u00e1t.<\/p>\n<p>Kiemelte: jelenleg t\u00f6bb mint 100 ezer aut\u00f3t gy\u00e1rtanak \u00e9vente, s \u00f6tezer munkav\u00e1llal\u00f3t foglalkoztatnak a kecskem\u00e9ti gy\u00e1rban, a c\u00e9l pedig az, hogy \u00e9vi 350 ezer aut\u00f3 is leg\u00f6rd\u00fclhessen a gy\u00e1rt\u00f3sorokt\u00f3l, tov\u00e1bb\u00e1 hogy 9-10 ezer munkav\u00e1llal\u00f3ja legyen a t\u00e1rsas\u00e1gnak.<\/p>\n<p>A bejelentkez\u00e9st k\u00f6vet\u0151en Magyar P\u00e9ter egy elektromos meghajt\u00e1s\u00fa Mercedes vol\u00e1nja m\u00f6g\u00e9 \u00fclt \u00e9s Ola K\u00e4llenius-szal, a Mercedes-Benz glob\u00e1lis vez\u00e9rigazgat\u00f3j\u00e1val a megnyit\u00f3 helysz\u00edn\u00e9re hajtott.<\/p>\n<p>A Mercedes \u00faj gy\u00e1ra fontos helyet foglal el mind a c\u00e9g termel\u00e9si l\u00e1nc\u00e1ban, mind a magyar gazdas\u00e1gban, a v\u00e1llalat jelenl\u00e9te er\u0151s\u00edti Magyarorsz\u00e1g be\u00e1gyazotts\u00e1g\u00e1t a glob\u00e1lis aut\u00f3ipari \u00e9rt\u00e9kl\u00e1ncba \u00e9s bizony\u00edtja, hogy haz\u00e1nk k\u00e9pes hossz\u00fa t\u00e1v\u00fa, strat\u00e9giai jelent\u0151s\u00e9g\u0171 ipari beruh\u00e1z\u00e1sok befogad\u00e1s\u00e1ra \u2013 jelentette ki Magyar P\u00e9ter. Besz\u00e9d\u00e9ben hangs\u00falyozta, hogy az \u00faj gy\u00e1r\u00e9p\u00fcletben nemcsak a termel\u00e9si kapacit\u00e1sok b\u0151v\u00fcl\u00e9se l\u00e1that\u00f3, hanem a magyar gazdas\u00e1g, tud\u00e1s \u00e9s innov\u00e1ci\u00f3s k\u00e9pess\u00e9g meger\u0151s\u00edt\u00e9se is. \u201eA Mercedes Benz egymilli\u00e1rd eur\u00f3t ruh\u00e1zott be ebbe az \u00faj gy\u00e1rba, ennek k\u00f6sz\u00f6nhet\u0151en a dupl\u00e1j\u00e1ra n\u0151 a termel\u00e9si kapacit\u00e1s, \u00e9s a gy\u00e1r jelent\u0151s\u00e9ge feler\u0151s\u00f6dik a glob\u00e1lis h\u00e1l\u00f3zatban is\u201d \u2013 tette hozz\u00e1.<\/p>\n<p>A k\u00e9tkezi munk\u00e1st ugyan\u00fagy megilleti a tisztes b\u00e9r, a munkahelyi biztons\u00e1g \u00e9s a pihen\u00e9s szabads\u00e1ga, ahogyan a topmenedzsert is<\/p>\n<p>\u2013 hangs\u00falyozta Magyar P\u00e9ter. Kijelentette: a korm\u00e1ny c\u00e9lja, hogy Magyarorsz\u00e1gon ne csak munka legyen, a tisztess\u00e9ggel elv\u00e9gzett munka a biztos meg\u00e9lhet\u00e9st is tegye lehet\u0151v\u00e9. K\u00f6z\u00f6lte: a korm\u00e1ny nem puszt\u00e1n termel\u0151kapacit\u00e1st l\u00e1t a kecskem\u00e9ti gy\u00e1rban, hanem lehet\u0151s\u00e9get arra, hogy a magyar v\u00e1llalatok min\u00e9l magasabb szinten tudjanak bekapcsol\u00f3dni azokba a l\u00e1ncolatokba, aminek a v\u00e9g\u00e9n egy \u00faj elektromos aut\u00f3 g\u00f6rd\u00fcl le a fut\u00f3szalagr\u00f3l. A magyar szaktud\u00e1snak \u00e9s a magyar innov\u00e1ci\u00f3nak komoly hozz\u00e1adott \u00e9rt\u00e9ke lehet \u00e9s lesz is, ez\u00e9rt a korm\u00e1ny c\u00e9lja, hogy a magyar kis- \u00e9s k\u00f6z\u00e9pv\u00e1llalkoz\u00e1sok is profit\u00e1ljanak az idetelep\u00fcl\u0151 \u00f3ri\u00e1si beruh\u00e1z\u00e1sokb\u00f3l \u2013 mondta, kiemelve: ebben nem csak a hazai v\u00e1llalkoz\u00e1soknak van feladatuk.<\/p>\n<p>Kecskem\u00e9t polg\u00e1rmestere nem volt ott, nem \u0151 a hib\u00e1s ebben.<\/p>\n","protected":false},"excerpt":{"rendered":"A korm\u00e1nyf\u0151 az interneten \u00e9l\u0151 bejelentkez\u00e9sekor a gy\u00e1r\u00e9p\u00fclet mellett \u00e1llva arr\u00f3l besz\u00e9lt, hogy a h\u00e9tf\u0151i \u00e1tad\u00e1st k\u00f6vet\u0151en az&hellip;\n","protected":false},"author":2,"featured_media":171493,"comment_status":"","ping_status":"","sticky":false,"template":"","format":"standard","meta":{"footnotes":"","_share_on_mastodon":"0"},"categories":[3],"tags":[107,106,105,42,5633,43,944,36526],"class_list":["post-171492","post","type-post","status-publish","format-standard","has-post-thumbnail","category-europa","tag-eu","tag-europa","tag-europe","tag-hungarian","tag-kecskemet","tag-magyar","tag-magyar-peter","tag-mercedes-gyar"],"share_on_mastodon":{"url":"https:\/\/pubeurope.com\/@hu\/116913407764935707","error":""},"_links":{"self":[{"href":"https:\/\/www.europesays.com\/hu\/wp-json\/wp\/v2\/posts\/171492","targetHints":{"allow":["GET"]}}],"collection":[{"href":"https:\/\/www.europesays.com\/hu\/wp-json\/wp\/v2\/posts"}],"about":[{"href":"https:\/\/www.europesays.com\/hu\/wp-json\/wp\/v2\/types\/post"}],"author":[{"embeddable":true,"href":"https:\/\/www.europesays.com\/hu\/wp-json\/wp\/v2\/users\/2"}],"replies":[{"embeddable":true,"href":"https:\/\/www.europesays.com\/hu\/wp-json\/wp\/v2\/comments?post=171492"}],"version-history":[{"count":0,"href":"https:\/\/www.europesays.com\/hu\/wp-json\/wp\/v2\/posts\/171492\/revisions"}],"wp:featuredmedia":[{"embeddable":true,"href":"https:\/\/www.europesays.com\/hu\/wp-json\/wp\/v2\/media\/171493"}],"wp:attachment":[{"href":"https:\/\/www.europesays.com\/hu\/wp-json\/wp\/v2\/media?parent=171492"}],"wp:term":[{"taxonomy":"category","embeddable":true,"href":"https:\/\/www.europesays.com\/hu\/wp-json\/wp\/v2\/categories?post=171492"},{"taxonomy":"post_tag","embeddable":true,"href":"https:\/\/www.europesays.com\/hu\/wp-json\/wp\/v2\/tags?post=171492"}],"curies":[{"name":"wp","href":"https:\/\/api.w.org\/{rel}","templated":true}]}}