{"id":171579,"date":"2026-07-13T17:00:10","date_gmt":"2026-07-13T17:00:10","guid":{"rendered":"https:\/\/www.europesays.com\/hu\/171579\/"},"modified":"2026-07-13T17:00:10","modified_gmt":"2026-07-13T17:00:10","slug":"betepett-kutya-miatt-riasztottak-a-hegyimentoket-csak-egy-bekes-turazasnak-indult-utazas","status":"publish","type":"post","link":"https:\/\/www.europesays.com\/hu\/171579\/","title":{"rendered":"Bet\u00e9pett kutya miatt riasztott\u00e1k a hegyiment\u0151ket: csak egy b\u00e9k\u00e9s t\u00far\u00e1z\u00e1snak indult &#8211; Utaz\u00e1s"},"content":{"rendered":"<p>Egy j\u00f3 kis h\u00e9tv\u00e9gi t\u00fara a kutyussal a friss leveg\u0151n: rohang\u00e1l\u00e1s, nagy szagl\u00e1sz\u00e1sok, felh\u0151tlen j\u00e1t\u00e9k. Csakhogy az erdei \u00f6sv\u00e9nyeken is olyan vesz\u00e9lyek is megb\u00fajhatnak, amire nem is gondoln\u00e1nk.<\/p>\n<p>Egy sk\u00f3ciai kir\u00e1ndul\u00e1s p\u00e9ld\u00e1ul igencsak eml\u00e9kezetesre \u00e9s ijeszt\u0151re siker\u00fclt, miut\u00e1n egy egy\u00e9bk\u00e9nt makkeg\u00e9szs\u00e9ges labrador hirtelen d\u00fcl\u00f6ng\u00e9lni kezdett, majd teljesen \u00f6sszeesett a s\u00e9ta k\u00f6zep\u00e9n.<\/p>\n<p>                        Bet\u00e9pett a kutya kir\u00e1ndul\u00e1s k\u00f6zben<\/p>\n<p>A Tokyo nev\u0171 kutyus kutyakik\u00e9pz\u0151 gazd\u00e1j\u00e1val v\u00e1gott neki a Ben Nevis meredek cs\u00facs\u00e1nak. Minden a legnagyobb rendben ment, \u00e1m a vissza\u00faton a 25 kil\u00f3s eb egyszer csak elvesz\u00edtette az uralmat a l\u00e1bai felett, s\u0151t az eszm\u00e9let\u00e9t is. A gazdi persze alaposan megijedt, hiszen a neh\u00e9z, szikl\u00e1s terepen es\u00e9lye sem volt egyed\u00fcl lecipelni a mozg\u00e1sk\u00e9ptelen kedvenc\u00e9t. Szerencs\u00e9re a helyi hegyiment\u0151k gyorsan a helysz\u00ednre siettek, \u00e9s hord\u00e1gyon juttatt\u00e1k le a kutyust egyenesen a legk\u00f6zelebbi \u00e1llatorvoshoz.<\/p>\n<p>                            <img decoding=\"async\" id=\"kep_szerkfoto_image_70451347\" src=\"https:\/\/www.europesays.com\/hu\/wp-content\/uploads\/2026\/07\/70451347_15e7f5e0a5c34e308963dbc3a981e866_wm.jpg\" loading=\"lazy\" alt=\"labrador turazas betepett\" data-image_width=\"1500\" data-image_height=\"1000\" width=\"1500\" height=\"1000\"\/><\/p>\n<p>Fot\u00f3: OlegMalyshev \/ Getty Images Hungary<\/p>\n<p>A dokik gyorsan \u00f6sszerakt\u00e1k a k\u00e9pet: Tokyo val\u00f3sz\u00edn\u0171leg egy felel\u0151tlen turista \u00e1ltal eldobott, THC-t tartalmaz\u00f3 kannabisz-maradv\u00e1nyt szippantott fel az \u00fat sz\u00e9l\u00e9r\u0151l. B\u00e1r a kutyus a gyors ell\u00e1t\u00e1snak k\u00f6sz\u00f6nhet\u0151en p\u00e1r nap alatt teljesen rendbej\u00f6tt, az eset komoly tanuls\u00e1ggal szolg\u00e1l minden \u00e1llatbar\u00e1tnak. A n\u00e9gyl\u00e1b\u00faak idegrendszere ugyanis sokkal \u00e9rz\u00e9kenyebb a mi\u00e9nkn\u00e9l, \u00edgy m\u00e1r egy apr\u00f3cska tiltott falat is komoly koordin\u00e1ci\u00f3s zavart, remeg\u00e9st, pupillat\u00e1gulatot vagy ak\u00e1r eszm\u00e9letveszt\u00e9st is okozhat n\u00e1luk.<\/p>\n<p>Az erd\u0151 sajnos nem steril, \u00e9s a felel\u0151tlen kir\u00e1ndul\u00f3k ut\u00e1n marad\u00f3 bulikell\u00e9kek, mint a cigicsikkek, nikotinp\u00e1rn\u00e1k, elhagyott gy\u00f3gyszerek, csokol\u00e1d\u00e9k vagy xilites r\u00e1g\u00f3k \u2013 mind m\u00e9rgez\u0151ek a kuty\u00e1k sz\u00e1m\u00e1ra. A legjobb fegyver a kez\u00fcnkben a tudatos nevel\u00e9s, vagyis ha megtan\u00edtjuk a kedvenc\u00fcnket, hogy a f\u00f6ldr\u0151l semmit se egyen fel, f\u0151leg a forgalmasabb pihen\u0151helyeken.\u00a0<\/p>\n<p>                                    <a href=\"https:\/\/femina.hu\/otthon\/megnyugtatja-a-kutyakat-a-zene\/\" title=\"\" rel=\"nofollow noopener\" target=\"_blank\"><br \/>\n                                    <img decoding=\"async\" src=\"https:\/\/www.europesays.com\/hu\/wp-content\/uploads\/2026\/07\/70297983_5186305_83097bfcb2e51991107c40800d461d6f_wm.jpg\" alt=\"\" title=\"\"\/><br \/>\n                                <\/a><\/p>\n<p>                                Meglep\u0151dsz, melyik a kuty\u00e1k kedvenc zen\u00e9je: ez nyugtatja meg \u0151ket igaz\u00e1n<\/p>\n<p class=\"lead\">Nem felt\u00e9tlen\u00fcl a kutyarelax\u00e1ci\u00f3s lej\u00e1tsz\u00e1si list\u00e1k fognak a legjobban bev\u00e1lni.<\/p>\n<p>                                <a href=\"https:\/\/femina.hu\/otthon\/megnyugtatja-a-kutyakat-a-zene\/\" class=\"btn btn-normal\" rel=\"nofollow noopener\" target=\"_blank\">Elolvasom<\/a><\/p>\n<p>\n                          Fot\u00f3k: Getty Images Hungary\n                        <\/p>\n<p><a href=\"https:\/\/dex.hu\/x.php?id=googlepref_desktop_femina&amp;url=https:\/\/google.com\/preferences\/source?q=https:\/\/femina.hu\/\" class=\"google-pref-banner \" id=\"googlePrefBanner\" rel=\"nofollow noopener\" target=\"_blank\"><\/p>\n<p>        \u00c1ll\u00edtsd be a Google keres\u0151j\u00e9t, hogy a tal\u00e1latok k\u00f6z\u00f6tt biztos ott legyen a Femina!    <\/p>\n<p><\/a><\/p>\n","protected":false},"excerpt":{"rendered":"Egy j\u00f3 kis h\u00e9tv\u00e9gi t\u00fara a kutyussal a friss leveg\u0151n: rohang\u00e1l\u00e1s, nagy szagl\u00e1sz\u00e1sok, felh\u0151tlen j\u00e1t\u00e9k. Csakhogy az erdei&hellip;\n","protected":false},"author":2,"featured_media":171580,"comment_status":"","ping_status":"","sticky":false,"template":"","format":"standard","meta":{"footnotes":"","_share_on_mastodon":"0"},"categories":[8],"tags":[4370,42,6546,917,43,23806,34,50143,674,94,93,92],"class_list":["post-171579","post","type-post","status-publish","format-standard","has-post-thumbnail","category-vilag","tag-hihetetlen-tortenet","tag-hungarian","tag-kirandulas","tag-kutya","tag-magyar","tag-marihuana","tag-news","tag-turak","tag-utazas","tag-vilag","tag-world","tag-world-news"],"share_on_mastodon":{"url":"https:\/\/pubeurope.com\/@hu\/116913742039379939","error":""},"_links":{"self":[{"href":"https:\/\/www.europesays.com\/hu\/wp-json\/wp\/v2\/posts\/171579","targetHints":{"allow":["GET"]}}],"collection":[{"href":"https:\/\/www.europesays.com\/hu\/wp-json\/wp\/v2\/posts"}],"about":[{"href":"https:\/\/www.europesays.com\/hu\/wp-json\/wp\/v2\/types\/post"}],"author":[{"embeddable":true,"href":"https:\/\/www.europesays.com\/hu\/wp-json\/wp\/v2\/users\/2"}],"replies":[{"embeddable":true,"href":"https:\/\/www.europesays.com\/hu\/wp-json\/wp\/v2\/comments?post=171579"}],"version-history":[{"count":0,"href":"https:\/\/www.europesays.com\/hu\/wp-json\/wp\/v2\/posts\/171579\/revisions"}],"wp:featuredmedia":[{"embeddable":true,"href":"https:\/\/www.europesays.com\/hu\/wp-json\/wp\/v2\/media\/171580"}],"wp:attachment":[{"href":"https:\/\/www.europesays.com\/hu\/wp-json\/wp\/v2\/media?parent=171579"}],"wp:term":[{"taxonomy":"category","embeddable":true,"href":"https:\/\/www.europesays.com\/hu\/wp-json\/wp\/v2\/categories?post=171579"},{"taxonomy":"post_tag","embeddable":true,"href":"https:\/\/www.europesays.com\/hu\/wp-json\/wp\/v2\/tags?post=171579"}],"curies":[{"name":"wp","href":"https:\/\/api.w.org\/{rel}","templated":true}]}}