{"id":172736,"date":"2026-07-14T16:33:12","date_gmt":"2026-07-14T16:33:12","guid":{"rendered":"https:\/\/www.europesays.com\/hu\/172736\/"},"modified":"2026-07-14T16:33:12","modified_gmt":"2026-07-14T16:33:12","slug":"index-futball-futball-vb-2026-355","status":"publish","type":"post","link":"https:\/\/www.europesays.com\/hu\/172736\/","title":{"rendered":"Index &#8211; Futball &#8211; Futball-vb 2026"},"content":{"rendered":"<p>A 20 angol bajnoki c\u00edm\u00e9vel a nagy riv\u00e1lis Liverpoollal (Szoboszlai Dominik, Kerkez Milos \u00e9s P\u00e9csi \u00c1rmin klubja) holtversenyben \u00e9llovas \u201ev\u00f6r\u00f6s \u00f6rd\u00f6g\u00f6k\u201d h\u00e9tf\u0151n hivatalosan is bejelentett\u00e9k Andrey Santos szerz\u0151dtet\u00e9s\u00e9t.<\/p>\n<p>A 22 \u00e9ves v\u00e9dekez\u0151\/bels\u0151 k\u00f6z\u00e9pp\u00e1ly\u00e1s 2021-ben, alig 16 \u00e9vesen deb\u00fct\u00e1lt a Vasco da Gama feln\u0151ttcsapat\u00e1ban, teljes\u00edtm\u00e9ny\u00e9vel pedig hamar felh\u00edvta mag\u00e1ra az eur\u00f3pai nagy csapatok figyelm\u00e9t. K\u00f6z\u00fcl\u00fck a Chelsea lett a befut\u00f3, a londoni klub 12,5 milli\u00f3 eur\u00f3\u00e9rt kaparintotta meg a fiatal brazil j\u00e1t\u00e9kjog\u00e1t, majd r\u00f6gvest vissza is k\u00fcldte nevel\u0151klubj\u00e1hoz, miel\u0151tt a Nottinghamnek \u00e9s a Strasbourgnak is k\u00f6lcs\u00f6nadta volna.<\/p>\n<p>Az el\u0151z\u0151 id\u00e9nyben azt\u00e1n m\u00e1r a Chelsea sz\u00edneiben szerepelt, 27 PL-tal\u00e1lkoz\u00f3n, \u00e9s \u00f6sszesen 43 t\u00e9tm\u00e9rk\u0151z\u00e9sen l\u00e9pett p\u00e1ly\u00e1ra, de ritk\u00e1n j\u00e1tszotta ezeket v\u00e9gig, 18-szor cser\u00e9lt\u00e9k be, 12-szer pedig le.<\/p>\n<p>Most a Manchester United 56,3 milli\u00f3 eur\u00f3t \u00e1ldozott a hatszoros brazil v\u00e1logatott megv\u00e9tel\u00e9re, akit\u0151l a k\u00f6z\u00e9pp\u00e1lya stabiliz\u00e1l\u00e1s\u00e1t v\u00e1rj\u00e1k.<\/p>\n<p>                        Hamarosan egy vb-szt\u00e1r is \u00e9rkezhet<\/p>\n<p>Mindek\u00f6zben egybehangz\u00f3 sajt\u00f3h\u00edrek szerint \u00e1tesett az orvosi vizsg\u00e1laton, \u00e9s hamarosan hivatalosan bemutatj\u00e1k az egy\u00fcttes \u00faj k\u00f6z\u00e9pp\u00e1ly\u00e1s\u00e1t, Youri Tielemanst is.<\/p>\n<p>A 90-szeres belga v\u00e1logatott k\u00f6z\u00e9pp\u00e1ly\u00e1s tagja volt a 2018-as vil\u00e1gbajnoki bronz\u00e9rmes g\u00e1rd\u00e1nak, az Anderlecht ut\u00e1np\u00f3tl\u00e1s\u00e1t kij\u00e1rva 2013-ban mutatkozott be a feln\u0151ttekn\u00e9l, majd 2017-ben szerz\u0151d\u00f6tt a Monac\u00f3hoz.<\/p>\n<p>A hercegs\u00e9gbeliekt\u0151l 2019-ben el\u0151bb k\u00f6lcs\u00f6nbe, majd v\u00e9gleg ker\u00fclt a Leicester Cityhez, a g\u00e1rd\u00e1val FA-kup\u00e1t \u00e9s angol Szuperkup\u00e1t is nyert, miel\u0151tt 2023-ban az Aston Villa kaparintotta meg. Az elm\u00falt \u00e9vekben remekl\u0151 birminghami egy\u00fcttessel \u00e9rte el klubkarrierje eddigi legnagyobb siker\u00e9t, nemr\u00e9giben Eur\u00f3pa-liga-gy\u0151ztes lett.<\/p>\n<p>                        Vannak az\u00e9rt t\u00e1voz\u00f3k is<\/p>\n<p>T\u00e1voz\u00f3 is akad az\u00e9rt az egy\u00fcttesn\u00e9l, Rasmus H\u00f6jlund nem tudta bev\u00e1ltani a hozz\u00e1 f\u0171z\u00f6tt haalandi rem\u00e9nyeket, 44 milli\u00f3\u00e9rt lett v\u00e9gleg a Napoli futballist\u00e1ja.<\/p>\n<p>A Real Madridt\u00f3l anno megszerzett\u00a0Casemiro \u00e9s a Dortmundt\u00f3l \u00f3ri\u00e1si p\u00e9nz\u00e9rt elcs\u00e1b\u00edtott\u00a0Jadon Sancho\u00a0sem marad az \u00faj id\u00e9nyre, mindk\u00e9t futballista szabadon igazolhat\u00f3k\u00e9nt t\u00e1vozik.<\/p>\n<p>\n                          (Bor\u00edt\u00f3k\u00e9p: Youri Tielemans, az Aston Villa j\u00e1t\u00e9kosa az UEFA Eur\u00f3pa-liga-tr\u00f3fe\u00e1val \u00fcnnepel 2026. m\u00e1jus 20-\u00e1n. Fot\u00f3: Angel Martinez \u2013 UEFA \/ Getty Images)\n                        <\/p>\n<p><a href=\"https:\/\/dex.hu\/x.php?id=googlepref_desktop&amp;url=https:\/\/google.com\/preferences\/source?q=https:\/\/index.hu\" class=\"google-pref-banner \" id=\"googlePrefBanner\" rel=\"nofollow noopener\" target=\"_blank\"><\/p>\n<p>    Itt \u00e1ll\u00edtsa be, hogy az Index az els\u0151k k\u00f6z\u00f6tt legyen a Google-tal\u00e1latokban!<\/p>\n<p><\/a><\/p>\n<p>                <a href=\"https:\/\/konyvek.index.hu\/\" target=\"_blank\" rel=\"nofollow noopener\"><br \/>\n                <img decoding=\"async\" src=\"https:\/\/index.hu\/assets\/images\/konyvajanlo\/book_indapress\/book_indapress_logo.svg\" loading=\"lazy\" alt=\"Inda Press Kiad\u00f3\"\/><br \/>\n                <\/a><\/p>\n<p>                <img decoding=\"async\" src=\"https:\/\/www.europesays.com\/hu\/wp-content\/uploads\/2026\/07\/1784046789_674_rossi.png\" loading=\"lazy\" alt=\"Rossi\"\/><\/p>\n<p>Ismerd meg a magyar labdar\u00fag\u00e1s h\u0151s\u00e9nek eml\u00e9kezetes pillanatait!<br \/>Folytassa, Mister!<\/p>\n<p>                <a class=\"book_index_btn\" href=\"https:\/\/indexadhu.hit.gemius.pl\/hitredir\/id=nSCbubuYpDWJZLZs0TssLrbt33Lk5kbipuiZrkg89G3.g7\/stparam=uciklwjurk\/fastid=efdamtuhsxcjschvtzobuxredglq\/nc=0\/url=https:\/\/www.indapresskiado.hu\/products\/marco-rossi?_pos=1&amp;_psq=rossi&amp;_ss=e&amp;_v=1.0\" target=\"_blank\" rel=\"nofollow noopener\">MEGVESZEM<\/a><\/p>\n<p>    <img loading=\"lazy\" decoding=\"async\" src=\"https:\/\/www.europesays.com\/hu\/wp-content\/uploads\/2026\/07\/1784046791_531_nc=0.gif\" border=\"0\" height=\"0\" width=\"0\"\/><\/p>\n<p>    <img decoding=\"async\" src=\"https:\/\/index.hu\/assets\/images\/social-follow\/logo-big.svg\" alt=\"Index.hu logo\"\/><\/p>\n<p>K\u00f6vesse az Indexet Facebookon is!<\/p>\n<p>    <a href=\"https:\/\/facebook.com\/Indexhu\" target=\"_blank\" rel=\"nofollow noopener\"><\/p>\n<p>        K\u00f6vetem!<br \/>\n    <\/a><\/p>\n","protected":false},"excerpt":{"rendered":"A 20 angol bajnoki c\u00edm\u00e9vel a nagy riv\u00e1lis Liverpoollal (Szoboszlai Dominik, Kerkez Milos \u00e9s P\u00e9csi \u00c1rmin klubja) holtversenyben&hellip;\n","protected":false},"author":2,"featured_media":172737,"comment_status":"","ping_status":"","sticky":false,"template":"","format":"standard","meta":{"footnotes":"","_share_on_mastodon":"0"},"categories":[14],"tags":[49015,50367,44,42,40,50368,43,41,1815,698,50366,45,131,48637],"class_list":["post-172736","post","type-post","status-publish","format-standard","has-post-thumbnail","category-sport","tag-andrey-santos","tag-casemiro","tag-hu","tag-hungarian","tag-hungary","tag-jadon-sancho","tag-magyar","tag-magyarorszag","tag-manchester-united","tag-premier-league","tag-rasmus-hojlund","tag-sport","tag-sports","tag-youri-tielemans"],"share_on_mastodon":{"url":"https:\/\/pubeurope.com\/@hu\/116919298223521973","error":""},"_links":{"self":[{"href":"https:\/\/www.europesays.com\/hu\/wp-json\/wp\/v2\/posts\/172736","targetHints":{"allow":["GET"]}}],"collection":[{"href":"https:\/\/www.europesays.com\/hu\/wp-json\/wp\/v2\/posts"}],"about":[{"href":"https:\/\/www.europesays.com\/hu\/wp-json\/wp\/v2\/types\/post"}],"author":[{"embeddable":true,"href":"https:\/\/www.europesays.com\/hu\/wp-json\/wp\/v2\/users\/2"}],"replies":[{"embeddable":true,"href":"https:\/\/www.europesays.com\/hu\/wp-json\/wp\/v2\/comments?post=172736"}],"version-history":[{"count":0,"href":"https:\/\/www.europesays.com\/hu\/wp-json\/wp\/v2\/posts\/172736\/revisions"}],"wp:featuredmedia":[{"embeddable":true,"href":"https:\/\/www.europesays.com\/hu\/wp-json\/wp\/v2\/media\/172737"}],"wp:attachment":[{"href":"https:\/\/www.europesays.com\/hu\/wp-json\/wp\/v2\/media?parent=172736"}],"wp:term":[{"taxonomy":"category","embeddable":true,"href":"https:\/\/www.europesays.com\/hu\/wp-json\/wp\/v2\/categories?post=172736"},{"taxonomy":"post_tag","embeddable":true,"href":"https:\/\/www.europesays.com\/hu\/wp-json\/wp\/v2\/tags?post=172736"}],"curies":[{"name":"wp","href":"https:\/\/api.w.org\/{rel}","templated":true}]}}