{"id":172756,"date":"2026-07-14T16:53:08","date_gmt":"2026-07-14T16:53:08","guid":{"rendered":"https:\/\/www.europesays.com\/hu\/172756\/"},"modified":"2026-07-14T16:53:08","modified_gmt":"2026-07-14T16:53:08","slug":"index-gazdasag-kecskemet-polgarmestere-szerint-magyar-peter-kellemetlen-helyzetbe-hozta-a-mercedes-gyarat","status":"publish","type":"post","link":"https:\/\/www.europesays.com\/hu\/172756\/","title":{"rendered":"Index &#8211; Gazdas\u00e1g &#8211; Kecskem\u00e9t polg\u00e1rmestere szerint Magyar P\u00e9ter kellemetlen helyzetbe hozta a Mercedes-gy\u00e1rat"},"content":{"rendered":"<p><a href=\"https:\/\/index.hu\/belfold\/2026\/07\/13\/mercedes-kecskemet-gyaravatas-magyar-peter-fidesz-szijjarto-peter\/\" id=\"hyperlink_166430c1639ae6afff4aaf7a3942fdc1\" target=\"_blank\" title=\"Magyar P\u00e9ter egy Mercedest vezetve \u00e9rkezett a gy\u00e1ravat\u00e1sra, vil\u00e1gviszonylatban is kiemelked\u0151 lett a kecskem\u00e9ti \u00fczem\" rel=\"nofollow noopener\">Magyar P\u00e9ter minisztereln\u00f6k r\u00e9szv\u00e9tel\u00e9vel adt\u00e1k \u00e1t a Mercedes \u00faj gy\u00e1rr\u00e9szleg\u00e9t Kecskem\u00e9ten<\/a>, amellyel a magyarorsz\u00e1gi \u00fczem a v\u00e1llalat m\u00e1sodik legnagyobb gy\u00e1r\u00e1v\u00e1 v\u00e1lt vil\u00e1gszerte. Az esem\u00e9ny azonban tartogatott egy nem v\u00e1rt fordulatot, ugyanis a minisztereln\u00f6k kifejezetten k\u00e9rte a v\u00e1ros polg\u00e1rmester\u00e9t, hogy <a href=\"https:\/\/index.hu\/gazdasag\/2026\/07\/13\/magyar-peter-kecskemet-szemereyne-pataki-klaudia-polgarmester-mercedes-gyar\/\" id=\"hyperlink_fb47e943a6957a77286ededb94c14998\" target=\"_blank\" title=\"Magyar P\u00e9ter arra k\u00e9rte a kecskem\u00e9ti polg\u00e1rmestert, ne vegyen r\u00e9szt a Mercedes-gy\u00e1r \u00e1tad\u00e1s\u00e1n\" rel=\"nofollow noopener\">ne vegyen r\u00e9szt az \u00e1tad\u00f3 \u00fcnneps\u00e9gen<\/a>. Szemereyn\u00e9 Pataki Klaudia egy nappal k\u00e9s\u0151bb \u00fczent a <a href=\"https:\/\/www.facebook.com\/100057086425378\/posts\/1605285738050958\/?rdid=d5E5FE7RQH22oLli#\" id=\"hyperlink_bcfc150ef9ac42602ad44c41a25e26b0\" rel=\"nofollow noopener\" target=\"_blank\">Facebookon<\/a>, \u00fajabb r\u00e9szleteket el\u00e1rulva Magyar P\u00e9ter d\u00f6nt\u00e9s\u00e9r\u0151l.\u00a0<\/p>\n<p>Magyar P\u00e9ter minisztereln\u00f6k \u00far k\u00e9r\u00e9se nem direktben, hanem a Mercedes gy\u00e1r vezet\u00e9s\u00e9n kereszt\u00fcl \u00e9rkezett. P\u00e9ntek d\u00e9lut\u00e1n szem\u00e9lyesen a gy\u00e1rigazgat\u00f3 h\u00edvott fel azzal, hogy olyan emailt kaptak, amelyben egy\u00e9rtelm\u0171en le van \u00edrva, miszerint sem az \u00e9n, sem a munkat\u00e1rsaim jelenl\u00e9te nem k\u00edv\u00e1natos a hivatalos megnyit\u00f3n.\u00a0Mindenkinek sz\u00edve joga eld\u00f6nteni, hogy ezt mik\u00e9nt \u00e9rt\u00e9keli<\/p>\n<p>\u2013 osztotta meg a v\u00e1rosvezet\u0151, majd\u00a0k\u00f6z\u00f6lte, koll\u00e9g\u00e1it is az aut\u00f3konszernt\u0151l h\u00edvt\u00e1k fel: \u201eA munkat\u00e1rsaimat is szem\u00e9lyesen h\u00edvt\u00e1k fel a Mercedest\u0151l \u00e9s \u0151ket is k\u00e9rt\u00e9k, hogy az el\u0151zetes megh\u00edv\u00e1s ellen\u00e9re ne jelenjenek meg a rendezv\u00e9nyen. Olyan k\u00f6ztisztvisel\u0151kr\u0151l van sz\u00f3, akik kiz\u00e1r\u00f3lag szakmai egyeztet\u00e9sekben dolgoznak 18 \u00e9ve a <a href=\"https:\/\/index.hu\/gazdasag\/2026\/07\/13\/magyar-peter-mercedes-c-osztaly-kecskemet-limuzin-gyaratado-fidesz\/\" id=\"hyperlink_0dae90513ef83996ce35b6b06ce85b76\" target=\"_blank\" title=\"Magyarorsz\u00e1g elhappolta N\u00e9metorsz\u00e1g b\u00fcszkes\u00e9g\u00e9t, a Fidesz helyett Magyar P\u00e9ter aratja le a bab\u00e9rokat\" data-recommendation=\"bekezdes_utan\" data-recommendation-preview=\"{&quot;og:title&quot;:&quot;Magyarorsz\u00e1g elhappolta N\u00e9metorsz\u00e1g b\u00fcszkes\u00e9g\u00e9t, a Fidesz helyett Magyar P\u00e9ter aratja le a bab\u00e9rokat&quot;,&quot;og:description&quot;:&quot;A Mercedes cs\u00facsvezet\\u0151i elmondt\u00e1k, mire k\u00e9sz\u00fclnek Kecskem\u00e9ten.&quot;,&quot;og:image&quot;:&quot;\\\/\\\/kep.cdn.indexvas.hu\\\/1\\\/0\\\/7044\\\/70446\\\/704462\\\/70446215_5197095_b4691d23d1693e4e7bc865acf8fad2cb_wm.jpg&quot;}\" data-recommendation-id=\"6245377\" rel=\"nofollow noopener\">Mercedes gy\u00e1rral<\/a>\u201d.<\/p>\n<p>Ezek ut\u00e1n rem\u00e9lem meg\u00e9rtik, hogy ez nem az \u00e9n szem\u00e9lyemr\u0151l sz\u00f3l, hanem a munkat\u00e1rsaimr\u00f3l, a kecskem\u00e9tiekr\u0151l \u00e9s nem utols\u00f3 sorban a Mercedes gy\u00e1rr\u00f3l. Ez az eset a Mercedesnek a legkellemetlenebb, \u0151k ilyenekhez nem szoktak hozz\u00e1, ilyenre nem volt m\u00e9g p\u00e9lda. Mert Magyar P\u00e9ter minisztereln\u00f6k \u00far visszament a f\u0151v\u00e1rosba, de a Mercedes \u00e9s az \u00f6nkorm\u00e1nyzat itt marad, tov\u00e1bbra is egy\u00fctt kell dolgoznunk, \u00e9s ez az eset nem fogja be\u00e1rny\u00e9kolni a kapcsolatunkat. Nem hagyom, hogy be\u00e1rny\u00e9kolja<\/p>\n<p>\u2013 fogalmazott a polg\u00e1rmester, majd azt is el\u00e1rulta, hogy a Tisza orsz\u00e1ggy\u0171l\u00e9si k\u00e9pvisel\u0151j\u00e9vel, Moln\u00e1r J\u00e1nossal megindult a szakmai egy\u00fcttm\u0171k\u00f6d\u00e9s.<\/p>\n<p>Szemereyn\u00e9 arr\u00f3l is besz\u00e9lt, hogy Magyar P\u00e9ter k\u00f6zp\u00e9nztolvajnak nevezte, ami \u201enyilv\u00e1nval\u00f3an b\u00fcntet\u0151jogi k\u00f6vetkezm\u00e9nyekkel j\u00e1r\u00f3 cselekedet\u201d. \u00dczenget\u00e9sbe nem k\u00edv\u00e1nt belemenni, de a v\u00e1dakat visszautas\u00edtotta, illetve elmond\u00e1sa szerint \u0151 maga is v\u00e1rja a hat\u00f3s\u00e1gi vizsg\u00e1lat befejez\u00e9s\u00e9t.<\/p>\n<p>\n                          (Bor\u00edt\u00f3k\u00e9p: Szemereyn\u00e9 Pataki Klaudia 2021. augusztus 5-\u00e9n. Fot\u00f3: Bodn\u00e1r Patr\u00edcia \/ Index)\n                        <\/p>\n<p><a href=\"https:\/\/dex.hu\/x.php?id=googlepref_desktop&amp;url=https:\/\/google.com\/preferences\/source?q=https:\/\/index.hu\" class=\"google-pref-banner \" id=\"googlePrefBanner\" rel=\"nofollow noopener\" target=\"_blank\"><\/p>\n<p>    Itt \u00e1ll\u00edtsa be, hogy az Index az els\u0151k k\u00f6z\u00f6tt legyen a Google-tal\u00e1latokban!<\/p>\n<p><\/a><\/p>\n<p>    <img decoding=\"async\" src=\"https:\/\/index.hu\/assets\/images\/social-follow\/logo-big.svg\" alt=\"Index.hu logo\"\/><\/p>\n<p>K\u00f6vesse az Indexet Facebookon is!<\/p>\n<p>    <a href=\"https:\/\/facebook.com\/Indexhu\" target=\"_blank\" rel=\"nofollow noopener\"><\/p>\n<p>        K\u00f6vetem!<br \/>\n    <\/a><\/p>\n","protected":false},"excerpt":{"rendered":"Magyar P\u00e9ter minisztereln\u00f6k r\u00e9szv\u00e9tel\u00e9vel adt\u00e1k \u00e1t a Mercedes \u00faj gy\u00e1rr\u00e9szleg\u00e9t Kecskem\u00e9ten, amellyel a magyarorsz\u00e1gi \u00fczem a v\u00e1llalat m\u00e1sodik&hellip;\n","protected":false},"author":2,"featured_media":172757,"comment_status":"","ping_status":"","sticky":false,"template":"","format":"standard","meta":{"footnotes":"","_share_on_mastodon":"0"},"categories":[6],"tags":[63,44,42,40,5633,43,944,41,494],"class_list":["post-172756","post","type-post","status-publish","format-standard","has-post-thumbnail","category-magyarorszag","tag-gazdasag","tag-hu","tag-hungarian","tag-hungary","tag-kecskemet","tag-magyar","tag-magyar-peter","tag-magyarorszag","tag-mercedes"],"share_on_mastodon":{"url":"https:\/\/pubeurope.com\/@hu\/116919377009785240","error":""},"_links":{"self":[{"href":"https:\/\/www.europesays.com\/hu\/wp-json\/wp\/v2\/posts\/172756","targetHints":{"allow":["GET"]}}],"collection":[{"href":"https:\/\/www.europesays.com\/hu\/wp-json\/wp\/v2\/posts"}],"about":[{"href":"https:\/\/www.europesays.com\/hu\/wp-json\/wp\/v2\/types\/post"}],"author":[{"embeddable":true,"href":"https:\/\/www.europesays.com\/hu\/wp-json\/wp\/v2\/users\/2"}],"replies":[{"embeddable":true,"href":"https:\/\/www.europesays.com\/hu\/wp-json\/wp\/v2\/comments?post=172756"}],"version-history":[{"count":0,"href":"https:\/\/www.europesays.com\/hu\/wp-json\/wp\/v2\/posts\/172756\/revisions"}],"wp:featuredmedia":[{"embeddable":true,"href":"https:\/\/www.europesays.com\/hu\/wp-json\/wp\/v2\/media\/172757"}],"wp:attachment":[{"href":"https:\/\/www.europesays.com\/hu\/wp-json\/wp\/v2\/media?parent=172756"}],"wp:term":[{"taxonomy":"category","embeddable":true,"href":"https:\/\/www.europesays.com\/hu\/wp-json\/wp\/v2\/categories?post=172756"},{"taxonomy":"post_tag","embeddable":true,"href":"https:\/\/www.europesays.com\/hu\/wp-json\/wp\/v2\/tags?post=172756"}],"curies":[{"name":"wp","href":"https:\/\/api.w.org\/{rel}","templated":true}]}}