{"id":173259,"date":"2026-07-15T05:18:16","date_gmt":"2026-07-15T05:18:16","guid":{"rendered":"https:\/\/www.europesays.com\/hu\/173259\/"},"modified":"2026-07-15T05:18:16","modified_gmt":"2026-07-15T05:18:16","slug":"europa-megkezdte-a-targyalasok-masodik-szakaszat-ukrajnaval","status":"publish","type":"post","link":"https:\/\/www.europesays.com\/hu\/173259\/","title":{"rendered":"Eur\u00f3pa megkezdte a t\u00e1rgyal\u00e1sok m\u00e1sodik szakasz\u00e1t Ukrajn\u00e1val."},"content":{"rendered":"<p><img decoding=\"async\" title=\"Eur\u00f3pa megkezdte a t\u00e1rgyal\u00e1sok m\u00e1sodik szakasz\u00e1t Ukrajn\u00e1val.\" data-socail-link=\"https:\/\/baoangiang.com.vn\/chau-au-mo-giai-doan-2-dam-phan-voi-ukraine-a492574.html\" class=\"zoomimg zoomimg2\" alt=\"\" src=\"https:\/\/www.europesays.com\/hu\/wp-content\/uploads\/2026\/07\/1784086349954_baoangiang-20-2-_mpg_000019080.jpeg\" style=\"width: 1600px; height: 900px;;cursor:pointer\"\/><\/p>\n<p data-state=\"italic\" style=\"text-align: center; font-style: italic;\"> A j\u00falius 14-i \u00fcl\u00e9sszakon az EU miniszterei biztons\u00e1g-, v\u00e9delem- \u00e9s k\u00fclpolitik\u00e1r\u00f3l t\u00e1rgyaltak ukr\u00e1n koll\u00e9g\u00e1ikkal . (Vide\u00f3b\u00f3l kiv\u00e1gott k\u00e9p)<\/p>\n<p> Ahhoz, hogy Kijev az EU tag\u00e1llama lehessen, az \u00f6sszes uni\u00f3s tag\u00e1llam egyhang\u00fa beleegyez\u00e9s\u00e9re van sz\u00fcks\u00e9g.<\/p>\n<p> Az elemz\u0151k szerint az el\u00e9rt halad\u00e1s ellen\u00e9re a tal\u00e1lkoz\u00f3 l\u00e1tsz\u00f3lag nem v\u00e1ltotta be sem <a class=\"data-link\" data-org-href=\"https:\/\/www.vietnam.vn\/tag\/ukraine\" href=\"https:\/\/www.vietnam.vn\/tag\/ukraine\" title=\"Ukrajna\" target=\"_blank\" rel=\"nofollow noopener\">Ukrajna<\/a> , sem az EU elv\u00e1r\u00e1sait azzal kapcsolatban, hogy minden k\u00e9rd\u00e9sben megkezd\u0151djenek a t\u00e1rgyal\u00e1sok az eur\u00f3pai ny\u00e1ri sz\u00fcnet el\u0151tt, k\u00fcl\u00f6n\u00f6sen mivel Kijev nem az egyetlen EU-tagjel\u00f6lt, amely el\u0151rel\u00e9p\u00e9st \u00e9rt el a csatlakoz\u00e1si t\u00e1rgyal\u00e1sokon. Moldova, Montenegr\u00f3 \u00e9s Alb\u00e1nia is jelenleg azon dolgozik, hogy kiterjessze uni\u00f3s tags\u00e1gi p\u00e1ly\u00e1zat\u00e1t.<\/p>\n<p style=\"text-align: right;\"> RG<\/p>\n","protected":false},"excerpt":{"rendered":"A j\u00falius 14-i \u00fcl\u00e9sszakon az EU miniszterei biztons\u00e1g-, v\u00e9delem- \u00e9s k\u00fclpolitik\u00e1r\u00f3l t\u00e1rgyaltak ukr\u00e1n koll\u00e9g\u00e1ikkal . (Vide\u00f3b\u00f3l kiv\u00e1gott k\u00e9p)&hellip;\n","protected":false},"author":2,"featured_media":173260,"comment_status":"","ping_status":"","sticky":false,"template":"","format":"standard","meta":{"footnotes":"","_share_on_mastodon":"0"},"categories":[3],"tags":[44227,44229,44226,107,106,105,42,43,44230,44228,40223,58],"class_list":["post-173259","post","type-post","status-publish","format-standard","has-post-thumbnail","category-europa","tag-apec-2027","tag-egy-giang","tag-egy-giang-ujsag","tag-eu","tag-europa","tag-europe","tag-hungarian","tag-magyar","tag-phu-quoc","tag-rach-gia","tag-targyalni","tag-ukrajna"],"share_on_mastodon":{"url":"https:\/\/pubeurope.com\/@hu\/116922306460357021","error":""},"_links":{"self":[{"href":"https:\/\/www.europesays.com\/hu\/wp-json\/wp\/v2\/posts\/173259","targetHints":{"allow":["GET"]}}],"collection":[{"href":"https:\/\/www.europesays.com\/hu\/wp-json\/wp\/v2\/posts"}],"about":[{"href":"https:\/\/www.europesays.com\/hu\/wp-json\/wp\/v2\/types\/post"}],"author":[{"embeddable":true,"href":"https:\/\/www.europesays.com\/hu\/wp-json\/wp\/v2\/users\/2"}],"replies":[{"embeddable":true,"href":"https:\/\/www.europesays.com\/hu\/wp-json\/wp\/v2\/comments?post=173259"}],"version-history":[{"count":0,"href":"https:\/\/www.europesays.com\/hu\/wp-json\/wp\/v2\/posts\/173259\/revisions"}],"wp:featuredmedia":[{"embeddable":true,"href":"https:\/\/www.europesays.com\/hu\/wp-json\/wp\/v2\/media\/173260"}],"wp:attachment":[{"href":"https:\/\/www.europesays.com\/hu\/wp-json\/wp\/v2\/media?parent=173259"}],"wp:term":[{"taxonomy":"category","embeddable":true,"href":"https:\/\/www.europesays.com\/hu\/wp-json\/wp\/v2\/categories?post=173259"},{"taxonomy":"post_tag","embeddable":true,"href":"https:\/\/www.europesays.com\/hu\/wp-json\/wp\/v2\/tags?post=173259"}],"curies":[{"name":"wp","href":"https:\/\/api.w.org\/{rel}","templated":true}]}}