{"id":173799,"date":"2026-07-15T14:04:12","date_gmt":"2026-07-15T14:04:12","guid":{"rendered":"https:\/\/www.europesays.com\/hu\/173799\/"},"modified":"2026-07-15T14:04:12","modified_gmt":"2026-07-15T14:04:12","slug":"vonat-tetejere-maszott-aramutes-erte-brutalis-kepekkel-uzen-a-magyar-fiu-gyerek","status":"publish","type":"post","link":"https:\/\/www.europesays.com\/hu\/173799\/","title":{"rendered":"Vonat tetej\u00e9re m\u00e1szott, \u00e1ram\u00fct\u00e9s \u00e9rte: brut\u00e1lis k\u00e9pekkel \u00fczen a magyar fi\u00fa &#8211; Gyerek"},"content":{"rendered":"<p>Az idei ny\u00e1ron m\u00e1r t\u00f6bb olyan s\u00falyos, magas fesz\u00fclts\u00e9g\u0171 vezet\u00e9k okozta \u00e1ram\u00fct\u00e9s, hal\u00e1leset szerepelt a h\u00edrekben, melyben vonat tetej\u00e9re m\u00e1sz\u00f3 fiatalok \u00e9rintettek. A legut\u00f3bbi\u00a0m\u00falt p\u00e9nteken t\u00f6rt\u00e9nt a budapesti Budafok\u2013H\u00e1ros vas\u00fat\u00e1llom\u00e1son:\u00a0egy <a href=\"https:\/\/index.hu\/belfold\/2026\/07\/12\/vonat-aramutes-vasuti-vagon-budafok-halalos-aldozat-fiatalok-megeges\/\" id=\"hyperlink_2b5da0838d6e6a8b21762d5e40ce2640\" rel=\"nofollow noopener\" target=\"_blank\" title=\"Meghalt egy 17 \u00e9ves fi\u00fa, miut\u00e1n t\u00e1rs\u00e1val felm\u00e1szott egy tehervagon tetej\u00e9re Budapesten\">17 \u00e9ves fi\u00fa \u00e9let\u00e9t vesztette, egy 16 \u00e9ves l\u00e1ny test\u00e9nek 70%-a meg\u00e9gett<\/a>. A magas fesz\u00fclts\u00e9g okozta \u00e9g\u00e9si s\u00e9r\u00fcl\u00e9sek eset\u00e9ben a t\u00fal\u00e9l\u00e9s is \u00e9veken \u00e1t tart\u00f3 rehabilit\u00e1ci\u00f3val, sz\u00e1mos f\u00e1jdalommal \u00e9s m\u0171t\u00e9ttel j\u00e1r egy\u00fctt.<\/p>\n<p>                        A vonat tetej\u00e9re m\u00e1sz\u00f3 Soma rehabilit\u00e1ci\u00f3ja 4 \u00e9ve tart<\/p>\n<p>Az elm\u00falt hetekben sz\u00e1mos szakember felh\u00edvta m\u00e1r a figyelmet a magas fesz\u00fclts\u00e9g\u0171 vezet\u00e9kek azon saj\u00e1toss\u00e1g\u00e1ra, hogy a trag\u00e9dia bek\u00f6vetkez\u00e9s\u00e9hez m\u00e9g az sem sz\u00fcks\u00e9ges, hogy valaki meg\u00e9rintse a vezet\u00e9ket: a\u00a0mintegy 25 ezer voltos \u00e1ram ak\u00e1r <a href=\"http:\/\/femina.hu\/gyerek\/aramutes-erintes-nelkul-bethesda-gyermekkorhaz-figyelmeztetes\/\" id=\"hyperlink_2a1765ddfbcbb420412b892d604efef8\" target=\"_blank\" title=\"\u00dagy is \u00e9rhet \u00e1ram\u00fct\u00e9s, hogy hozz\u00e1 sem \u00e9rsz a vezet\u00e9khez - A Bethesda Gyermekk\u00f3rh\u00e1z figyelmeztet\" rel=\"nofollow noopener\">egy-m\u00e1sf\u00e9l m\u00e9teres t\u00e1vols\u00e1gb\u00f3l is \u00e1th\u00fazhat a leveg\u0151n kereszt\u00fcl<\/a>. Ez \u00e1ltal\u00e1ban villanyoszlopra vagy vas\u00fati kocsi tetej\u00e9re m\u00e1sz\u00e1s k\u00f6vetkezt\u00e9ben t\u00f6rt\u00e9nhet meg.<\/p>\n<p>A Bethesda Gyermekk\u00f3rh\u00e1z legfrissebb posztj\u00e1ban egy fiatal fi\u00fa \u00fczen, akit n\u00e9gy \u00e9vvel ezel\u0151tt \u00e9rt \u00e1ram\u00fct\u00e9s, miut\u00e1n bar\u00e1tja ut\u00e1n m\u00e1szott egy vas\u00fati kocsi tetej\u00e9re:<\/p>\n<p>&#8222;Soma 15 \u00e9ves volt, amikor a s\u00e1rospataki vas\u00fat\u00e1llom\u00e1son \u00f6r\u00f6kre megv\u00e1ltozott az \u00e9lete.\u00a0Bar\u00e1tja felm\u00e1szott egy tehervagon tetej\u00e9re, ahol v\u00e9gzetes \u00e1ram\u00fct\u00e9s \u00e9rte. Soma haboz\u00e1s n\u00e9lk\u00fcl ut\u00e1na indult, hogy megmentse, mik\u00f6zben a saj\u00e1t \u00e9lete is vesz\u00e9lybe ker\u00fclt: s\u00falyos \u00e1ram\u00fct\u00e9st szenvedett an\u00e9lk\u00fcl, hogy a vezet\u00e9khez \u00e9rt volna, test\u00e9nek t\u00f6bb mint 50 sz\u00e1zal\u00e9ka meg\u00e9gett.&#8221; &#8211; \u00edrj\u00e1k a k\u00f3rh\u00e1z Facebook oldal\u00e1n.<\/p>\n<p>\n                          &#8222;Vonat tetej\u00e9re m\u00e1szni nem vag\u00e1ny&#8221;\n                        <\/p>\n<p>&#8211;\u00a0Mindig, minden k\u00f6r\u00fclm\u00e9nyek k\u00f6z\u00f6tt a lehet\u0151 legt\u00e1volabb legyetek a nagyfesz\u00fclts\u00e9gt\u0151l, rengeteg vag\u00e1ny dolog van a vil\u00e1gban, de vonat tetej\u00e9re m\u00e1szni, vagy nagyfesz\u00fclts\u00e9g\u0171 vezet\u00e9ket megk\u00f6zel\u00edteni nem vag\u00e1ny! \u2013 \u00fczeni Soma a fiataloknak.<\/p>\n<p>                                    <a href=\"https:\/\/femina.hu\/gyerek\/one-alapitvany-fajdalomcsokkentes-bethesda-gyermekkorhaz-vr-tevhnologa\/\" title=\"\" rel=\"nofollow noopener\" target=\"_blank\"><br \/>\n                                    <img decoding=\"async\" src=\"https:\/\/www.europesays.com\/hu\/wp-content\/uploads\/2026\/07\/1784124251_433_69719649_5144475_8abd6f1fa1774871be06ada849536a9b_wm.jpg\" alt=\"\" title=\"\"\/><br \/>\n                                <\/a><\/p>\n<p>                                Virtu\u00e1lis val\u00f3s\u00e1g a gyermekorvosl\u00e1sban: gy\u00f3gyszermentes seg\u00edts\u00e9g a f\u00e1jdalom el<\/p>\n<p class=\"lead\">A digitaliz\u00e1ci\u00f3, a technol\u00f3gia felhaszn\u00e1l\u00e1si k\u00f6re egyre ink\u00e1bb kiterjed \u00e9s a One Alap\u00edtv\u00e1ny k\u00f6zrem\u0171k\u00f6d\u00e9s\u00e9vel most m\u00e1r a beteg gyerekek orvosi kezel\u00e9se is z\u00f6kken\u0151mentesebb\u00e9 v\u00e1lik a VR-eszk\u00f6z\u00f6knek \u00e9s m\u00f3dszertannak k\u00f6sz\u00f6nhet\u0151en.<\/p>\n<p>                                <a href=\"https:\/\/femina.hu\/gyerek\/one-alapitvany-fajdalomcsokkentes-bethesda-gyermekkorhaz-vr-tevhnologa\/\" class=\"btn btn-normal\" rel=\"nofollow noopener\" target=\"_blank\">Elolvasom<\/a><\/p>\n<p>                                    <img loading=\"lazy\" decoding=\"async\" src=\"https:\/\/www.europesays.com\/hu\/wp-content\/uploads\/2026\/07\/1784124252_276_69438631_1f27342f2cf6a098516eb11de6d71ad5_wm.jpg\" width=\"198\" height=\"256\" alt=\"\"\/><br \/>\n                            \t    \tAz illatok ter\u00e1pi\u00e1s ereje<\/p>\n<p>M\u00e1r <a href=\"https:\/\/www.indapresskiado.hu\/products\/a-lathatatlan-gyogyito\" rel=\"nofollow noopener\" target=\"_blank\">megv\u00e1s\u00e1rolhat\u00f3<\/a>\u00a0a Femina els\u0151 k\u00f6nyve:\u00a0<\/p>\n<p>A l\u00e1thatatlan gy\u00f3gy\u00edt\u00f3<\/p>\n<p>Moln\u00e1r \u00c9va k\u00f6tete egy k\u00fcl\u00f6nleges utaz\u00e1sra h\u00edv az illatok gy\u00f3gy\u00edt\u00f3 vil\u00e1g\u00e1ba \u2014 az \u00f3kori f\u00fcst\u00f6l\u0151kt\u0151l eg\u00e9szen a modern olfakt\u00edv ter\u00e1pi\u00e1ig.<br \/>Hogyan hatnak r\u00e1nk az illatok? Mi\u00e9rt kapcsol\u00f3dik \u00f6ssze ennyire m\u00e9lyen az eml\u00e9kezet, a l\u00e9lek \u00e9s a szagl\u00e1s? \u00c9s hogyan seg\u00edthetnek az illatok a testi-lelki harm\u00f3nia megtal\u00e1l\u00e1s\u00e1ban?\u00a0<\/p>\n<p class=\"promocio\">Prom\u00f3ci\u00f3<\/p>\n<p>\n                          K\u00e9p: Getty Images\n                        <\/p>\n<p><a href=\"https:\/\/dex.hu\/x.php?id=googlepref_desktop_femina&amp;url=https:\/\/google.com\/preferences\/source?q=https:\/\/femina.hu\/\" class=\"google-pref-banner \" id=\"googlePrefBanner\" rel=\"nofollow noopener\" target=\"_blank\"><\/p>\n<p>        \u00c1ll\u00edtsd be a Google keres\u0151j\u00e9t, hogy a tal\u00e1latok k\u00f6z\u00f6tt biztos ott legyen a Femina!    <\/p>\n<p><\/a><\/p>\n","protected":false},"excerpt":{"rendered":"Az idei ny\u00e1ron m\u00e1r t\u00f6bb olyan s\u00falyos, magas fesz\u00fclts\u00e9g\u0171 vezet\u00e9k okozta \u00e1ram\u00fct\u00e9s, hal\u00e1leset szerepelt a h\u00edrekben, melyben vonat&hellip;\n","protected":false},"author":2,"featured_media":173800,"comment_status":"","ping_status":"","sticky":false,"template":"","format":"standard","meta":{"footnotes":"","_share_on_mastodon":"0"},"categories":[6],"tags":[3768,469,19267,10391,2132,44,42,40,43,41,3403],"class_list":["post-173799","post","type-post","status-publish","format-standard","has-post-thumbnail","category-magyarorszag","tag-aram","tag-baleset","tag-bethesda-gyermekkorhaz","tag-elektromos","tag-gyerek","tag-hu","tag-hungarian","tag-hungary","tag-magyar","tag-magyarorszag","tag-vonat"],"share_on_mastodon":{"url":"https:\/\/pubeurope.com\/@hu\/116924374697148138","error":""},"_links":{"self":[{"href":"https:\/\/www.europesays.com\/hu\/wp-json\/wp\/v2\/posts\/173799","targetHints":{"allow":["GET"]}}],"collection":[{"href":"https:\/\/www.europesays.com\/hu\/wp-json\/wp\/v2\/posts"}],"about":[{"href":"https:\/\/www.europesays.com\/hu\/wp-json\/wp\/v2\/types\/post"}],"author":[{"embeddable":true,"href":"https:\/\/www.europesays.com\/hu\/wp-json\/wp\/v2\/users\/2"}],"replies":[{"embeddable":true,"href":"https:\/\/www.europesays.com\/hu\/wp-json\/wp\/v2\/comments?post=173799"}],"version-history":[{"count":0,"href":"https:\/\/www.europesays.com\/hu\/wp-json\/wp\/v2\/posts\/173799\/revisions"}],"wp:featuredmedia":[{"embeddable":true,"href":"https:\/\/www.europesays.com\/hu\/wp-json\/wp\/v2\/media\/173800"}],"wp:attachment":[{"href":"https:\/\/www.europesays.com\/hu\/wp-json\/wp\/v2\/media?parent=173799"}],"wp:term":[{"taxonomy":"category","embeddable":true,"href":"https:\/\/www.europesays.com\/hu\/wp-json\/wp\/v2\/categories?post=173799"},{"taxonomy":"post_tag","embeddable":true,"href":"https:\/\/www.europesays.com\/hu\/wp-json\/wp\/v2\/tags?post=173799"}],"curies":[{"name":"wp","href":"https:\/\/api.w.org\/{rel}","templated":true}]}}