{"id":173955,"date":"2026-07-15T16:48:08","date_gmt":"2026-07-15T16:48:08","guid":{"rendered":"https:\/\/www.europesays.com\/hu\/173955\/"},"modified":"2026-07-15T16:48:08","modified_gmt":"2026-07-15T16:48:08","slug":"after-ilyet-csak-a-foci-csinal-egy-popszammal","status":"publish","type":"post","link":"https:\/\/www.europesays.com\/hu\/173955\/","title":{"rendered":"After: Ilyet csak a foci csin\u00e1l egy popsz\u00e1mmal"},"content":{"rendered":"<p>\u201eHol a fa**ba lenn\u00e9nk a Wonderwall n\u00e9lk\u00fcl. Hol lenn\u00e9nk? Sz\u0151nyegeket, vagy valami hasonl\u00f3 szart \u00e1ruln\u00e1nk\u201d<\/p>\n<p>\u2013 Liam Gallagher, korunk nagy gondolkod\u00f3ja \u00e9s k\u00f6lt\u0151je az Oasis visszat\u00e9r\u0151 turn\u00e9j\u00e1nak <a href=\"https:\/\/www.youtube.com\/watch?v=ajHr7fEmfms\" target=\"_blank\" rel=\"nofollow noopener\">dublini \u00e1llom\u00e1s\u00e1n<\/a> \u00edgy konfer\u00e1lta fel a Wonderwallt, a zenekar legh\u00edresebb dal\u00e1t, ami a foci-vb-n most m\u00e1r minden m\u00e1s sz\u00e1mot elhom\u00e1lyos\u00edt, azokat is, amiket a <a href=\"https:\/\/telex.hu\/after\/2026\/06\/12\/shakira-fifa-foci-vb-dai-dai-jotekonysag-jogdij\" target=\"_blank\" rel=\"nofollow noopener\">FIFA nyomna le a torkunkon<\/a>. A mindig is szofisztik\u00e1lt megsz\u00f3lal\u00e1sair\u00f3l \u00e9s visszafogotts\u00e1g\u00e1r\u00f3l ismert el\u0151ad\u00f3 a jelek szerint az ut\u00f3bbi \u00e9vekben megb\u00e9k\u00e9lt a dallal, amit az Oasis sz\u00e9tes\u00e9sekor m\u00e1r annyira ut\u00e1lt, hogy saj\u00e1t bevall\u00e1sa szerint*<\/p>\n<p>A cikkhez felhaszn\u00e1lt forr\u00e1s: Ted Kessler, Hamish MacBain: A Sound So Very Loud: The Inside Story of Every Song Oasis Recorded <\/p>\n<p>\u00f6klendeznie kellett, amikor belekezdett.<\/p>\n<p>Ehhez k\u00e9pest ma m\u00e1r nagyon <a href=\"https:\/\/x.com\/liamgallagher\/status\/2076093467990594030\" target=\"_blank\" rel=\"nofollow\">\u00e9li<\/a> a sz\u00e1m \u00fajabb renesz\u00e1nsz\u00e1t, ahogy a foci-vb-n a meccsek ut\u00e1n az angol szurkol\u00f3k a j\u00e1t\u00e9kosokkal egy\u00fctt \u00e9neklik a dalt. A Wonderwall szerz\u0151je \u00e9s Liam b\u00e1tyja, Noel Gallagher meglep\u0151d\u00f6tt azon, hogy az olyan fiatal j\u00e1t\u00e9kosok, mint Jude Bellingham \u00e9s Elliot Anderson a felv\u00e9telek alapj\u00e1n ismerik a dalsz\u00f6veget (\u00e9s val\u00f3sz\u00edn\u0171leg jobban is \u00e9lvezik a dalt, mint <a href=\"https:\/\/www.instagram.com\/p\/DaoX03BCMGs\/\" target=\"_blank\" rel=\"nofollow noopener\">Ed Sheeran r\u00f6gt\u00f6nz\u00f6tt el\u0151ad\u00e1s\u00e1t az angolok b\u00e1zis\u00e1n<\/a>).<\/p>\n<p>A Wonderwall az angolok els\u0151 meccse, a horv\u00e1tok elleni gy\u0151zelem ut\u00e1n hangzott el el\u0151sz\u00f6r, a k\u00f6z\u00f6s \u00e9nekl\u00e9s ut\u00e1n Harry Kane arr\u00f3l besz\u00e9lt a meccs ut\u00e1n, hogy ami\u00f3ta az angol mezt viseli, ez a p\u00e1r perc volt tal\u00e1n <a href=\"https:\/\/www.bbc.com\/sport\/football\/articles\/ckg74e6dz5lo\" target=\"_blank\" rel=\"nofollow noopener\">a legszebb \u00e9lm\u00e9nye<\/a>. Az Oasis dala az\u00f3ta k\u00f6telez\u0151 elem a mostani vb-n a meccsek el\u0151tt \u00e9s ut\u00e1n, \u00e9s neh\u00e9z ann\u00e1l kifejez\u0151bb k\u00e9psort tal\u00e1lni az eg\u00e9sz jelens\u00e9gre, mint amikor a VIP-ben <a href=\"https:\/\/people.com\/david-beckham-and-sons-romeo-and-cruz-sing-after-england-norway-match-12016685\" target=\"_blank\" rel=\"nofollow noopener\">David Beckham a fi\u00e1val, Rome\u00f3val \u00e9nekli a dalt<\/a>, mik\u00f6zben lent a p\u00e1ly\u00e1n Kane a n\u00e1la j\u00f3val fiatalabb j\u00e1t\u00e9kosokkal \u00f6ssze\u00f6lelkezve \u00fcv\u00f6lti a sz\u00f6veget.<\/p>\n<p>Az\u00f3ta sokan fejtegetik a titkot, hogy mi\u00e9rt \u00e9ppen ez a dal tal\u00e1lt be annyira a foci-vb-n, pedig a titok val\u00f3sz\u00edn\u0171leg annyi, hogy a Wonderwall t\u00e9nyleg mindenki\u00e9 lehet. A dal sz\u00f6vege b\u00e1rmir\u0151l sz\u00f3lhat, egy szerelem, egy bar\u00e1ts\u00e1g, egy nehezen kifejezhet\u0151, j\u00f3 \u00e9rz\u00e9s is belel\u00e1that\u00f3 Noel Gallagher soraiba, aki persze t\u00f6bbsz\u00f6r is egym\u00e1snak ellentmond\u00f3 dolgokat nyilatkozott a dal \u00e9rtelm\u00e9r\u0151l a megjelen\u00e9se \u00f3ta. Liam szerint a wonderwall kifejez\u00e9s egyszer\u0171en j\u00f3l hangzik, \u00e9s ez a bizonyos csodafal b\u00e1rmi, t\u00e9nyleg b\u00e1rmi lehet. A c\u00edm\u00f6tletet ad\u00f3 <a href=\"https:\/\/youtu.be\/c7rafdCpOrU?si=r8bzmwqe9WyLd7oi\" target=\"_blank\" rel=\"nofollow noopener\">filmben<\/a> p\u00e9ld\u00e1ul egy olyan fal, amin kereszt\u00fcl Jane Birkint lehet kukkolni.<\/p>\n<p>\u00c9s persze lehet azt is fejtegetni, hogy a dal a sebezhet\u0151s\u00e9gr\u0151l sz\u00f3l, arr\u00f3l, amikor nem lehet szavakba \u00f6nteni az \u00e9rzelmeid (ami ugye <a href=\"https:\/\/genius.com\/Oasis-columbia-lyrics\" target=\"_blank\" rel=\"nofollow noopener\">gyakori t\u00e9ma az Oasisn\u00e9l<\/a>). Azt\u00e1n biztosan ott van a dal siker\u00e9ben az Oasis-revival is, a visszat\u00e9r\u0151 turn\u00e9 m\u00e9g a v\u00e1rtn\u00e1l is <a href=\"https:\/\/telex.hu\/after\/2025\/08\/13\/oasis-reunion-turne-wembley-liam-noel-gallagher\" target=\"_blank\" rel=\"nofollow noopener\">nagyobb kultur\u00e1lis hat\u00e1sa<\/a> \u00e9s a menek\u00fcl\u00e9sk\u00e9nt is felfoghat\u00f3 kilencvenes \u00e9vek nosztalgia. Az is dob a Wonderwall hat\u00e1s\u00e1n, hogy a dal passzol az angol szurkol\u00f3k romantiz\u00e1lt attit\u0171dj\u00e9hez, ahogy \u00fajra \u00e9s \u00fajra felspannolj\u00e1k magukat, hogy megannyi csal\u00f3d\u00e1s ut\u00e1n, tal\u00e1n, maybeeee, most majd siker\u00fcl. \u00c9s persze le lehet csapni az eg\u00e9szet olyan prof\u00e1n m\u00f3don, ahogy azt Noel tette a dal siker\u00e9t l\u00e1tva, amikor azt <a href=\"https:\/\/www.loudersound.com\/bands-artists\/noel-gallagher-endorses-oasis-classic-being-england-world-cup-2026-anthem\" target=\"_blank\" rel=\"nofollow noopener\">nyilatkozta<\/a>: \u201eez a dal a n\u00e9p\u00e9\u201d.<\/p>\n<p>Persze nemcsak a Wonderwall sz\u00e1m\u00edt nagy sl\u00e1gernek az angol szurkol\u00f3k k\u00f6r\u00e9ben, Bellinghamnek sz\u00f3l a Hey Jude! a Beatlest\u0151l, \u00e9s a n\u0151i v\u00e1logatott menetel\u00e9se \u00f3ta a <a href=\"https:\/\/www.bbc.co.uk\/newsround\/62340201\" target=\"_blank\" rel=\"nofollow noopener\">Sweet Caroline<\/a> Neil Diamondt\u00f3l is nagy kedvenc. A Wonderwall azonban m\u00e1r \u00f6r\u00f6kre a 2026-os torn\u00e1hoz k\u00f6thet\u0151 marad, a k\u00e9s\u0151bbi torn\u00e1kon aligha lesz ekkora hat\u00e1sa a j\u00e1t\u00e9kosokra \u00e9s a szurkol\u00f3kra a dalnak.<\/p>\n<p>Tiltott\u00e1k, t\u0171rt\u00e9k, t\u00e1mogatt\u00e1k<\/p>\n<p>A Wonderwall m\u00e1r az 1995-\u00f6s megjelen\u00e9sekor \u00f3ri\u00e1si siker volt, abban a korban, amikor a kislemezeket m\u00e9g csak az albumelad\u00e1sok \u00f6szt\u00f6nz\u00e9s\u00e9re haszn\u00e1lt\u00e1k a kiad\u00f3k. M\u00e1r az akkori elad\u00e1sokon l\u00e1tszott, hogy a Wonderwall olyanokhoz is eljutott, akik egy\u00e1ltal\u00e1n nem v\u00e1s\u00e1rolnak rendszeresen lemezt. A dal akkor\u00e1t ment, hogy m\u00e1r menek\u00fclni kellett el\u0151le, Noel Gallagher p\u00e9ld\u00e1ul egyszer arr\u00f3l anekdot\u00e1zott, amikor Manchesterben a hangszerbolt tilt\u00f3list\u00e1j\u00e1n is ott volt a sz\u00e1m, hogy senki se ezzel a p\u00e1r egyszer\u0171 akkorddal menjen az elad\u00f3k idegeire. A Wonderwall a focistadionokba is eljutott, a Gallagherek kedvenc csapata, a Manchester City szurkol\u00f3i p\u00e9ld\u00e1ul a kilencvenes \u00e9vekben Georgi Kinkladze, a csapat gr\u00faz l\u00e9gi\u00f3s\u00e1nak nev\u00e9t k\u00f6lt\u00f6tt\u00e9k bele a dalba (\u201eand all the runs Kinkladze makes are winding\u201d).<\/p>\n<p>Pedig a Wonderwall egy\u00e1ltal\u00e1n nem az a tipikus Oasis-dal, az eredeti felv\u00e9tel dobt\u00e9m\u00e1j\u00e1ra, hangz\u00e1s\u00e1ra p\u00e9ld\u00e1ul a Portishead akkoriban megjelent deb\u00fct\u00e1l\u00f3 lemeze, a Dummy hatott, Noel Gallagher pedig a zenekarhoz akkor frissen csatlakozott dobos, Alan White tehets\u00e9g\u00e9t is haszn\u00e1lni akarta a sz\u00e1mhoz. Persze kellett az \u00f6sszk\u00e9phez Liam mindent leural\u00f3 \u00e9nekst\u00edlusa, amit\u0151l tudom, hogy f\u0151leg ebben a dalban sokan a falra m\u00e1sznak, meg is \u00e9rtem \u0151ket, de a Wonderwall elk\u00e9pzelhetetlen a st\u00edlusa n\u00e9lk\u00fcl.<\/p>\n<p>A dal tarol\u00e1sa ut\u00e1n a zenekar nyilv\u00e1n annyira unta a sz\u00e1mot koncerteken, hogy t\u00f6bb verzi\u00f3ban is j\u00e1tszott\u00e1k az \u00e9vek alatt, hol teljesen lecsupasz\u00edtott\u00e1k, hol sz\u00e9jjeltorz\u00edtott\u00e1k, a legut\u00f3bbi turn\u00e9n azt\u00e1n megtal\u00e1lt\u00e1k a k\u00f6z\u00e9putat, \u00e9s v\u00e9gleg elfogadt\u00e1k, hogy ez a dal nagyobbra n\u0151tt n\u00e1luk. A Wonderwallt rengetegen feldolgozt\u00e1k, \u00e9s a kilencvenes \u00e9vek zabol\u00e1zatlan angol popkult\u00far\u00e1j\u00e1ra (amikor Noel Gallagher a Blur tagjainak <a href=\"https:\/\/www.avclub.com\/blurs-damon-albarn-oasis-noel-gallagher-bury-the-britp-1798231119\" target=\"_blank\" rel=\"nofollow noopener\">hal\u00e1l\u00e1t k\u00edv\u00e1nta<\/a>, vagy <a href=\"https:\/\/www.reddit.com\/r\/oldbritishtelly\/comments\/1oar949\/when_jarvis_cocker_invaded_michael_jacksons\/\" target=\"_blank\" rel=\"nofollow noopener\">Jarvis Cocker a puc\u00e9r fenek\u00e9t mutogatta<\/a> Michael Jackson fell\u00e9p\u00e9se alatt) jellemz\u0151, hogy amikor a Mike Flowers Pops el\u0151adta a <a href=\"https:\/\/youtu.be\/NTfZshkNZRw?si=ew1UyOxOnYN0wiRJ\" target=\"_blank\" rel=\"nofollow noopener\">saj\u00e1t verzi\u00f3j\u00e1t<\/a> a BBC-n, akkor sim\u00e1n elhitett\u00e9k az emberekkel, hogy val\u00f3j\u00e1ban \u00f6v\u00e9k az eredeti verzi\u00f3, \u00e9s az Oasis\u00e9 a feldolgoz\u00e1s.<\/p>\n<p>A Mike Flowers Pop viccesked\u00e9se ut\u00e1n Noel Gallaghert tajt\u00e9kozva h\u00edvta fel akkori bar\u00e1tn\u0151je, k\u00e9s\u0151bbi feles\u00e9ge, Meg Matthews. \u201eNem is r\u00f3lam \u00edrtad a dalt???\u201d \u2013 sz\u00f6gezte a k\u00e9rd\u00e9st d\u00fch\u00f6sen a zen\u00e9sznek, akinek legal\u00e1bb m\u00e1sf\u00e9l \u00f3r\u00e1j\u00e1ba telt bizony\u00edtania, hogy t\u00e9nyleg \u00f6v\u00e9 az eredeti sz\u00e1m.<\/p>\n<p>A Wonderwall erej\u00e9t pedig mindenn\u00e9l jobban le\u00edrja Jay-Z 2008-as Glastonbury fesztiv\u00e1los fell\u00e9p\u00e9se, amikor a repper az \u0151t szapul\u00f3 Noel Gallaghert akarta azzal cukkolni, amikor a zenekar\u00e1val belekezdett a Wonderwallba. A g\u00fanyos geg azonban hamar \u00f6nfeledt pillanatt\u00e1 v\u00e1lt, ahogy a k\u00f6z\u00f6ns\u00e9g azonnal folytatta a dalt, \u00e9s v\u00e9g\u00fcl Jay-Z is megadta mag\u00e1t a pillanatnak. A besz\u00f3logat\u00e1sb\u00f3l \u00edgy a fesztiv\u00e1l t\u00f6rt\u00e9net\u00e9nek egyik legeml\u00e9kezetesebb pillanata lett.<\/p>\n<p><script async src=\"\/\/www.instagram.com\/embed.js\"><\/script><\/p>\n","protected":false},"excerpt":{"rendered":"\u201eHol a fa**ba lenn\u00e9nk a Wonderwall n\u00e9lk\u00fcl. Hol lenn\u00e9nk? Sz\u0151nyegeket, vagy valami hasonl\u00f3 szart \u00e1ruln\u00e1nk\u201d \u2013 Liam Gallagher,&hellip;\n","protected":false},"author":2,"featured_media":173956,"comment_status":"","ping_status":"","sticky":false,"template":"","format":"standard","meta":{"footnotes":"","_share_on_mastodon":"0"},"categories":[16],"tags":[161,4871,137,7631,44,42,40,33144,43,41,33143,32716,45,138,2009,50556],"class_list":["post-173955","post","type-post","status-publish","format-standard","has-post-thumbnail","category-szorakozas","tag-after","tag-anglia","tag-entertainment","tag-foci-vb-2026","tag-hu","tag-hungarian","tag-hungary","tag-liam-gallagher","tag-magyar","tag-magyarorszag","tag-noel-gallagher","tag-oasis","tag-sport","tag-szorakozas","tag-szurkolok","tag-wonderwall"],"share_on_mastodon":{"url":"https:\/\/pubeurope.com\/@hu\/116925019405626960","error":""},"_links":{"self":[{"href":"https:\/\/www.europesays.com\/hu\/wp-json\/wp\/v2\/posts\/173955","targetHints":{"allow":["GET"]}}],"collection":[{"href":"https:\/\/www.europesays.com\/hu\/wp-json\/wp\/v2\/posts"}],"about":[{"href":"https:\/\/www.europesays.com\/hu\/wp-json\/wp\/v2\/types\/post"}],"author":[{"embeddable":true,"href":"https:\/\/www.europesays.com\/hu\/wp-json\/wp\/v2\/users\/2"}],"replies":[{"embeddable":true,"href":"https:\/\/www.europesays.com\/hu\/wp-json\/wp\/v2\/comments?post=173955"}],"version-history":[{"count":0,"href":"https:\/\/www.europesays.com\/hu\/wp-json\/wp\/v2\/posts\/173955\/revisions"}],"wp:featuredmedia":[{"embeddable":true,"href":"https:\/\/www.europesays.com\/hu\/wp-json\/wp\/v2\/media\/173956"}],"wp:attachment":[{"href":"https:\/\/www.europesays.com\/hu\/wp-json\/wp\/v2\/media?parent=173955"}],"wp:term":[{"taxonomy":"category","embeddable":true,"href":"https:\/\/www.europesays.com\/hu\/wp-json\/wp\/v2\/categories?post=173955"},{"taxonomy":"post_tag","embeddable":true,"href":"https:\/\/www.europesays.com\/hu\/wp-json\/wp\/v2\/tags?post=173955"}],"curies":[{"name":"wp","href":"https:\/\/api.w.org\/{rel}","templated":true}]}}