{"id":174485,"date":"2026-07-16T05:49:16","date_gmt":"2026-07-16T05:49:16","guid":{"rendered":"https:\/\/www.europesays.com\/hu\/174485\/"},"modified":"2026-07-16T05:49:16","modified_gmt":"2026-07-16T05:49:16","slug":"az-eu-ujrairja-a-zold-atallas-formulajat","status":"publish","type":"post","link":"https:\/\/www.europesays.com\/hu\/174485\/","title":{"rendered":"Az EU \u00fajra\u00edrja a z\u00f6ld \u00e1t\u00e1ll\u00e1s formul\u00e1j\u00e1t."},"content":{"rendered":"<p>A rekordokat d\u00f6nt\u0151 h\u0151hull\u00e1m, melynek sor\u00e1n sz\u00e1mos eur\u00f3pai orsz\u00e1gban meghaladta a 40 Celsius-fokot a h\u0151m\u00e9rs\u00e9klet, ism\u00e9t eml\u00e9keztette az embereket a kl\u00edmav\u00e1ltoz\u00e1s egyre nyilv\u00e1nval\u00f3bb hat\u00e1saira. De pontosan ebben az id\u0151ben az Eur\u00f3pai Uni\u00f3 (EU) az egyik legfontosabb \u00e9ghajlatv\u00e9delmi eszk\u00f6z\u00e9nek \u2013 a kibocs\u00e1t\u00e1skereskedelmi rendszernek (ETS) \u2013 a kiigaz\u00edt\u00e1s\u00e1ra k\u00e9sz\u00fcl. <\/p>\n<p><img decoding=\"async\" style=\"cursor:pointer\" src=\"https:\/\/www.europesays.com\/hu\/wp-content\/uploads\/2026\/07\/europe-flag.jpg\" data-original=\"https:\/\/www.europesays.com\/hu\/wp-content\/uploads\/2026\/07\/europe-flag.jpg\" alt=\"eur\u00f3pa-z\u00e1szl\u00f3.jpg\" src-mobile=\"\" data-file-id=\"455659\"\/> Eur\u00f3pa m\u00f3dos\u00edtja karbonsemlegess\u00e9gi c\u00e9lkit\u0171z\u00e9seit, hogy alkalmazkodjon az \u00faj gazdas\u00e1gi \u00e9s <a class=\"data-link\" data-org-href=\"https:\/\/www.vietnam.vn\/category\/chinh-tri\" href=\"https:\/\/www.vietnam.vn\/category\/chinh-tri\" title=\"politika\" target=\"_blank\" rel=\"nofollow noopener\">geopolitikai<\/a> nyom\u00e1sokhoz. Fot\u00f3: Eurometal<\/p>\n<p> Els\u0151 pillant\u00e1sra \u00fagy t\u0171nik, hogy ez egyszer\u0171en a sz\u00e9n-dioxid-piacr\u00f3l sz\u00e1rmaz\u00f3 bev\u00e9telek felhaszn\u00e1l\u00e1s\u00e1nak m\u00f3dj\u00e1ban bek\u00f6vetkezett v\u00e1ltoz\u00e1s. Azonban egy nagyobb \u00fczenet is rejlik m\u00f6g\u00f6tte: Eur\u00f3pa a karbonsemlegess\u00e9g el\u00e9r\u00e9s\u00e9re ir\u00e1nyul\u00f3 megk\u00f6zel\u00edt\u00e9s\u00e9t az \u00faj <a class=\"data-link\" data-org-href=\"https:\/\/www.vietnam.vn\/category\/kinh-te\" href=\"https:\/\/www.vietnam.vn\/category\/kinh-te\" title=\"gazdas\u00e1g\" target=\"_blank\" rel=\"nofollow noopener\">gazdas\u00e1gi<\/a> \u00e9s geopolitikai nyom\u00e1sokhoz igaz\u00edtja.<\/p>\n<p> Az Eur\u00f3pai Bizotts\u00e1g javaslata szerint az ETS \u00e9ves bev\u00e9tel\u00e9nek nagyobb r\u00e9sz\u00e9t, k\u00f6r\u00fclbel\u00fcl 24 milli\u00e1rd eur\u00f3t k\u00f6zvetlen\u00fcl a tiszta technol\u00f3gi\u00e1kba beruh\u00e1z\u00f3 v\u00e1llalkoz\u00e1sok t\u00e1mogat\u00e1s\u00e1ra ford\u00edtan\u00e1k, ahelyett, hogy a jelenlegi gyakorlattal ellent\u00e9tben az egyes tag\u00e1llamok d\u00f6nthetn\u00e9nek a forr\u00e1sokr\u00f3l. A c\u00e9l az energiaig\u00e9nyes ipar\u00e1gak, p\u00e9ld\u00e1ul az ac\u00e9l-, cement-, vegyipari, villamosenergia- \u00e9s l\u00e9gi k\u00f6zleked\u00e9s t\u00e1mogat\u00e1sa a kibocs\u00e1t\u00e1sok cs\u00f6kkent\u00e9s\u00e9ben, mik\u00f6zben meg\u0151rzik versenyk\u00e9pess\u00e9g\u00fcket.<\/p>\n<p> Ez a javaslat azonnal vit\u00e1kat v\u00e1ltott ki.<\/p>\n<p> Az \u00e9vek sor\u00e1n az ETS bev\u00e9telei sz\u00e1mos tag\u00e1llam jelent\u0151s finansz\u00edroz\u00e1si forr\u00e1s\u00e1v\u00e1 v\u00e1ltak. Ausztria ezt a p\u00e9nzt egy Alpokon \u00e1t\u00edvel\u0151 vas\u00fati alag\u00fat \u00e9p\u00edt\u00e9s\u00e9re haszn\u00e1lta fel, m\u00edg <a class=\"data-link\" data-org-href=\"https:\/\/www.vietnam.vn\/tag\/phap\" href=\"https:\/\/www.vietnam.vn\/tag\/phap\" title=\"Franciaorsz\u00e1g\" target=\"_blank\" rel=\"nofollow noopener\">Franciaorsz\u00e1g<\/a> energiahat\u00e9kony lak\u00e1sfel\u00faj\u00edt\u00e1sokba fektetett be, \u00e9s kieg\u00e9sz\u00edtette k\u00f6lts\u00e9gvet\u00e9s\u00e9t. Ha Br\u00fcsszel nagyobb ar\u00e1nyban k\u00f6veteli meg az ipari v\u00e1llalkoz\u00e1sok t\u00e1mogat\u00e1s\u00e1t, az azt jelenten\u00e9, hogy sok korm\u00e1nynak m\u00f3dos\u00edtania kellene kor\u00e1bban tervezett kiad\u00e1si programjait.<\/p>\n<p> De a 24 milli\u00e1rd eur\u00f3 k\u00f6r\u00fcli vita csak a j\u00e9ghegy cs\u00facsa. Ami m\u00e9g enn\u00e9l is fontosabb, Eur\u00f3pa a z\u00f6ld \u00e1t\u00e1ll\u00e1s \u00faj szakasz\u00e1ba l\u00e9p.<\/p>\n<p> Amikor 2019-ben elind\u00edtott\u00e1k az Eur\u00f3pai Z\u00f6ld Meg\u00e1llapod\u00e1st, a legfontosabb priorit\u00e1s a kibocs\u00e1t\u00e1sok miel\u0151bbi cs\u00f6kkent\u00e9se volt. Az ETS egy nagyon egyszer\u0171 elven alapul: min\u00e9l t\u00f6bb kibocs\u00e1t\u00e1st termel egy v\u00e1llalkoz\u00e1s, ann\u00e1l magasabb k\u00f6lts\u00e9get kell fizetnie, ez\u00e1ltal \u00f6szt\u00f6n\u00f6zve a tiszta technol\u00f3gi\u00e1kba val\u00f3 beruh\u00e1z\u00e1sokat.<\/p>\n<p>Lehet, hogy ez is tetszik<\/p>\n<p> T\u00f6bb mint 20 \u00e9vnyi m\u0171k\u00f6d\u00e9s ut\u00e1n ez az eszk\u00f6z hat\u00e9konynak bizonyult. A London School of Economics Grantham Int\u00e9zet\u00e9nek \u00faj kutat\u00e1sa azt mutatja, hogy az ETS jelent\u0151sen seg\u00edtett a r\u00e9szt vev\u0151 v\u00e1llalkoz\u00e1soknak cs\u00f6kkenteni a kibocs\u00e1t\u00e1sokat az id\u0151k sor\u00e1n, \u00e9s tov\u00e1bbra is a vil\u00e1g egyik leghat\u00e9konyabb sz\u00e9n-dioxid-\u00e1rk\u00e9pz\u00e9si mechanizmusa.<\/p>\n<p> Az eur\u00f3pai helyzet azonban jelent\u0151sen megv\u00e1ltozott a Z\u00f6ld Meg\u00e1llapod\u00e1s elind\u00edt\u00e1sa \u00f3ta.<\/p>\n<p> Az ukrajnai konfliktus, az energiav\u00e1ls\u00e1g, a Hormuzi-szorosban t\u00f6rt\u00e9nt k\u00f6zelm\u00faltbeli fejlem\u00e9nyek, valamint az Egyes\u00fclt \u00c1llamok \u00e9s K\u00edna egyre \u00e9lesebb versenye a z\u00f6ld \u00e1t\u00e1ll\u00e1st puszt\u00e1n k\u00f6rnyezetv\u00e9delmi k\u00e9rd\u00e9sb\u0151l az energiabiztons\u00e1ggal, a foglalkoztat\u00e1ssal \u00e9s a gazdas\u00e1g versenyk\u00e9pess\u00e9g\u00e9vel egyre ink\u00e1bb \u00f6sszefon\u00f3d\u00f3 probl\u00e9m\u00e1v\u00e1 alak\u00edtotta.<\/p>\n<p> Mik\u00f6zben az Egyes\u00fclt \u00c1llamok t\u00f6bb sz\u00e1zmilli\u00e1rd doll\u00e1ros \u00f6szt\u00f6nz\u0151ket alkalmaz az infl\u00e1ci\u00f3cs\u00f6kkent\u00e9si t\u00f6rv\u00e9ny (IRA) r\u00e9v\u00e9n a tiszta technol\u00f3gi\u00e1kba t\u00f6rt\u00e9n\u0151 befektet\u00e9sek vonz\u00e1s\u00e1ra, K\u00edna pedig tov\u00e1bbra is hat\u00e1rozottan t\u00e1mogatja a strat\u00e9giai feldolgoz\u00f3ipari \u00e1gazatokat, sz\u00e1mos eur\u00f3pai v\u00e1llalkoz\u00e1s azzal \u00e9rvel, hogy tov\u00e1bbi sz\u00e9n-dioxid-kibocs\u00e1t\u00e1si k\u00f6lts\u00e9geket viselnek an\u00e9lk\u00fcl, hogy ar\u00e1nyos t\u00e1mogat\u00e1st kapn\u00e1nak. Ha a termel\u00e9si k\u00f6lts\u00e9gek tov\u00e1bb emelkednek, akkor teljesen lehets\u00e9ges, hogy a gy\u00e1rak kedvez\u0151bb felt\u00e9teleket k\u00edn\u00e1l\u00f3 piacokra k\u00f6lt\u00f6znek.<\/p>\n<p> Nem v\u00e9letlen, hogy miel\u0151tt az Eur\u00f3pai Bizotts\u00e1g bejelentette volna reformcsomagj\u00e1t, 10 tag\u00e1llam egyhang\u00falag a kibocs\u00e1t\u00e1skereskedelmi rendszer \u201epragmatikusabb\u201d megk\u00f6zel\u00edt\u00e9s\u00e9t szorgalmazta. Ezek az orsz\u00e1gok a kibocs\u00e1t\u00e1si kv\u00f3t\u00e1k ingyenes kioszt\u00e1si id\u0151szak\u00e1nak meghosszabb\u00edt\u00e1s\u00e1t, a kibocs\u00e1t\u00e1scs\u00f6kkent\u00e9si \u00fctemtervek kiigaz\u00edt\u00e1s\u00e1t \u00e9s a rendszer rugalmass\u00e1g\u00e1nak n\u00f6vel\u00e9s\u00e9t javasolt\u00e1k a feldolgoz\u00f3iparra nehezed\u0151 nyom\u00e1s cs\u00f6kkent\u00e9se \u00e9rdek\u00e9ben.<\/p>\n<p> Ezek a vit\u00e1k a val\u00f3s\u00e1got t\u00fckr\u00f6zik: az EU priorit\u00e1sai v\u00e1ltoznak. M\u00edg kor\u00e1bban a z\u00f6ld \u00e1t\u00e1ll\u00e1st els\u0151sorban k\u00f6rnyezetv\u00e9delmi szempontb\u00f3l vizsg\u00e1lt\u00e1k, Br\u00fcsszelnek most egyszerre kell foglalkoznia h\u00e1rom f\u0151 kih\u00edv\u00e1ssal: a kibocs\u00e1t\u00e1sok cs\u00f6kkent\u00e9s\u00e9vel, a versenyk\u00e9pess\u00e9g v\u00e9delm\u00e9vel \u00e9s a gazdas\u00e1gi biztons\u00e1g garant\u00e1l\u00e1s\u00e1val.<\/p>\n<p> Ez az oka annak is, hogy az EU egyre ink\u00e1bb a Tiszta Ipari Meg\u00e1llapod\u00e1s koncepci\u00f3j\u00e1t hangs\u00falyozza, ahelyett, hogy csak a Z\u00f6ld Meg\u00e1llapod\u00e1sr\u00f3l besz\u00e9lne, mint kor\u00e1bban. A z\u00f6ld \u00e1t\u00e1ll\u00e1s m\u00e1r nem csak a kibocs\u00e1t\u00e1sok cs\u00f6kkent\u00e9s\u00e9r\u0151l sz\u00f3l, hanem seg\u00edtenie kell Eur\u00f3p\u00e1nak a strat\u00e9giai ipar\u00e1gak meg\u0151rz\u00e9s\u00e9ben, a munkahelyteremt\u00e9sben \u00e9s az import\u00e1lt fosszilis t\u00fczel\u0151anyagokt\u00f3l val\u00f3 f\u00fcgg\u0151s\u00e9g cs\u00f6kkent\u00e9s\u00e9ben.<\/p>\n<p> Az eur\u00f3paiak sz\u00e1m\u00e1ra ez a kiigaz\u00edt\u00e1s nem csup\u00e1n szakpolitikai k\u00e9rd\u00e9s; k\u00f6zvetlen\u00fcl befoly\u00e1solhatja az \u00e1ram\u00e1rakat, az \u00fczemanyag\u00e1rakat, a meg\u00e9lhet\u00e9si k\u00f6lts\u00e9geket \u00e9s a munkalehet\u0151s\u00e9geket az energiaig\u00e9nyes ipar\u00e1gakban. Ez\u00e9rt a k\u00e9rd\u00e9s m\u00e1r nem az, hogy folytassuk-e a z\u00f6ld \u00e1t\u00e1ll\u00e1st, hanem az, hogyan val\u00f3s\u00edtsuk meg az \u00e1t\u00e1ll\u00e1st \u00fagy, hogy az el\u00e9rje az \u00e9ghajlati c\u00e9lokat, mik\u00f6zben elker\u00fcli a gazdas\u00e1g tov\u00e1bbi terheit.<\/p>\n<p><a href=\"https:\/\/www.vietnam.vn\/hu\/tp-ho-chi-minh-doi-ngoai-nhan-dan-vun-dap-quan-he-viet-nam-hoa-ky\" class=\"shrink-0\" rel=\"nofollow noopener\" target=\"_blank\"><img alt=\"Ho Si Minh-v\u00e1ros: Az emberek k\u00f6z\u00f6tti diplom\u00e1cia er\u0151s\u00edti a vietnami-amerikai kapcsolatokat.\" loading=\"lazy\" width=\"192\" height=\"108\" decoding=\"async\" data-nimg=\"1\" class=\"object-cover block rounded-lg\" style=\"color:transparent;width:192px;height:108px\" src=\"https:\/\/www.europesays.com\/hu\/wp-content\/uploads\/2026\/07\/1784103398955_tp-ho-chi-minh-doi-ngoai-nhan-dan-vun-dap-quan-he-viet-nam-hoa-ky-1.jpeg\"\/><\/a><a href=\"https:\/\/www.vietnam.vn\/hu\/tp-ho-chi-minh-doi-ngoai-nhan-dan-vun-dap-quan-he-viet-nam-hoa-ky\" class=\"font-inter-body v-link-title line-clamp-4 font-semibold\" rel=\"nofollow noopener\" target=\"_blank\">Ho Si Minh-v\u00e1ros: Az emberek k\u00f6z\u00f6tti diplom\u00e1cia er\u0151s\u00edti a vietnami-amerikai kapcsolatokat.<\/a>Az Amerikai Egyes\u00fclt \u00c1llamok f\u00fcggetlens\u00e9g\u00e9nek 250. \u00e9vfordul\u00f3ja lehet\u0151s\u00e9get k\u00edn\u00e1l Ho Si Minh-v\u00e1rosnak, hogy meger\u0151s\u00edtse h\u00eddszerep\u00e9t Vietnam \u00e9s az Egyes\u00fclt \u00c1llamok k\u00f6z\u00f6tti \u00e1tfog\u00f3 strat\u00e9giai partners\u00e9gben. A v\u00e1ros tov\u00e1bbra is kihaszn\u00e1lja er\u0151ss\u00e9geit a nemzetk\u00f6zi integr\u00e1ci\u00f3ban, el\u0151mozd\u00edtva az egy\u00fcttm\u0171k\u00f6d\u00e9st a gazdas\u00e1g, az oktat\u00e1s, a tudom\u00e1ny \u00e9s a technol\u00f3gia, valamint az emberek k\u00f6z\u00f6tti kapcsolatok ter\u00e9n.<a href=\"https:\/\/www.vietnam.vn\/hu\/viet-nam-hoa-ky-tang-cuong-phoi-hop-huy-dong-khu-vuc-tu-nhan-cho-apec-2027\" class=\"shrink-0\" rel=\"nofollow noopener\" target=\"_blank\"><img alt=\"Vietnam \u00e9s az Egyes\u00fclt \u00c1llamok meger\u0151s\u00edti az egy\u00fcttm\u0171k\u00f6d\u00e9st \u00e9s mozg\u00f3s\u00edtja a mag\u00e1nszektort az APEC 2027-re.\" loading=\"lazy\" width=\"192\" height=\"108\" decoding=\"async\" data-nimg=\"1\" class=\"object-cover block rounded-lg\" style=\"color:transparent;width:192px;height:108px\" src=\"https:\/\/www.europesays.com\/hu\/wp-content\/uploads\/2026\/07\/1784098302606_bdt-881320260715110936.jpeg\"\/><\/a><a href=\"https:\/\/www.vietnam.vn\/hu\/ngoai-giao-nhan-dan-gop-phan-lam-sau-sac-quan-he-viet-nam-hoa-ky\" class=\"shrink-0\" rel=\"nofollow noopener\" target=\"_blank\"><img alt=\"Az emberek k\u00f6z\u00f6tti diplom\u00e1cia hozz\u00e1j\u00e1rul a vietnami-amerikai kapcsolatok elm\u00e9ly\u00edt\u00e9s\u00e9hez.\" loading=\"lazy\" width=\"192\" height=\"108\" decoding=\"async\" data-nimg=\"1\" class=\"object-cover block rounded-lg\" style=\"color:transparent;width:192px;height:108px\" src=\"https:\/\/www.europesays.com\/hu\/wp-content\/uploads\/2026\/07\/1784095864868_ttxvn-hop-mat-ky-niem-250-nam-ngay-doc-lap-hoa-ky-jpg.webp\"\/><\/a><\/p>\n<p> Az ETS-r\u0151l sz\u00f3l\u00f3 vita teh\u00e1t nem csup\u00e1n a 24 milli\u00e1rd eur\u00f3s sz\u00e9n-dioxid-piaci bev\u00e9tel eloszt\u00e1s\u00e1r\u00f3l sz\u00f3l. Azt mutatja, hogy Eur\u00f3pa \u00e1t\u00edrja a z\u00f6ld \u00e1t\u00e1ll\u00e1s k\u00e9plet\u00e9t. M\u00edg kor\u00e1bban az \u00e9ghajlat-politik\u00e1t\u00f3l v\u00e1rt\u00e1k, hogy lend\u00fcletet adjon a gazdas\u00e1gnak, most a gazdas\u00e1g versenyk\u00e9pess\u00e9ge alak\u00edtja \u00e1t az \u00e9ghajlat-politik\u00e1t.<\/p>\n<p> A k\u00f6vetkez\u0151 f\u00e1zis siker\u00e9t nemcsak a kibocs\u00e1t\u00e1scs\u00f6kkent\u00e9sek fogj\u00e1k m\u00e9rni, hanem az is, hogy mennyire siker\u00fcl-e egy olyan ipar\u00e1gat fenntartani, amely el\u00e9g er\u0151s ahhoz, hogy versenyk\u00e9pes legyen egy egyre ingatagabb vil\u00e1gban.<\/p>\n<p class=\"mb-0\"> Forr\u00e1s: https:\/\/hanoimoi.vn\/eu-dang-viet-lai-cong-thuc-chuyen-doi-xanh-1212364.html<\/p>\n","protected":false},"excerpt":{"rendered":"A rekordokat d\u00f6nt\u0151 h\u0151hull\u00e1m, melynek sor\u00e1n sz\u00e1mos eur\u00f3pai orsz\u00e1gban meghaladta a 40 Celsius-fokot a h\u0151m\u00e9rs\u00e9klet, ism\u00e9t eml\u00e9keztette az&hellip;\n","protected":false},"author":2,"featured_media":174486,"comment_status":"","ping_status":"","sticky":false,"template":"","format":"standard","meta":{"footnotes":"","_share_on_mastodon":"0"},"categories":[3],"tags":[33972,107,106,429,50637,105,42,50638,1355,43],"class_list":["post-174485","post","type-post","status-publish","format-standard","has-post-thumbnail","category-europa","tag-ets","tag-eu","tag-europa","tag-europai-unio","tag-europai-zold-megallapodas","tag-europe","tag-hungarian","tag-karbonsemlegessegi-celok","tag-klimavaltozas","tag-magyar"],"share_on_mastodon":{"url":"https:\/\/pubeurope.com\/@hu\/116928090386378553","error":""},"_links":{"self":[{"href":"https:\/\/www.europesays.com\/hu\/wp-json\/wp\/v2\/posts\/174485","targetHints":{"allow":["GET"]}}],"collection":[{"href":"https:\/\/www.europesays.com\/hu\/wp-json\/wp\/v2\/posts"}],"about":[{"href":"https:\/\/www.europesays.com\/hu\/wp-json\/wp\/v2\/types\/post"}],"author":[{"embeddable":true,"href":"https:\/\/www.europesays.com\/hu\/wp-json\/wp\/v2\/users\/2"}],"replies":[{"embeddable":true,"href":"https:\/\/www.europesays.com\/hu\/wp-json\/wp\/v2\/comments?post=174485"}],"version-history":[{"count":0,"href":"https:\/\/www.europesays.com\/hu\/wp-json\/wp\/v2\/posts\/174485\/revisions"}],"wp:featuredmedia":[{"embeddable":true,"href":"https:\/\/www.europesays.com\/hu\/wp-json\/wp\/v2\/media\/174486"}],"wp:attachment":[{"href":"https:\/\/www.europesays.com\/hu\/wp-json\/wp\/v2\/media?parent=174485"}],"wp:term":[{"taxonomy":"category","embeddable":true,"href":"https:\/\/www.europesays.com\/hu\/wp-json\/wp\/v2\/categories?post=174485"},{"taxonomy":"post_tag","embeddable":true,"href":"https:\/\/www.europesays.com\/hu\/wp-json\/wp\/v2\/tags?post=174485"}],"curies":[{"name":"wp","href":"https:\/\/api.w.org\/{rel}","templated":true}]}}