{"id":174677,"date":"2026-07-16T08:48:10","date_gmt":"2026-07-16T08:48:10","guid":{"rendered":"https:\/\/www.europesays.com\/hu\/174677\/"},"modified":"2026-07-16T08:48:10","modified_gmt":"2026-07-16T08:48:10","slug":"kulfoldon-allitjak-ujabb-fradi-jatekosert-erkezett-ajanlat-igy-all-az-ugye","status":"publish","type":"post","link":"https:\/\/www.europesays.com\/hu\/174677\/","title":{"rendered":"K\u00fclf\u00f6ld\u00f6n \u00e1ll\u00edtj\u00e1k: \u00dajabb Fradi-j\u00e1t\u00e9kos\u00e9rt \u00e9rkezett aj\u00e1nlat &#8211; \u00edgy \u00e1ll az \u00fcgye"},"content":{"rendered":"<p>                    <a href=\"https:\/\/news.google.com\/publications\/CAAqJQgKIh9DQklTRVFnTWFnMEtDMk56WVd0bWIyTnBMbWgxS0FBUAE\" target=\"_blank\" class=\"google-news\" rel=\"nofollow noopener\">A legfrissebb h\u00edrek\u00e9rt k\u00f6vess minket a Csakfoci Google News oldal\u00e1n is!<\/a><\/p>\n<p>K\u00fclf\u00f6ldi sajt\u00f3\u00e9rtes\u00fcl\u00e9sek szerint az azeri ez\u00fcst\u00e9rmes Qarabag \u00e9rdekl\u0151dik a Ferencv\u00e1ros BL-gy\u0151ztes k\u00f6z\u00e9pp\u00e1ly\u00e1sa, Naby Keita ir\u00e1nt, s\u0151t \u00e1ll\u00edt\u00f3lag aj\u00e1nlatot is tett a magyar klubnak.<\/p>\n<p>A Csakfoci.hu inform\u00e1ci\u00f3i szerint azonban nincs alapja ezeknek az \u00e9rtes\u00fcl\u00e9seknek.<\/p>\n<p>A <a href=\"https:\/\/idmanxeber.az\/qarabag-ucun-daha-bir-transfer-iddiasi-3-milyona-hucumcu-alinir\/\" target=\"_blank\" rel=\"noopener nofollow\">sportinfo.az<\/a> arr\u00f3l sz\u00e1molt be, hogy az azerbajdzs\u00e1ni egy\u00fcttes hivatalos megkeres\u00e9st k\u00fcld\u00f6tt a Ferencv\u00e1rosnak, \u00e9s aj\u00e1nlatot tett a 31 \u00e9ves guineai k\u00f6z\u00e9pp\u00e1ly\u00e1s\u00e9rt.<\/p>\n<p>Keita tavaly janu\u00e1rban \u00e9rkezett k\u00f6lcs\u00f6nbe a Ferencv\u00e1roshoz, majd id\u00e9n ny\u00e1ron v\u00e9gleg a magyar klub j\u00e1t\u00e9kosa lett. Az elm\u00falt m\u00e1sf\u00e9l \u00e9vben 31 t\u00e9tm\u00e9rk\u0151z\u00e9sen l\u00e9pett p\u00e1ly\u00e1ra, ezeken hat g\u00f3lpasszt jegyzett. Az \u00faj id\u00e9ny els\u0151, Vojvodina elleni Eur\u00f3pa Liga-selejtez\u0151j\u00e9n kezd\u0151k\u00e9nt kapott lehet\u0151s\u00e9get, v\u00e9gigj\u00e1tszotta a tal\u00e1lkoz\u00f3t, \u00e9s egy g\u00f3lpasszal j\u00e1rult hozz\u00e1 a 2-1-es gy\u0151zelemhez.<\/p>\n<p>A Cebrail Makreckist \u00e9s V\u00e1rkonyi Benc\u00e9t is szerz\u0151dtet\u0151 Qarabaggal kor\u00e1bban Bamidele Yusofot is kapcsolatba hozt\u00e1k, \u00e1m mint akkor \u00edrtuk, nem volt val\u00f3s\u00e1galapja annak a h\u00edrnek sem &#8211; \u00e9s Keita eset\u00e9ben is hasonl\u00f3 a helyzet.<\/p>\n<p><a href=\"https:\/\/www.csakfoci.hu\/category\/atigazolasok\/\" rel=\"nofollow noopener\" target=\"_blank\">P\u00f6r\u00f6gnek a h\u00edrek az \u00e1tigazol\u00e1si piacon, k\u00f6vesd a csakfoci.hu folyamatosan friss\u00fcl\u0151 \u00e1tigazol\u00e1si rovat\u00e1t, ahol minden fontos inform\u00e1ci\u00f3t azonnal megtal\u00e1lsz &#8211; KATTINTS!<\/a><\/p>\n<p><a href=\"https:\/\/www.csakfoci.hu\/magyar-foci\/fradi-borbely-javitando-hibakrol-es-lisztes-allapotarol-is-beszelt-a-visszavago-elott\" class=\"embed-article\" rel=\"nofollow noopener\" target=\"_blank\"><\/p>\n<p>Olvastad m\u00e1r?<\/p>\n<p>            <img loading=\"lazy\" decoding=\"async\" class=\"lazy-img\" src=\"https:\/\/www.europesays.com\/hu\/wp-content\/uploads\/2026\/07\/qiddm-e1784129540674-768x431.jpg\" width=\"768\" height=\"431\" alt=\"\"\/><\/p>\n<p>Fradi: Borb\u00e9ly jav\u00edtand\u00f3 hib\u00e1kr\u00f3l \u00e9s Lisztes \u00e1llapot\u00e1r\u00f3l is besz\u00e9lt a visszav\u00e1g\u00f3 el\u0151tt<\/p>\n<p>Borb\u00e9ly Bal\u00e1zs \u00e9s Osv\u00e1th Attila v\u00e1laszolt az \u00fajs\u00e1g\u00edr\u00f3k k\u00e9rd\u00e9seire a hazai UEL-selejtez\u0151 el\u0151tt.<\/p>\n<p>Elolvasom<\/p>\n<p><\/a><\/p>\n","protected":false},"excerpt":{"rendered":"A legfrissebb h\u00edrek\u00e9rt k\u00f6vess minket a Csakfoci Google News oldal\u00e1n is! K\u00fclf\u00f6ldi sajt\u00f3\u00e9rtes\u00fcl\u00e9sek szerint az azeri ez\u00fcst\u00e9rmes Qarabag&hellip;\n","protected":false},"author":2,"featured_media":174678,"comment_status":"","ping_status":"","sticky":false,"template":"","format":"standard","meta":{"footnotes":"","_share_on_mastodon":"0"},"categories":[14],"tags":[1069,584,46,377,500,5652,44,42,40,43,1067,41,50142,46909,45,131],"class_list":["post-174677","post","type-post","status-publish","format-standard","has-post-thumbnail","category-sport","tag-atigazolasok","tag-bamidele-yusuf","tag-ferencvaros","tag-fradi","tag-ftc","tag-hazai-atigazolasi-hirek","tag-hu","tag-hungarian","tag-hungary","tag-magyar","tag-magyar-foci","tag-magyarorszag","tag-naby-keita","tag-qarabag","tag-sport","tag-sports"],"share_on_mastodon":{"url":"https:\/\/pubeurope.com\/@hu\/116928794227807659","error":""},"_links":{"self":[{"href":"https:\/\/www.europesays.com\/hu\/wp-json\/wp\/v2\/posts\/174677","targetHints":{"allow":["GET"]}}],"collection":[{"href":"https:\/\/www.europesays.com\/hu\/wp-json\/wp\/v2\/posts"}],"about":[{"href":"https:\/\/www.europesays.com\/hu\/wp-json\/wp\/v2\/types\/post"}],"author":[{"embeddable":true,"href":"https:\/\/www.europesays.com\/hu\/wp-json\/wp\/v2\/users\/2"}],"replies":[{"embeddable":true,"href":"https:\/\/www.europesays.com\/hu\/wp-json\/wp\/v2\/comments?post=174677"}],"version-history":[{"count":0,"href":"https:\/\/www.europesays.com\/hu\/wp-json\/wp\/v2\/posts\/174677\/revisions"}],"wp:featuredmedia":[{"embeddable":true,"href":"https:\/\/www.europesays.com\/hu\/wp-json\/wp\/v2\/media\/174678"}],"wp:attachment":[{"href":"https:\/\/www.europesays.com\/hu\/wp-json\/wp\/v2\/media?parent=174677"}],"wp:term":[{"taxonomy":"category","embeddable":true,"href":"https:\/\/www.europesays.com\/hu\/wp-json\/wp\/v2\/categories?post=174677"},{"taxonomy":"post_tag","embeddable":true,"href":"https:\/\/www.europesays.com\/hu\/wp-json\/wp\/v2\/tags?post=174677"}],"curies":[{"name":"wp","href":"https:\/\/api.w.org\/{rel}","templated":true}]}}