{"id":175193,"date":"2026-07-16T16:55:06","date_gmt":"2026-07-16T16:55:06","guid":{"rendered":"https:\/\/www.europesays.com\/hu\/175193\/"},"modified":"2026-07-16T16:55:06","modified_gmt":"2026-07-16T16:55:06","slug":"index-kultur-nosztalgiahullam-az-m1-en-ikonikus-sorozatokkal-varja-a-nezoket-a-csatorna","status":"publish","type":"post","link":"https:\/\/www.europesays.com\/hu\/175193\/","title":{"rendered":"Index &#8211; Kult\u00far &#8211; Nosztalgiahull\u00e1m az M1-en, ikonikus sorozatokkal v\u00e1rja a n\u00e9z\u0151ket a csatorna"},"content":{"rendered":"<p>\u00daj m\u0171sorstrukt\u00far\u00e1val v\u00e1rja n\u00e9z\u0151it szombatt\u00f3l az M1 csatorna \u2013 k\u00f6z\u00f6lte az MTVA Sajt\u00f3 \u00e9s Marketing Irod\u00e1ja cs\u00fct\u00f6rt\u00f6k\u00f6n az MTI-vel.<\/p>\n<p>A k\u00f6zlem\u00e9nyben kiemelt\u00e9k: a csatorna tematikus h\u00e9tv\u00e9g\u00e9kkel, klasszikus magyar filmekkel \u00e9s a hazai filmm\u0171v\u00e9szet meghat\u00e1roz\u00f3 alkot\u00f3inak \u00e9letm\u0171v\u00e9vel jelentkezik majd, a h\u00e9tk\u00f6znap esti m\u0171sors\u00e1vban pedig gener\u00e1ci\u00f3k kedvenc magyar telev\u00edzi\u00f3s sorozatai t\u00e9rnek vissza.<\/p>\n<p>                        N\u0151i alkot\u00f3k filmjei<\/p>\n<p>A t\u00e1j\u00e9koztat\u00e1s szerint az els\u0151 tematikus h\u00e9tv\u00e9g\u00e9n kiemelked\u0151, nemzetk\u00f6zileg elismert n\u0151i alkot\u00f3k filmjeit l\u00e1thatj\u00e1k a n\u00e9z\u0151k. Szombaton\u00a0<a href=\"https:\/\/index.hu\/kultur\/2026\/03\/14\/enyedi-ildiko-bergamo-filmfesztival-simon-magus-csendes-barat-oscar-testrol-es-lelekrol\/\" id=\"hyperlink_c8eecfdbb42d01296f9ef29075e52c3a\" target=\"_self\" title=\"Enyedi Ildik\u00f3 az Indexnek: Sok b\u00e1tor, fiatal rendez\u0151 van, aki a nehezebb utat v\u00e1lasztja Magyarorsz\u00e1gon\" data-recommendation=\"bekezdes_utan\" data-recommendation-preview=\"{&quot;og:title&quot;:&quot;Enyedi Ildik\u00f3 az Indexnek: Sok b\u00e1tor, fiatal rendez\\u0151 van, aki a nehezebb utat v\u00e1lasztja Magyarorsz\u00e1gon&quot;,&quot;og:description&quot;:&quot;A vil\u00e1gh\u00edr\\u0171 magyar rendez\\u0151 azt is el\u00e1rulta, mit\\u0151l \u00e9rz\u00e9keny\u00fclt el igaz\u00e1n.&quot;,&quot;og:image&quot;:&quot;\\\/\\\/kep.cdn.indexvas.hu\\\/1\\\/0\\\/6826\\\/68261\\\/682615\\\/68261523_5039249_79d7beeaa8e5a44e2df838297d723575_wm.jpg&quot;}\" data-recommendation-id=\"6177951\" rel=\"nofollow noopener\">Enyedi Ildik\u00f3 filmjeit<\/a>, a Cannes-ban Arany Kamera-d\u00edjjal elismert Az \u00e9n XX. sz\u00e1zadom, valamint a Simon m\u00e1gus c\u00edm\u0171 alkot\u00e1sokat vet\u00edtik. Vas\u00e1rnap M\u00e9sz\u00e1ros M\u00e1rta \u2013 a Berlinale f\u0151d\u00edj\u00e1t els\u0151 magyar n\u0151i rendez\u0151k\u00e9nt elnyer\u0151 alkot\u00f3 \u2013 \u00e9letm\u0171ve el\u0151tt tiszteleg a csatorna, m\u0171sorra t\u0171zve a Holdudvar \u00e9s az Aurora Borealis c\u00edm\u0171 filmeket.<\/p>\n<p>A k\u00f6vetkez\u0151 h\u00e9tv\u00e9g\u00e9n T\u00edm\u00e1r P\u00e9ter k\u00f6z\u00f6ns\u00e9gkedvenc szat\u00edr\u00e1it \u00e9s v\u00edgj\u00e1t\u00e9kait (Moziklip, a Csapd le csacsi!, az Eg\u00e9szs\u00e9ges erotika) \u00e9s az 1982-ben Oscar-d\u00edjjal elismert Szab\u00f3 Istv\u00e1n (Apa &#8211; Egy hit napl\u00f3ja, Redl ezredes) munk\u00e1ss\u00e1g\u00e1t mutatj\u00e1k be.<\/p>\n<p>                        Oscar-d\u00edjas \u00e9s Oscar-jel\u00f6lt magyar alkot\u00e1sok<\/p>\n<p>Augusztus els\u0151 h\u00e9tv\u00e9g\u00e9j\u00e9n szombaton Oscar-d\u00edjas \u00e9s Oscar-jel\u00f6lt magyar alkot\u00e1sokb\u00f3l (A l\u00e9gy, Mindenki, J\u00f3b l\u00e1zad\u00e1sa \u00e9s a Mephisto) l\u00e1that\u00f3 v\u00e1logat\u00e1s. Vas\u00e1rnap J\u00f3kai M\u00f3r m\u0171veinek filmes adapt\u00e1ci\u00f3ival \u2013 k\u00f6zt\u00fck a Szeg\u00e9ny gazdagok \u00e9s a Gazdag szeg\u00e9nyek c\u00edm\u0171 alkot\u00e1ssal \u2013 a magyar irodalom klasszikusait id\u00e9zik meg.<\/p>\n<p>Az ezt k\u00f6vet\u0151 h\u00e9tv\u00e9g\u00e9n a magyar sz\u00ednh\u00e1z- \u00e9s filmm\u0171v\u00e9szet k\u00e9t legend\u00e1s m\u0171v\u00e9sze, Latinovits Zolt\u00e1n \u00e9s Ruttkai \u00c9va el\u0151tt tiszteleg az M1 olyan klasszikusokkal, mint a Szindb\u00e1d, a Hideg napok, a Fot\u00f3 H\u00e1ber vagy a Tanulm\u00e1ny a n\u0151kr\u0151l.<\/p>\n<p>                        A f\u0151m\u0171sorid\u0151 is meg\u00fajul<\/p>\n<p>A h\u00e9tk\u00f6znap esti f\u0151m\u0171sorid\u0151 is meg\u00fajul. H\u00e9tf\u0151nk\u00e9nt a Linda, kedden az <a href=\"https:\/\/index.hu\/fomo\/2026\/07\/13\/m1-kozmedia-televizio-szex-meztelen-nmhh-korhatar-besorolas-angyalborben\/\" id=\"hyperlink_3bf7d39ea82ac820afad4d06e8297cac\" target=\"_blank\" title=\"Tizennyolc pluszos tartalomba futottunk bele f\u00e9nyes nappal a k\u00f6zm\u00e9di\u00e1ban\" rel=\"nofollow noopener\">Angyalb\u0151rben<\/a>, szerd\u00e1n a Fam\u00edlia Kft., cs\u00fct\u00f6rt\u00f6k\u00f6n a Kisv\u00e1ros, p\u00e9nteken pedig a Patika epiz\u00f3djait sug\u00e1rozz\u00e1k az M1 m\u0171sor\u00e1n. P\u00e9ntek est\u00e9nk\u00e9nt a hazai k\u00f6nny\u0171zene olyan meghat\u00e1roz\u00f3 el\u0151ad\u00f3inak koncertfelv\u00e9teleit t\u0171zik m\u0171sorra, mint Zor\u00e1n, az Omega, a Hung\u00e1ria \u00e9s az Ill\u00e9s egy\u00fcttes.<\/p>\n<p>A klasszikus magyar filmek \u00e9s sorozatok mellett az M1 r\u00e9szletes m\u0171sork\u00edn\u00e1lata a M\u00e9diaklikk fel\u00fclet\u00e9n \u00e9rhet\u0151 el.<\/p>\n<p><a href=\"https:\/\/index.hu\/belfold\/2026\/07\/11\/m1-kozteve-mtva-hirszolgaltatas-ujraindulas\/\" id=\"hyperlink_607e61705f30bdf3eb2ced11defb9657\" target=\"_self\" title=\"\u00dajraindult az M1 h\u00edrszolg\u00e1ltat\u00e1sa\" data-recommendation=\"bekezdes_utan\" data-recommendation-preview=\"{&quot;og:title&quot;:&quot;\u00dajraindult az M1 h\u00edrszolg\u00e1ltat\u00e1sa&quot;,&quot;og:description&quot;:&quot;Csaknem 5 nap sz\u00fcnet ut\u00e1n.&quot;,&quot;og:image&quot;:&quot;\\\/\\\/kep.cdn.indexvas.hu\\\/1\\\/0\\\/7036\\\/70363\\\/703632\\\/70363223_5191073_31209614310ecc051b007718b5bae07f_wm.jpg&quot;}\" data-recommendation-id=\"6244307\" rel=\"nofollow noopener\">Mint arr\u00f3l kor\u00e1bban besz\u00e1moltunk<\/a>, szombat reggel r\u00e9szben \u00fajraindult az M1 h\u00edrszolg\u00e1ltat\u00e1sa. A csatorn\u00e1n j\u00falius 7-\u00e9n, d\u00e9lut\u00e1n \u00e1ll\u00edtott\u00e1k le a h\u00edrad\u00e1st, helyette \u00f3r\u00e1kig egy felirat volt olvashat\u00f3, melyben bocs\u00e1natot k\u00e9rt a k\u00f6zm\u00e9dia az\u00e9rt, hogy hossz\u00fa \u00e9veken kereszt\u00fcl hazudtak. Az ad\u00e1s csak 19.56-kor indult \u00fajra, a Tan\u00fa c\u00edm\u0171 filmmel.<\/p>\n<p>\n                          (Bor\u00edt\u00f3k\u00e9p: Az MTVA \u00e9p\u00fclete. Fot\u00f3: Papajcsik P\u00e9ter \/ Index)\n                        <\/p>\n<p><a href=\"https:\/\/dex.hu\/x.php?id=googlepref_desktop&amp;url=https:\/\/google.com\/preferences\/source?q=https:\/\/index.hu\" class=\"google-pref-banner \" id=\"googlePrefBanner\" rel=\"nofollow noopener\" target=\"_blank\"><\/p>\n<p>    Itt \u00e1ll\u00edtsa be, hogy az Index az els\u0151k k\u00f6z\u00f6tt legyen a Google-tal\u00e1latokban!<\/p>\n<p><\/a><\/p>\n<p>    <img decoding=\"async\" src=\"https:\/\/index.hu\/assets\/images\/social-follow\/logo-big.svg\" alt=\"Index.hu logo\"\/><\/p>\n<p>K\u00f6vesse az Indexet Facebookon is!<\/p>\n<p>    <a href=\"https:\/\/facebook.com\/Indexhu\" target=\"_blank\" rel=\"nofollow noopener\"><\/p>\n<p>        K\u00f6vetem!<br \/>\n    <\/a><\/p>\n","protected":false},"excerpt":{"rendered":"\u00daj m\u0171sorstrukt\u00far\u00e1val v\u00e1rja n\u00e9z\u0151it szombatt\u00f3l az M1 csatorna \u2013 k\u00f6z\u00f6lte az MTVA Sajt\u00f3 \u00e9s Marketing Irod\u00e1ja cs\u00fct\u00f6rt\u00f6k\u00f6n az&hellip;\n","protected":false},"author":2,"featured_media":175194,"comment_status":"","ping_status":"","sticky":false,"template":"","format":"standard","meta":{"footnotes":"","_share_on_mastodon":"0"},"categories":[19],"tags":[137,13321,44,42,40,150,10674,43,2932,41,1223,50784,4456,138,191],"class_list":["post-175193","post","type-post","status-publish","format-standard","has-post-thumbnail","category-tv","tag-entertainment","tag-enyedi-ildiko","tag-hu","tag-hungarian","tag-hungary","tag-kultur","tag-m1","tag-magyar","tag-magyar-filmek","tag-magyarorszag","tag-mtva","tag-musorstruktura","tag-oscar-dij","tag-szorakozas","tag-tv"],"share_on_mastodon":{"url":"https:\/\/pubeurope.com\/@hu\/116930709433138077","error":""},"_links":{"self":[{"href":"https:\/\/www.europesays.com\/hu\/wp-json\/wp\/v2\/posts\/175193","targetHints":{"allow":["GET"]}}],"collection":[{"href":"https:\/\/www.europesays.com\/hu\/wp-json\/wp\/v2\/posts"}],"about":[{"href":"https:\/\/www.europesays.com\/hu\/wp-json\/wp\/v2\/types\/post"}],"author":[{"embeddable":true,"href":"https:\/\/www.europesays.com\/hu\/wp-json\/wp\/v2\/users\/2"}],"replies":[{"embeddable":true,"href":"https:\/\/www.europesays.com\/hu\/wp-json\/wp\/v2\/comments?post=175193"}],"version-history":[{"count":0,"href":"https:\/\/www.europesays.com\/hu\/wp-json\/wp\/v2\/posts\/175193\/revisions"}],"wp:featuredmedia":[{"embeddable":true,"href":"https:\/\/www.europesays.com\/hu\/wp-json\/wp\/v2\/media\/175194"}],"wp:attachment":[{"href":"https:\/\/www.europesays.com\/hu\/wp-json\/wp\/v2\/media?parent=175193"}],"wp:term":[{"taxonomy":"category","embeddable":true,"href":"https:\/\/www.europesays.com\/hu\/wp-json\/wp\/v2\/categories?post=175193"},{"taxonomy":"post_tag","embeddable":true,"href":"https:\/\/www.europesays.com\/hu\/wp-json\/wp\/v2\/tags?post=175193"}],"curies":[{"name":"wp","href":"https:\/\/api.w.org\/{rel}","templated":true}]}}