{"id":175220,"date":"2026-07-16T17:19:08","date_gmt":"2026-07-16T17:19:08","guid":{"rendered":"https:\/\/www.europesays.com\/hu\/175220\/"},"modified":"2026-07-16T17:19:08","modified_gmt":"2026-07-16T17:19:08","slug":"lottek-a-hetvegi-balaton-atuszasnak-economx","status":"publish","type":"post","link":"https:\/\/www.europesays.com\/hu\/175220\/","title":{"rendered":"L\u0151ttek a h\u00e9tv\u00e9gi Balaton-\u00e1t\u00fasz\u00e1snak | Economx"},"content":{"rendered":"<p data-alignment=\"left\" class=\"text-left\" data-block-key=\"q2uzj\">Egy h\u00e9ttel elhalasztj\u00e1k a szombatra tervezett 44. Lidl Balaton-\u00e1t\u00fasz\u00e1st. A szervez\u0151 Budapest Sportiroda (BSI) t\u00e1j\u00e9koztat\u00e1sa szerint a HungaroMet si\u00f3foki obszervat\u00f3rium\u00e1nak id\u0151j\u00e1r\u00e1s-el\u0151rejelz\u00e9se alapj\u00e1n, a Balatoni V\u00edzirend\u00e9szeti Rend\u0151rkapit\u00e1ny egyet\u00e9rt\u00e9s\u00e9vel d\u00f6nt\u00f6tt arr\u00f3l, hogy nem tartja meg a rendezv\u00e9nyt a mostani h\u00e9tv\u00e9g\u00e9n.<\/p>\n<p data-alignment=\"left\" class=\"text-left\" data-block-key=\"vx07j\">Szombaton \u00e9s vas\u00e1rnap sem lesznek megfelel\u0151ek a felt\u00e9telek.<\/p>\n<p>  <a rel=\"noopener nofollow\" href=\"https:\/\/indamediasales.hu\/2019\/06\/25\/quality_placement_minosegbiztositasi_tajekoztato_728\" target=\"_blank\" class=\"flex items-center\"><\/p>\n<p>      <img loading=\"lazy\" decoding=\"async\" src=\"https:\/\/www.economx.hu\/neon\/static\/images\/brand\/quality_placement_logo.svg\" alt=\"Quality Placement\" width=\"150\" height=\"15\"\/><\/p>\n<p>  <\/a><\/p>\n<p>\n  hirdet\u00e9s<\/p>\n<p>    X<\/p>\n<p data-alignment=\"left\" class=\"text-left\" data-block-key=\"t63s\">Az id\u0151j\u00e1r\u00e1si el\u0151rejelz\u00e9sek szerint szombaton egy hidegfront miatt \u201e\u00e9l\u00e9nk, id\u0151nk\u00e9nt er\u0151s \u00e9szaknyugati sz\u00e9l \u00e9s ehhez kapcsol\u00f3d\u00f3 er\u0151s hull\u00e1mz\u00e1s&#8221;, vas\u00e1rnap pedig \u201elabilis l\u00e9gk\u00f6ri viszonyok, illetve a d\u00e9lnyugati sz\u00e9l miatt tengely ir\u00e1ny\u00fa hull\u00e1mz\u00e1s v\u00e1rhat\u00f3, majd k\u00e9s\u0151 d\u00e9lut\u00e1nt\u00f3l hidegfront \u00e9rkezik viharos \u00e9szaknyugati sz\u00e9llel, zivatarokkal.&#8221;<\/p>\n<p data-alignment=\"left\" class=\"text-left\" data-block-key=\"3hg5u\">A verseny \u00faj tervezett id\u0151pontja j\u00f6v\u0151 szombat, amir\u0151l a szervez\u0151k j\u00f6v\u0151 cs\u00fct\u00f6rt\u00f6k\u00f6n d\u00f6ntenek <a href=\"https:\/\/www.economx.hu\/belfold\/2026\/07\/15\/aszaly-tavak-balaton-velencei-to-alacsony-vizallas\/\" target=\"_blank\" rel=\" noopener noreferrer nofollow\" data-link-preview=\"true\" data-og-title=\"L\u00e1tv\u00e1nyosan fogy a Balaton vize, a Velencei-t\u00f3n\u00e1l m\u00e1r kritikus a helyzet\" data-og-description=\"A tart\u00f3s h\u0151s\u00e9g \u00e9s a csapad\u00e9khi\u00e1ny miatt tov\u00e1bb apad a Balaton v\u00edzszintje, amely az elm\u00falt k\u00e9t h\u00e9tben t\u00edz centim\u00e9terrel cs\u00f6kkent. A Velencei-t\u00f3n\u00e1l m\u00e1r t\u00f6rt\u00e9nelmi m\u00e9lypontra s\u00fcllyedt a v\u00edz\u00e1ll\u00e1s, \u00e9s a meteorol\u00f3giai el\u0151rejelz\u00e9sek szerint egyel\u0151re nem v\u00e1rhat\u00f3 jelent\u0151s javul\u00e1s.\" data-og-image=\"https:\/\/www.economx.hu\/neon\/media\/images\/Balaton_idokep.format-avif.max-600x400.avif\" data-og-image-small=\"https:\/\/www.economx.hu\/neon\/media\/images\/Balaton_idokep.format-avif.max-370x278.avif\" data-og-column=\"Belf\u00f6ld\" data-og-tags=\"[&quot;Belf\\u00f6ld&quot;, &quot;balaton&quot;, &quot;Velencei-t\\u00f3&quot;, &quot;v\\u00edz\\u00e1ll\\u00e1s&quot;, &quot;id\\u0151k\\u00e9p&quot;, &quot;hungaromet&quot;]\">majd<\/a>.<\/p>\n<p><a href=\"https:\/\/google.com\/preferences\/source?q=https%3A\/\/www.economx.hu\" rel=\"noopener nofollow\" referrerpolicy=\"no-referrer-when-downgrade\" class=\"!flex !items-center !gap-5 !py-2 !px-3 w-full !rounded-xl !font-bold cursor-pointer !no-underline relative !bg-white !text-[#202124] !border !border-[#858585] dark:!bg-[#323232] dark:!text-white dark:border-none mb-4 \" target=\"_blank\"><br \/>\n  <img decoding=\"async\" src=\"https:\/\/www.economx.hu\/neon\/static\/images\/favicons\/google_favicon.svg\" alt=\"Google\" class=\"shrink-0 w-7 h-7\"\/><br \/>\n  \u00c1ll\u00edtsd be, hogy az Economx az els\u0151k k\u00f6z\u00f6tt legyen a Google-tal\u00e1latokban!<\/p>\n<p><\/a><\/p>\n","protected":false},"excerpt":{"rendered":"Egy h\u00e9ttel elhalasztj\u00e1k a szombatra tervezett 44. Lidl Balaton-\u00e1t\u00fasz\u00e1st. A szervez\u0151 Budapest Sportiroda (BSI) t\u00e1j\u00e9koztat\u00e1sa szerint a HungaroMet&hellip;\n","protected":false},"author":2,"featured_media":175221,"comment_status":"","ping_status":"","sticky":false,"template":"","format":"standard","meta":{"footnotes":"","_share_on_mastodon":"0"},"categories":[33],"tags":[45902,13444,38,35,37,44,42,40,278,43,41,34,36,39],"class_list":["post-175220","post","type-post","status-publish","format-standard","has-post-thumbnail","category-hirek","tag-balaton-atuszas","tag-elmarad","tag-focimek","tag-headlines","tag-hirek","tag-hu","tag-hungarian","tag-hungary","tag-idojaras","tag-magyar","tag-magyarorszag","tag-news","tag-top-stories","tag-vezeto-hirek"],"share_on_mastodon":{"url":"https:\/\/pubeurope.com\/@hu\/116930803630011446","error":""},"_links":{"self":[{"href":"https:\/\/www.europesays.com\/hu\/wp-json\/wp\/v2\/posts\/175220","targetHints":{"allow":["GET"]}}],"collection":[{"href":"https:\/\/www.europesays.com\/hu\/wp-json\/wp\/v2\/posts"}],"about":[{"href":"https:\/\/www.europesays.com\/hu\/wp-json\/wp\/v2\/types\/post"}],"author":[{"embeddable":true,"href":"https:\/\/www.europesays.com\/hu\/wp-json\/wp\/v2\/users\/2"}],"replies":[{"embeddable":true,"href":"https:\/\/www.europesays.com\/hu\/wp-json\/wp\/v2\/comments?post=175220"}],"version-history":[{"count":0,"href":"https:\/\/www.europesays.com\/hu\/wp-json\/wp\/v2\/posts\/175220\/revisions"}],"wp:featuredmedia":[{"embeddable":true,"href":"https:\/\/www.europesays.com\/hu\/wp-json\/wp\/v2\/media\/175221"}],"wp:attachment":[{"href":"https:\/\/www.europesays.com\/hu\/wp-json\/wp\/v2\/media?parent=175220"}],"wp:term":[{"taxonomy":"category","embeddable":true,"href":"https:\/\/www.europesays.com\/hu\/wp-json\/wp\/v2\/categories?post=175220"},{"taxonomy":"post_tag","embeddable":true,"href":"https:\/\/www.europesays.com\/hu\/wp-json\/wp\/v2\/tags?post=175220"}],"curies":[{"name":"wp","href":"https:\/\/api.w.org\/{rel}","templated":true}]}}