{"id":175502,"date":"2026-07-16T23:32:11","date_gmt":"2026-07-16T23:32:11","guid":{"rendered":"https:\/\/www.europesays.com\/hu\/175502\/"},"modified":"2026-07-16T23:32:11","modified_gmt":"2026-07-16T23:32:11","slug":"nem-kerul-azerbajdzsanba-a-fradi-bl-gyoztes-legiosa","status":"publish","type":"post","link":"https:\/\/www.europesays.com\/hu\/175502\/","title":{"rendered":"Nem ker\u00fcl Azerbajdzs\u00e1nba a Fradi BL-gy\u0151ztes l\u00e9gi\u00f3sa"},"content":{"rendered":"<p class=\"strong\">A 31 \u00e9ves guineai k\u00f6z\u00e9pp\u00e1ly\u00e1st \u00fajabb k\u00fclf\u00f6ldi klubbal hozt\u00e1k kapcsolatba.<\/p>\n<p>Azerbajdzs\u00e1ni sajt\u00f3h\u00edrek szerint a Qarabag szerz\u0151dtetn\u00e9 a Ferencv\u00e1ros BL-gy\u0151ztes k\u00f6z\u00e9pp\u00e1ly\u00e1s\u00e1t, Naby Keit\u00e1t.<\/p>\n<p>A <a href=\"https:\/\/idmanxeber.az\/qarabag-ucun-daha-bir-transfer-iddiasi-3-milyona-hucumcu-alinir\/\" target=\"_blank\" rel=\"noopener nofollow\">sportinfo.az besz\u00e1mol\u00f3ja szerint<\/a> az azeri bajnoks\u00e1g legut\u00f3bbi ez\u00fcst\u00e9rmese hivatalosan is megkereste a Ferencv\u00e1rost, \u00e9s aj\u00e1nlatot tett a 31 \u00e9ves guineai j\u00e1t\u00e9kos\u00e9rt.<\/p>\n<p>Nem Keita az els\u0151 ferencv\u00e1rosi futballista, akit az elm\u00falt id\u0151szakban kapcsolatba hoztak a Qarabaggal. Ez\u00fattal azonban \u00fagy t\u0171nik, gyorsan lez\u00e1rhat\u00f3 az \u00e1tigazol\u00e1si t\u00f6rt\u00e9net.<\/p>\n<p>A <a href=\"https:\/\/www.csakfoci.hu\/magyar-foci\/kulfoldon-allitjak-ujabb-fradi-jatekosert-erkezett-ajanlat-azerbajdzsanbol-igy-all-az-ugye\" target=\"_blank\" rel=\"noopener nofollow\">Csakfoci.hu inform\u00e1ci\u00f3i szerint<\/a> ugyanis nincs val\u00f3s\u00e1galapja annak a h\u00edrnek, hogy a Qarabag aj\u00e1nlatot tett Naby Keit\u00e1\u00e9rt.<\/p>\n<p>Friss\u00edt\u00e9s<\/p>\n<p>K\u00f6zben az \u00dcll\u0151i129 a k\u00f6vetkez\u0151 h\u00edrr\u0151l sz\u00e1molt be: \u201eHelyi sajt\u00f3h\u00edrek szerint Kenan a g\u00f6r\u00f6g \u00e9lvonalba igazolhat. \u00daj csapata az OFI Kr\u00e9ta lehet, \u00fagy tudjuk, hogy <a href=\"https:\/\/ulloi129.hu\/2026\/07\/16\/kodro-gorogorszagban-kothet-ki\/\" target=\"_blank\" rel=\"noopener nofollow\">a g\u00f6r\u00f6g 6. helyezett \u00e9rdekl\u0151d\u00e9se val\u00f3s<\/a>.\u201d<\/p>\n<p>Kor\u00e1bban<\/p>\n<p>Fradi\u2013Vojvodina: Borb\u00e9ly l\u00e1mpal\u00e1zr\u00f3l, Osv\u00e1th <a href=\"https:\/\/nb1.hu\/hir\/ferencvaros-vojvodina-borbely-balazs-osvath-attila-el-visszavago\/\" target=\"_blank\" rel=\"noopener nofollow\">nagy v\u00e1ltoz\u00e1sokr\u00f3l besz\u00e9lt<\/a><\/p>\n<p><a href=\"https:\/\/nb1.hu\/hir\/ferencvaros-vojvodina-borbely-balazs-osvath-attila-el-visszavago\/\" rel=\"nofollow noopener\" target=\"_blank\">Fradi\u2013Vojvodina: Borb\u00e9ly l\u00e1mpal\u00e1zr\u00f3l, Osv\u00e1th nagy v\u00e1ltoz\u00e1sokr\u00f3l besz\u00e9lt<\/a><\/p>\n<p>Bor\u00edt\u00f3k\u00e9p forr\u00e1sa: FradiM\u00e9dia<\/p>\n","protected":false},"excerpt":{"rendered":"A 31 \u00e9ves guineai k\u00f6z\u00e9pp\u00e1ly\u00e1st \u00fajabb k\u00fclf\u00f6ldi klubbal hozt\u00e1k kapcsolatba. Azerbajdzs\u00e1ni sajt\u00f3h\u00edrek szerint a Qarabag szerz\u0151dtetn\u00e9 a Ferencv\u00e1ros&hellip;\n","protected":false},"author":2,"featured_media":175503,"comment_status":"","ping_status":"","sticky":false,"template":"","format":"standard","meta":{"footnotes":"","_share_on_mastodon":"0"},"categories":[14],"tags":[6838,46,44,42,40,43,41,50142,46909,45,131],"class_list":["post-175502","post","type-post","status-publish","format-standard","has-post-thumbnail","category-sport","tag-atigazolasi-hirek","tag-ferencvaros","tag-hu","tag-hungarian","tag-hungary","tag-magyar","tag-magyarorszag","tag-naby-keita","tag-qarabag","tag-sport","tag-sports"],"share_on_mastodon":{"url":"https:\/\/pubeurope.com\/@hu\/116932270151149370","error":""},"_links":{"self":[{"href":"https:\/\/www.europesays.com\/hu\/wp-json\/wp\/v2\/posts\/175502","targetHints":{"allow":["GET"]}}],"collection":[{"href":"https:\/\/www.europesays.com\/hu\/wp-json\/wp\/v2\/posts"}],"about":[{"href":"https:\/\/www.europesays.com\/hu\/wp-json\/wp\/v2\/types\/post"}],"author":[{"embeddable":true,"href":"https:\/\/www.europesays.com\/hu\/wp-json\/wp\/v2\/users\/2"}],"replies":[{"embeddable":true,"href":"https:\/\/www.europesays.com\/hu\/wp-json\/wp\/v2\/comments?post=175502"}],"version-history":[{"count":0,"href":"https:\/\/www.europesays.com\/hu\/wp-json\/wp\/v2\/posts\/175502\/revisions"}],"wp:featuredmedia":[{"embeddable":true,"href":"https:\/\/www.europesays.com\/hu\/wp-json\/wp\/v2\/media\/175503"}],"wp:attachment":[{"href":"https:\/\/www.europesays.com\/hu\/wp-json\/wp\/v2\/media?parent=175502"}],"wp:term":[{"taxonomy":"category","embeddable":true,"href":"https:\/\/www.europesays.com\/hu\/wp-json\/wp\/v2\/categories?post=175502"},{"taxonomy":"post_tag","embeddable":true,"href":"https:\/\/www.europesays.com\/hu\/wp-json\/wp\/v2\/tags?post=175502"}],"curies":[{"name":"wp","href":"https:\/\/api.w.org\/{rel}","templated":true}]}}