{"id":175893,"date":"2026-07-17T09:52:07","date_gmt":"2026-07-17T09:52:07","guid":{"rendered":"https:\/\/www.europesays.com\/hu\/175893\/"},"modified":"2026-07-17T09:52:07","modified_gmt":"2026-07-17T09:52:07","slug":"dontott-a-japan-parlament-csak-ferfi-orokolheti-a-csaszari-tront","status":"publish","type":"post","link":"https:\/\/www.europesays.com\/hu\/175893\/","title":{"rendered":"D\u00f6nt\u00f6tt a jap\u00e1n parlament: csak f\u00e9rfi \u00f6r\u00f6k\u00f6lheti a cs\u00e1sz\u00e1ri tr\u00f3nt"},"content":{"rendered":"<p class=\"whitespace-pre-wrap\">\n    A cs\u00e1sz\u00e1ri tr\u00f3n \u00f6r\u00f6kl\u00e9s\u00e9r\u0151l fogadott el t\u00f6rv\u00e9nym\u00f3dos\u00edt\u00e1st p\u00e9nteken a jap\u00e1n parlament, amely alapj\u00e1n csak az uralkod\u00f3h\u00e1z apai \u00e1g\u00e1r\u00f3l sz\u00e1rmaz\u00f3 f\u00e9rfiak v\u00e1lhatnak cs\u00e1sz\u00e1rr\u00e1. \u00c9s b\u00e1r ez alapj\u00e1n n\u0151k nem \u00f6r\u00f6k\u00f6lhetik a posztot, a t\u00f6rv\u00e9nym\u00f3dos\u00edt\u00e1s azt lehet\u0151v\u00e9 teszi, hogy az uralkod\u00f3 t\u00e1voli rokonokat fogadjon \u00f6r\u00f6kbe a tr\u00f3nut\u00f3dl\u00e1s \u00e9rdek\u00e9ben. \u00c9s egy\u00e9bk\u00e9nt arr\u00f3l is rendelkezik, hogy a k\u00f6zemberekkel h\u00e1zass\u00e1got k\u00f6t\u00f6tt hercegn\u0151k is megtarthatj\u00e1k kir\u00e1lyi st\u00e1tuszukat.\n  <\/p>\n<p class=\"\">\n    Elemz\u0151k szerint az uralkod\u00f3csal\u00e1d el\u00f6reged\u00e9se \u00e9s l\u00e9tsz\u00e1m\u00e1nak cs\u00f6kken\u00e9se miatt ezek a l\u00e9p\u00e9sek a 1500 \u00e9ve \u00f6r\u00f6kl\u0151d\u0151 cs\u00e1sz\u00e1ri int\u00e9zm\u00e9ny buk\u00e1s\u00e1t okozhatj\u00e1k.\n  <\/p>\n<p class=\"\">\n    Naruhito cs\u00e1sz\u00e1r 24 \u00e9ves l\u00e1nya rendk\u00edv\u00fcl n\u00e9pszer\u0171, \u00e9s sok jap\u00e1n tartja megfelel\u0151 ut\u00f3dnak, de Aiko hercegn\u0151 nem jogosult a tr\u00f3nra, mert n\u0151. A t\u00f6rv\u00e9ny szerint a cs\u00e1sz\u00e1r \u00f6ccse, majd 19 \u00e9ves unoka\u00f6ccse, Hisahito herceg \u00f6r\u00f6k\u00f6lheti a tr\u00f3nt, ut\u00e1nuk pedig a cs\u00e1sz\u00e1r 90 \u00e9ves nagyb\u00e1tyja k\u00f6vetkezik a sorban.\n  <\/p>\n<p>    <a href=\"https:\/\/www.europesays.com\/hu\/wp-content\/uploads\/2026\/07\/8Mp4RdTPZY3RGWBGs.jpeg\" class=\"uwwrama _1chu0ywg _8b6bx65\" rel=\"nofollow\"><\/p>\n<p>  <img decoding=\"async\" loading=\"lazy\" src=\"https:\/\/www.europesays.com\/hu\/wp-content\/uploads\/2026\/07\/8Mp4RdTPZY3RGWBGs.jpeg\"   class=\"_672m2jd _1chu0ywo ta3a4c1ey ta3a4c1aa he2knv4 ta3a4c1ey ta3a4czs\" style=\"--_672m2j6:1.47;--_672m2j5:1024px 698px\" alt=\"\"\/><\/p>\n<p>      <\/a><\/p>\n<p>\n              K\u00f6z\u00e9pen Naruhito cs\u00e1sz\u00e1r, balra Maszako cs\u00e1sz\u00e1rn\u00e9, jobbra l\u00e1nyuk, Aiko hercegn\u0151.\n            <\/p>\n<p>\n              Fot\u00f3:<br \/>\n                POOL FOR YOMIURI\/The Yomiuri Shimbun via AFP\n            <\/p>\n<p class=\"\">\n    Az elm\u00falt n\u00e9gy \u00e9vtizedben a cs\u00e1sz\u00e1ri csal\u00e1dban Hisahito kiv\u00e9tel\u00e9vel csak l\u00e1nyok sz\u00fclettek, a cs\u00e1sz\u00e1ri csal\u00e1d 16 feln\u0151ttje k\u00f6z\u00f6tt csak \u00f6t f\u00e9rfi van, \u00e9s egyik\u00fcknek sincs gyereke.\n  <\/p>\n<p class=\"\">\n    Takaicsi Szanae minisztereln\u00f6k viszont m\u00e1s konzervat\u00edv politikusokkal egy\u00fctt ragaszkodik ahhoz, hogy a f\u00e9rfi v\u00e9rvonal \u201ea cs\u00e1sz\u00e1r tekint\u00e9ly\u00e9nek \u00e9s legitimit\u00e1s\u00e1nak egyetlen forr\u00e1sa\u201d. A cs\u00e1sz\u00e1r anyja k\u00f6zember is lehet, de a cs\u00e1sz\u00e1ri h\u00e1z t\u00f6rv\u00e9nye szerint csak a kir\u00e1lyi v\u00e9rvonalb\u00f3l sz\u00e1rmaz\u00f3 f\u00e9rfiakt\u00f3l sz\u00fcletett fi\u00fak lehetnek a tr\u00f3n \u00f6r\u00f6k\u00f6sei.\n  <\/p>\n<p class=\"\">\n    A p\u00e9nteken elfogadott t\u00f6rv\u00e9nym\u00f3dos\u00edt\u00e1s c\u00e9lja, hogy megszil\u00e1rd\u00edtsa ezt a v\u00e9rvonalat azzal, hogy lehet\u0151v\u00e9 teszi t\u00e1voli kir\u00e1lyi f\u00e9rfi rokonok \u00f6r\u00f6kbefogad\u00e1s\u00e1t a j\u00f6v\u0151beli tr\u00f3n\u00f6r\u00f6k\u00f6s\u00f6k apjak\u00e9nt.\n  <\/p>\n<p class=\"\">\n    A jap\u00e1n cs\u00e1sz\u00e1rs\u00e1gban a XVIII. sz\u00e1zad v\u00e9g\u00e9ig nyolc n\u0151i uralkod\u00f3 volt, az apai \u00e1gon t\u00f6rt\u00e9n\u0151 f\u00e9rfi ut\u00f3dl\u00e1st 1890-ben, a Cs\u00e1sz\u00e1ri H\u00e1z T\u00f6rv\u00e9ny\u00e9ben r\u00f6gz\u00edtett\u00e9k el\u0151sz\u00f6r a patriarch\u00e1lis rendszert t\u00e1mogatva. A p\u00e9nteken elfogadott t\u00f6rv\u00e9nym\u00f3dos\u00edt\u00e1s ellenz\u0151i a t\u00f6rv\u00e9nym\u00f3dos\u00edt\u00e1st, ami a v\u00e1rvonal tov\u00e1bbvitel\u00e9nek z\u00e1logak\u00e9nt ink\u00e1bb a t\u00e1voli fi\u00fa rokonok \u00f6r\u00f6kbefogad\u00e1s\u00e1t teszi lehet\u0151v\u00e9, a n\u0151k elleni diszkrimin\u00e1ci\u00f3 \u00e9s a patriarch\u00e1lis rendszer igazol\u00e1s\u00e1nak tartj\u00e1k.\n  <\/p>\n<p class=\"\">\n    A jap\u00e1n t\u00f6rv\u00e9nyhoz\u00f3k p\u00e9nteken elfogadtak egy, a nemzeti z\u00e1szl\u00f3 meggyal\u00e1z\u00e1s\u00e1t tilt\u00f3 t\u00f6rv\u00e9nyt is, mely a kritikusok szerint a k\u00f6zv\u00e9lem\u00e9ny megf\u00e9leml\u00edt\u00e9s\u00e9re \u00e9s a korm\u00e1ny elleni kritik\u00e1k elhallgattat\u00e1s\u00e1ra tett k\u00eds\u00e9rlet. (MTI)\n  <\/p>\n","protected":false},"excerpt":{"rendered":"A cs\u00e1sz\u00e1ri tr\u00f3n \u00f6r\u00f6kl\u00e9s\u00e9r\u0151l fogadott el t\u00f6rv\u00e9nym\u00f3dos\u00edt\u00e1st p\u00e9nteken a jap\u00e1n parlament, amely alapj\u00e1n csak az uralkod\u00f3h\u00e1z apai \u00e1g\u00e1r\u00f3l&hellip;\n","protected":false},"author":2,"featured_media":175894,"comment_status":"","ping_status":"","sticky":false,"template":"","format":"standard","meta":{"footnotes":"","_share_on_mastodon":"0"},"categories":[8],"tags":[50926,50922,50924,42,50927,64,43,50923,34,50925,5639,41984,94,93,92],"class_list":["post-175893","post","type-post","status-publish","format-standard","has-post-thumbnail","category-vilag","tag-csaszari-csalad","tag-csaszari-tron","tag-hisahito","tag-hungarian","tag-japan-parlament","tag-kulfold","tag-magyar","tag-naruhito","tag-news","tag-patriarchalis-rendszer","tag-takaicsi-szanae","tag-tronorokles","tag-vilag","tag-world","tag-world-news"],"share_on_mastodon":{"url":"https:\/\/pubeurope.com\/@hu\/116934708319513337","error":""},"_links":{"self":[{"href":"https:\/\/www.europesays.com\/hu\/wp-json\/wp\/v2\/posts\/175893","targetHints":{"allow":["GET"]}}],"collection":[{"href":"https:\/\/www.europesays.com\/hu\/wp-json\/wp\/v2\/posts"}],"about":[{"href":"https:\/\/www.europesays.com\/hu\/wp-json\/wp\/v2\/types\/post"}],"author":[{"embeddable":true,"href":"https:\/\/www.europesays.com\/hu\/wp-json\/wp\/v2\/users\/2"}],"replies":[{"embeddable":true,"href":"https:\/\/www.europesays.com\/hu\/wp-json\/wp\/v2\/comments?post=175893"}],"version-history":[{"count":0,"href":"https:\/\/www.europesays.com\/hu\/wp-json\/wp\/v2\/posts\/175893\/revisions"}],"wp:featuredmedia":[{"embeddable":true,"href":"https:\/\/www.europesays.com\/hu\/wp-json\/wp\/v2\/media\/175894"}],"wp:attachment":[{"href":"https:\/\/www.europesays.com\/hu\/wp-json\/wp\/v2\/media?parent=175893"}],"wp:term":[{"taxonomy":"category","embeddable":true,"href":"https:\/\/www.europesays.com\/hu\/wp-json\/wp\/v2\/categories?post=175893"},{"taxonomy":"post_tag","embeddable":true,"href":"https:\/\/www.europesays.com\/hu\/wp-json\/wp\/v2\/tags?post=175893"}],"curies":[{"name":"wp","href":"https:\/\/api.w.org\/{rel}","templated":true}]}}