{"id":176159,"date":"2026-07-17T14:05:07","date_gmt":"2026-07-17T14:05:07","guid":{"rendered":"https:\/\/www.europesays.com\/hu\/176159\/"},"modified":"2026-07-17T14:05:07","modified_gmt":"2026-07-17T14:05:07","slug":"telex-a-fosszilis-energia-visszaszoritasaval-csokkentene-rezsit-az-eu-de-puhitana-egy-ezt-segito-rendszeren","status":"publish","type":"post","link":"https:\/\/www.europesays.com\/hu\/176159\/","title":{"rendered":"Telex: A fosszilis energia visszaszor\u00edt\u00e1s\u00e1val cs\u00f6kkentene rezsit az EU, de puh\u00edtana egy ezt seg\u00edt\u0151 rendszeren"},"content":{"rendered":"<p>Az Eur\u00f3pai Bizotts\u00e1g felpuh\u00edtan\u00e1 az uni\u00f3s kibocs\u00e1t\u00e1skereskedelmi rendszert (ETS) a <a href=\"https:\/\/ec.europa.eu\/commission\/presscorner\/detail\/en\/ip_26_1596\" target=\"_blank\" rel=\"nofollow noopener\">p\u00e9nteken bemutatott javaslataival<\/a>, amelyek t\u00f6bblett\u00e1mogat\u00e1st \u00e9s r\u00e9szleges \u00fajraoszt\u00e1st \u00edg\u00e9rnek Magyarorsz\u00e1gnak. A test\u00fclet az \u00e1rampiac reformj\u00e1ra is el\u0151\u00e1llt egy akci\u00f3tervvel, amely jobban \u00f6sszekapcsoln\u00e1 az uni\u00f3s h\u00e1l\u00f3zatot, t\u00f6bb okos villany\u00f3r\u00e1t szereltetne fel a h\u00e1ztart\u00e1sokba, \u00e9s \u00f6szt\u00f6n\u00f6zn\u00e9 a fosszilis energia t\u00e1mogat\u00e1s\u00e1nak kivezet\u00e9s\u00e9t, de nem k\u00f6telez\u0151.<\/p>\n<p>Mi az ETS?<\/p>\n<p>Az ETS az \u00fcvegh\u00e1zhat\u00e1st okoz\u00f3 g\u00e1zok \u2013 els\u0151sorban a sz\u00e9n-dioxid \u2013 kibocs\u00e1t\u00e1s\u00e1t igyekszik forintos\u00edtani. A rendszerben gyakorlatilag \u00fagy lehet kereskedni a kibocs\u00e1t\u00e1si egys\u00e9gekkel, mint m\u00e1s \u00e1rukkal. Az egys\u00e9gek m\u00e1s term\u00e9kek piac\u00e1hoz hasonl\u00f3an att\u00f3l f\u00fcgg\u0151en lesznek dr\u00e1g\u00e1bbak vagy olcs\u00f3bbak, hogy t\u00f6bblet vagy hi\u00e1ny van bel\u0151l\u00fck. Az egys\u00e9gek egy r\u00e9sz\u00e9t ingyen adj\u00e1k, de a fedezetlen g\u00e1zkibocs\u00e1t\u00e1sra a szennyez\u0151knek egys\u00e9geket venni vagy fejleszt\u00e9sekkel cs\u00f6kkenteni az emisszi\u00f3t (ezek gyakran az energiafelhaszn\u00e1l\u00e1st is visszafogj\u00e1k).<\/p>\n<p>A bev\u00e9telekb\u0151l kibocs\u00e1t\u00e1sokat cs\u00f6kkent\u0151 programokat fizetnek. P\u00e9ld\u00e1ul <a href=\"https:\/\/ec.europa.eu\/commission\/presscorner\/detail\/en\/ip_26_1501\" target=\"_blank\" rel=\"nofollow noopener\">j\u00falius elej\u00e9n 2,5 milli\u00e1rd eur\u00f3t adtak<\/a> 11 orsz\u00e1gnak ilyen projektekre az EU Moderniz\u00e1ci\u00f3s Alapj\u00e1n kereszt\u00fcl. A m\u00e1sodik legnagyobb, t\u00f6bb mint 550 milli\u00f3 eur\u00f3s r\u00e9szt Magyarorsz\u00e1g kapta.<\/p>\n<p>Az egys\u00e9gekkel meghat\u00e1rozott kibocs\u00e1t\u00e1si szintet fokozatosan cs\u00f6kkentik. A 2005-ben indult ETS-t rendszeresen fel\u00fclvizsg\u00e1lj\u00e1k \u00e9s a tervek szerint egyre t\u00f6bb \u00e1gazatra terjesztik ki.<\/p>\n<p>Magyarorsz\u00e1gnak is szolidarit\u00e1st \u00edg\u00e9rnek<\/p>\n<p>A szab\u00e1lyok alapj\u00e1n az ETS-sel lefedett \u00e1gazatoknak 2039-re el kellene \u00e9rni\u00fck a nulla kibocs\u00e1t\u00e1st, de a p\u00e9nteki javaslat ezt elny\u00fajtan\u00e1, \u00e9s a mostanin\u00e1l \u201efokozatosabb\u00e1\u201d tenn\u00e9 az egys\u00e9gkibocs\u00e1t\u00e1sok cs\u00f6kkent\u00e9s\u00e9t.<\/p>\n<p>Kor\u00e1bban m\u00e1r <a href=\"https:\/\/telex.hu\/kulfold\/2025\/07\/02\/eu-europai-bizottsag-uveghazhatasu-gazok-2040\" class=\"\" rel=\"nofollow noopener\" target=\"_blank\">d\u00f6nt\u00f6ttek egy olyan kiskapur\u00f3l<\/a> is, hogy 2036-t\u00f3l r\u00e9szben m\u00e1s orsz\u00e1gok rendszereib\u0151l vett egys\u00e9gekkel v\u00e1lthatn\u00e1k ki az uni\u00f3sokat. A p\u00e9nteki bejelent\u00e9s ezt r\u00e9szletezte: csak k\u00f6zvetve nyitn\u00e1k ki a rendszert, azaz nem lenn\u00e9nek egy az egyben \u00e1tv\u00e1lthat\u00f3ak az egys\u00e9gek.<\/p>\n<p>Tucatnyi tag\u00e1llamnak, k\u00f6zt\u00fck Magyarorsz\u00e1gnak 280 milli\u00f3 egys\u00e9gnyi bev\u00e9telt adn\u00e1nak a Moderniz\u00e1ci\u00f3s Alapon kereszt\u00fcl. Az egys\u00e9gek t\u00edz sz\u00e1zal\u00e9kos \u00fajraoszt\u00e1s\u00e1val \u00e9s egy befektet\u00e9si eszk\u00f6zzel is seg\u00edten\u00e9nek nekik.<\/p>\n<p>T\u00f6bb ingyenes egys\u00e9get adn\u00e1nak, de nem hagyn\u00e1k, hogy ezeket egyb\u0151l eladj\u00e1k. Felt\u00e9telesen osztan\u00e1k ki, egy r\u00e9sz\u00e9t csak akkor adn\u00e1k oda, ha a c\u00e9gek v\u00e9grehajtottak egy dekarboniz\u00e1ci\u00f3s tervet.<\/p>\n<p>Az ETS-t kiterjeszten\u00e9k a szem\u00e9t\u00e9get\u00e9s, kereskedelmi haj\u00f3z\u00e1s \u00e9s l\u00e9gi k\u00f6zleked\u00e9s ter\u00e9n. Ut\u00f3bbin\u00e1l 2029-t\u0151l minden \u00fczleti g\u00e9pre \u00e9s olyan j\u00e1ratra \u00e9rv\u00e9nyes lenne, amely az EU f\u00f6ldrajzi k\u00f6zpontj\u00e1t\u00f3l 5000 kilom\u00e9teren bel\u00fcl landol, hogy elker\u00fclj\u00e9k a k\u00f6zponti \u00e1tsz\u00e1ll\u00f3repterek kiszervez\u00e9s\u00e9t a szomsz\u00e9dos t\u00e9rs\u00e9gekbe.<\/p>\n<p>M\u00e9g meg sem jelent, m\u00e1r vita lett bel\u0151le az EP-ben<\/p>\n<p>\u201eEgyetlen eszk\u00f6z sem seg\u00edtett annyira a kibocs\u00e1t\u00e1sok cs\u00f6kkent\u00e9s\u00e9ben\u201d, mint az ETS, de h\u00e1rom gyenges\u00e9g\u00e9t is jobban kell kezelni, \u00e9rvelt p\u00e9nteken a reform mellett Wopke Hoekstra. Az Eur\u00f3pai Bizotts\u00e1g \u00e9ghajlat\u00e9rt is felel\u0151s tagja szerint a vil\u00e1g megv\u00e1ltozott, \u00e9s egy \u201e\u00fczletbar\u00e1tabb\u201d megk\u00f6zel\u00edt\u00e9st alkalmaznak, de \u00edgy is tartani tudj\u00e1k a 2040-re \u00edg\u00e9rt 90 sz\u00e1zal\u00e9kos kibocs\u00e1t\u00e1scs\u00f6kkent\u00e9si c\u00e9lt.<\/p>\n<p>A bizotts\u00e1gi javaslatr\u00f3l az Eur\u00f3pai Parlamentnek (EP-nek) \u00e9s a tag\u00e1llami korm\u00e1nyoknak k\u00f6z\u00f6sen kell d\u00f6nteni\u00fck.<\/p>\n<p>A reformr\u00f3l j\u00faniusban <a href=\"https:\/\/telex.hu\/kulfold\/2026\/06\/19\/eu-europai-tanacs-kovetkeztetesek\" class=\"\" rel=\"nofollow noopener\" target=\"_blank\">Magyar P\u00e9ter els\u0151 EU-cs\u00facs\u00e1n<\/a> \u00e9s a Visegr\u00e1di N\u00e9gyek budapesti-g\u00f6d\u00f6ll\u0151i cs\u00facstal\u00e1lkoz\u00f3j\u00e1n is sz\u00f3 volt. Ut\u00f3bbin az Orb\u00e1n Viktorral egy p\u00e1rtcsal\u00e1dhoz, a Patri\u00f3t\u00e1khoz tartoz\u00f3 Andrej Babi\u0161 cseh minisztereln\u00f6k <a href=\"https:\/\/telex.hu\/kulfold\/2026\/06\/23\/visegradi-negyek-v4-talalkozo-godollo-magyar-tusk-fico-babis\" class=\"\" rel=\"nofollow noopener\" target=\"_blank\">ostorozta a rendszert<\/a>.<\/p>\n<p>A javaslat h\u00f3napokkal a nyilv\u00e1noss\u00e1gra hoz\u00e1sa el\u0151tt, <a href=\"https:\/\/www.europarl.europa.eu\/plenary\/en\/vod.html?mode=chapter&amp;vodLanguage=EN&amp;internalEPId=2017076943435&amp;providerMeetingId=20260520-0900-PLENARY#\" target=\"_blank\" rel=\"nofollow noopener\">m\u00e1jusban vit\u00e1t ind\u00edtott<\/a> az EP-ben. A r\u00e9szben fideszes patri\u00f3ta frakci\u00f3 vezet\u0151je, Jordan Bardella elszabadult b\u00fcrokr\u00e1ci\u00e1t l\u00e1tott az ETS m\u00f6g\u00f6tt, amely megfojtja az ipart, naponta cs\u0151d\u00f6k sor\u00e1t okozza. A rendszer az \u00fczemanyag\u00e1rakat is megdobn\u00e1, ha kiterjeszten\u00e9k r\u00e1.<\/p>\n<p>Eur\u00f3pa nem lehet versenyk\u00e9pes, ha fosszilis \u00fczemanyagokt\u00f3l f\u00fcgg\u00fcnk, \u00e9s tov\u00e1bbra is ki vagyunk t\u00e9ve az \u00e1rsokkoknak, ez ma vil\u00e1gosabb, mint b\u00e1rmikor \u2013 \u00e9rvelt az USA Ir\u00e1n elleni h\u00e1bor\u00faja miatt megugrott \u00e1rakra utalva Mohammed Chahim.<\/p>\n<p>A jobbk\u00f6z\u00e9p n\u00e9pp\u00e1rti Pieter Liese szerint reform kell \u2013 egyet\u00e9rtett p\u00e9ld\u00e1ul azzal, hogy t\u00f6bb egys\u00e9get adjanak ki ingyen \u2013, de nem lehet mindig az EU-t hib\u00e1ztatni. Az ETS probl\u00e9m\u00e1kat is megold, mert az \u00e1rv\u00e1ls\u00e1gban sokkal t\u00f6bbet kellene fizetni, ha a rendszernek k\u00f6sz\u00f6nhet\u0151en nem sp\u00f3rolnak meg 100 milli\u00e1rd k\u00f6bm\u00e9ter g\u00e1zt.<\/p>\n<p>Uni\u00f3s termel\u00e9s\u0171 \u00e1rammal v\u00e1ltan\u00e1k ki a fosszilis energi\u00e1t<\/p>\n<p>Az ETS-reformot egy \u00e1ramos\u00edt\u00e1si akci\u00f3tervvel is kieg\u00e9sz\u00edtett\u00e9k. Dan J\u00f8rgensen energia\u00fcgy\u00e9rt felel\u0151s biztos azzal \u00e9rvelt, hogy 50 milli\u00e1rd eur\u00f3val t\u00f6bbet fizett\u00fcnk a behozott fosszilis energi\u00e1\u00e9rt, mik\u00f6zben egy molekul\u00e1val t\u00f6bb sem j\u00f6tt be, mint egy\u00e9bk\u00e9nt. Ezeket hazai termel\u00e9s\u0171 \u00e1rammal v\u00e1ltan\u00e1k ki, amihez azt olcs\u00f3bb\u00e1 kell tenni, a v\u00e1lt\u00e1s el\u0151seg\u00edt\u00e9s\u00e9hez pedig t\u00f6bbek k\u00f6z\u00f6tt<\/p>\n<p>egy 46 sz\u00e1zal\u00e9kos \u00e1ramos\u00edt\u00e1si c\u00e9lt vezetn\u00e9nek be 2040-re;100 milli\u00f3 megawatt t\u00e1rol\u00e1si k\u00e9pess\u00e9get \u00e9p\u00edten\u00e9nek ki;2030-ra az otthonok legal\u00e1bb fel\u00e9t okos villany\u00f3r\u00e1kkal szereln\u00e9k fel (a helyre\u00e1ll\u00edt\u00e1si alapra beadott \u00faj magyar terv <a href=\"https:\/\/telex.hu\/gazdasag\/2026\/06\/10\/eu-helyreallitasi-alap-aram-palyazat\" class=\"\" rel=\"nofollow noopener\" target=\"_blank\">54 milli\u00e1rd forintot ford\u00edtana erre<\/a>);kisebb ad\u00f3kat vetn\u00e9nek ki az \u00e1ramra, mint a g\u00e1zra;\u00f6szt\u00f6n\u00f6zn\u00e9k a fosszilis energia t\u00e1mogat\u00e1s\u00e1nak kivezet\u00e9s\u00e9t, ami mellett J\u00f8rgensen azzal \u00e9rvelt, hogy a k\u00f6zp\u00e9nz ne arra menjen, ami \u00e1rt nek\u00fcnk;valamint az elektromos aut\u00f3k \u00e9s h\u0151szivatty\u00fak elterjed\u00e9s\u00e9t, ut\u00f3bbi a forr\u00f3 ny\u00e1rokon a h\u0171t\u00e9sben is seg\u00edtene, jegyezte meg J\u00f8rgensen.<\/p>\n<p>A <a href=\"https:\/\/ec.europa.eu\/commission\/presscorner\/api\/files\/attachment\/882736\/Factsheet%20on%20Electrification%20Action%20Plan.pdf\" target=\"_blank\" rel=\"nofollow noopener\">test\u00fclet szerint<\/a> a tervvel 70 sz\u00e1zal\u00e9kkal cs\u00f6kkenne az uni\u00f3s g\u00e1z-, 40 sz\u00e1zal\u00e9kkal az olajbehozatal. Az akci\u00f3terv viszont nem k\u00f6telez\u0151 jogszab\u00e1lyra tett javaslat, \u00edgy nincs k\u00f6zvetlen jogi k\u00f6vetkezm\u00e9nye, az EP-nek \u00e9s a tag\u00e1llami korm\u00e1nyoknak nem kell k\u00fcl\u00f6n elfogadniuk.<\/p>\n","protected":false},"excerpt":{"rendered":"Az Eur\u00f3pai Bizotts\u00e1g felpuh\u00edtan\u00e1 az uni\u00f3s kibocs\u00e1t\u00e1skereskedelmi rendszert (ETS) a p\u00e9nteken bemutatott javaslataival, amelyek t\u00f6bblett\u00e1mogat\u00e1st \u00e9s r\u00e9szleges \u00fajraoszt\u00e1st&hellip;\n","protected":false},"author":2,"featured_media":176160,"comment_status":"","ping_status":"","sticky":false,"template":"","format":"standard","meta":{"footnotes":"","_share_on_mastodon":"0"},"categories":[6],"tags":[3768,5028,2347,33972,583,429,63,44,42,40,3048,8942,1355,1509,43,41,50972,50971,50970],"class_list":["post-176159","post","type-post","status-publish","format-standard","has-post-thumbnail","category-magyarorszag","tag-aram","tag-dan-jorgensen","tag-ep-2026","tag-ets","tag-europai-bizottsag","tag-europai-unio","tag-gazdasag","tag-hu","tag-hungarian","tag-hungary","tag-ipar","tag-jordan-bardella","tag-klimavaltozas","tag-klimazona","tag-magyar","tag-magyarorszag","tag-mohammed-chahim","tag-peter-liese","tag-wopke-hoekstra"],"share_on_mastodon":{"url":"https:\/\/pubeurope.com\/@hu\/116935702740171104","error":""},"_links":{"self":[{"href":"https:\/\/www.europesays.com\/hu\/wp-json\/wp\/v2\/posts\/176159","targetHints":{"allow":["GET"]}}],"collection":[{"href":"https:\/\/www.europesays.com\/hu\/wp-json\/wp\/v2\/posts"}],"about":[{"href":"https:\/\/www.europesays.com\/hu\/wp-json\/wp\/v2\/types\/post"}],"author":[{"embeddable":true,"href":"https:\/\/www.europesays.com\/hu\/wp-json\/wp\/v2\/users\/2"}],"replies":[{"embeddable":true,"href":"https:\/\/www.europesays.com\/hu\/wp-json\/wp\/v2\/comments?post=176159"}],"version-history":[{"count":0,"href":"https:\/\/www.europesays.com\/hu\/wp-json\/wp\/v2\/posts\/176159\/revisions"}],"wp:featuredmedia":[{"embeddable":true,"href":"https:\/\/www.europesays.com\/hu\/wp-json\/wp\/v2\/media\/176160"}],"wp:attachment":[{"href":"https:\/\/www.europesays.com\/hu\/wp-json\/wp\/v2\/media?parent=176159"}],"wp:term":[{"taxonomy":"category","embeddable":true,"href":"https:\/\/www.europesays.com\/hu\/wp-json\/wp\/v2\/categories?post=176159"},{"taxonomy":"post_tag","embeddable":true,"href":"https:\/\/www.europesays.com\/hu\/wp-json\/wp\/v2\/tags?post=176159"}],"curies":[{"name":"wp","href":"https:\/\/api.w.org\/{rel}","templated":true}]}}