{"id":176237,"date":"2026-07-17T15:23:09","date_gmt":"2026-07-17T15:23:09","guid":{"rendered":"https:\/\/www.europesays.com\/hu\/176237\/"},"modified":"2026-07-17T15:23:09","modified_gmt":"2026-07-17T15:23:09","slug":"index-kultur-meghalt-brenda-fricker-a-reszkessetek-betorok-galambos-nenije","status":"publish","type":"post","link":"https:\/\/www.europesays.com\/hu\/176237\/","title":{"rendered":"Index &#8211; Kult\u00far &#8211; Meghalt Brenda Fricker, a Reszkessetek, bet\u00f6r\u0151k! galambos n\u00e9nije"},"content":{"rendered":"<p>Meghalt Brenda Fricker Oscar-d\u00edjas \u00edr sz\u00edn\u00e9szn\u0151\u00a0\u2013 \u00edrja a <a href=\"https:\/\/www.mirror.co.uk\/3am\/celebrity-news\/brenda-fricker-pigeon-lady-dead-37444538\" id=\"hyperlink_5234fb763d5bfb4e82d73fbc370a17e0\" rel=\"nofollow noopener\" target=\"_blank\">BBC<\/a>.\u00a0A legeml\u00e9kezetesebb alak\u00edt\u00e1s\u00e1t az 1989-es A bal l\u00e1bam\u00a0c\u00edm\u0171 filmben ny\u00fajtotta, amely\u00e9rt 1990-ben elnyerte a legjobb n\u0151i mell\u00e9kszerepl\u0151nek j\u00e1r\u00f3 Oscar-d\u00edjat. A filmben a f\u0151szerepl\u0151 Daniel Day-Lewis karakter\u00e9nek \u00e9desanyj\u00e1t alak\u00edtotta.<\/p>\n<p>A k\u00f6z\u00f6ns\u00e9g sz\u00e1m\u00e1ra nem csak az Oscar-d\u00edjas szerepe miatt maradt eml\u00e9kezetes. T\u00f6bb mint k\u00e9t \u00e9vtizeden \u00e1t, 1986 \u00e9s 2010 k\u00f6z\u00f6tt szerepelt a BBC n\u00e9pszer\u0171 k\u00f3rh\u00e1zi sorozat\u00e1ban, a Casualtyben, amelyben Megan Roach n\u0151v\u00e9rt form\u00e1lta meg. A legt\u00f6bben m\u00e9gis a Reszkessetek, bet\u00f6r\u0151k! 2. kedves galambos h\u00f6lgyek\u00e9nt \u0151rizt\u00e9k meg eml\u00e9kezet\u00fckben, akivel Kevin McCallister a New York-i Central Parkban bar\u00e1tkozott \u00f6ssze.<\/p>\n<p>Hal\u00e1lh\u00edr\u00e9t \u00fcgyn\u00f6ke, Phil Belfield jelentette be.<\/p>\n<p>Soha t\u00f6bb\u00e9 nem lesz m\u00e9g egy olyan ember, mint \u0151, \u00e9s a vil\u00e1g szeg\u00e9nyebb lett az elveszt\u00e9s\u00e9vel<\/p>\n<p>\u2013 \u00edrta Belfield k\u00f6zlem\u00e9nyben, majd hozz\u00e1tette, megtiszteltet\u00e9snek tartotta, hogy ismerhette, \u00e9s egy\u00fctt dolgozhatott egy ennyire kiv\u00e9teles sz\u00edn\u00e9szn\u0151vel.\u00a0Brenda Fricker eg\u00e9szen \u00e9lete v\u00e9g\u00e9ig akt\u00edvan dolgozott, az <a href=\"https:\/\/www.imdb.com\/name\/nm0002084\/?ref_=nv_sr_srsg_0_tt_1_nm_6_in_0_q_brenda%20fricker\" id=\"hyperlink_6ea893390db58ea622b4a1dc51f2d0eb\" rel=\"nofollow noopener\" target=\"_blank\">IMDb<\/a> szerint \u00f6sszesen 96 sz\u00edn\u00e9szi kreditje van.<\/p>\n<p>\n                          (Bor\u00edt\u00f3k\u00e9p:\u00a0Brenda Fricker sz\u00edn\u00e9szn\u0151 portr\u00e9ja. Fot\u00f3:\u00a0Wwd \/ Getty Images)\n                        <\/p>\n<p><a href=\"https:\/\/dex.hu\/x.php?id=googlepref_desktop&amp;url=https:\/\/google.com\/preferences\/source?q=https:\/\/index.hu\" class=\"google-pref-banner \" id=\"googlePrefBanner\" rel=\"nofollow noopener\" target=\"_blank\"><\/p>\n<p>    Itt \u00e1ll\u00edtsa be, hogy az Index az els\u0151k k\u00f6z\u00f6tt legyen a Google-tal\u00e1latokban!<\/p>\n<p><\/a><\/p>\n<p>    <img decoding=\"async\" src=\"https:\/\/index.hu\/assets\/images\/social-follow\/logo-big.svg\" alt=\"Index.hu logo\"\/><\/p>\n<p>K\u00f6vesse az Indexet Facebookon is!<\/p>\n<p>    <a href=\"https:\/\/facebook.com\/Indexhu\" target=\"_blank\" rel=\"nofollow noopener\"><\/p>\n<p>        K\u00f6vetem!<br \/>\n    <\/a><\/p>\n","protected":false},"excerpt":{"rendered":"Meghalt Brenda Fricker Oscar-d\u00edjas \u00edr sz\u00edn\u00e9szn\u0151\u00a0\u2013 \u00edrja a BBC.\u00a0A legeml\u00e9kezetesebb alak\u00edt\u00e1s\u00e1t az 1989-es A bal l\u00e1bam\u00a0c\u00edm\u0171 filmben ny\u00fajtotta,&hellip;\n","protected":false},"author":2,"featured_media":176238,"comment_status":"","ping_status":"","sticky":false,"template":"","format":"standard","meta":{"footnotes":"","_share_on_mastodon":"0"},"categories":[16],"tags":[50989,50988,137,647,44,42,40,150,43,41,212,50990,4456,39903,144,138],"class_list":["post-176237","post","type-post","status-publish","format-standard","has-post-thumbnail","category-szorakozas","tag-a-bal-labam","tag-brenda-fricker","tag-entertainment","tag-halalhir","tag-hu","tag-hungarian","tag-hungary","tag-kultur","tag-magyar","tag-magyarorszag","tag-meghalt","tag-my-left-foot","tag-oscar-dij","tag-reszkessetek-betorok","tag-szinesz","tag-szorakozas"],"share_on_mastodon":{"url":"https:\/\/pubeurope.com\/@hu\/116936009766148521","error":""},"_links":{"self":[{"href":"https:\/\/www.europesays.com\/hu\/wp-json\/wp\/v2\/posts\/176237","targetHints":{"allow":["GET"]}}],"collection":[{"href":"https:\/\/www.europesays.com\/hu\/wp-json\/wp\/v2\/posts"}],"about":[{"href":"https:\/\/www.europesays.com\/hu\/wp-json\/wp\/v2\/types\/post"}],"author":[{"embeddable":true,"href":"https:\/\/www.europesays.com\/hu\/wp-json\/wp\/v2\/users\/2"}],"replies":[{"embeddable":true,"href":"https:\/\/www.europesays.com\/hu\/wp-json\/wp\/v2\/comments?post=176237"}],"version-history":[{"count":0,"href":"https:\/\/www.europesays.com\/hu\/wp-json\/wp\/v2\/posts\/176237\/revisions"}],"wp:featuredmedia":[{"embeddable":true,"href":"https:\/\/www.europesays.com\/hu\/wp-json\/wp\/v2\/media\/176238"}],"wp:attachment":[{"href":"https:\/\/www.europesays.com\/hu\/wp-json\/wp\/v2\/media?parent=176237"}],"wp:term":[{"taxonomy":"category","embeddable":true,"href":"https:\/\/www.europesays.com\/hu\/wp-json\/wp\/v2\/categories?post=176237"},{"taxonomy":"post_tag","embeddable":true,"href":"https:\/\/www.europesays.com\/hu\/wp-json\/wp\/v2\/tags?post=176237"}],"curies":[{"name":"wp","href":"https:\/\/api.w.org\/{rel}","templated":true}]}}