{"id":176420,"date":"2026-07-17T18:05:20","date_gmt":"2026-07-17T18:05:20","guid":{"rendered":"https:\/\/www.europesays.com\/hu\/176420\/"},"modified":"2026-07-17T18:05:20","modified_gmt":"2026-07-17T18:05:20","slug":"telex-a-romlo-budapesti-kozbiztonsag-miatt-surgos-intezkedest-kernek-a-kormanytol-a-belso-keruletek-polgarmesterei","status":"publish","type":"post","link":"https:\/\/www.europesays.com\/hu\/176420\/","title":{"rendered":"Telex: A roml\u00f3 budapesti k\u00f6zbiztons\u00e1g miatt s\u00fcrg\u0151s int\u00e9zked\u00e9st k\u00e9rnek a korm\u00e1nyt\u00f3l a bels\u0151 ker\u00fcletek polg\u00e1rmesterei"},"content":{"rendered":"<p>K\u00f6z\u00f6s levelet <a href=\"https:\/\/www.facebook.com\/soproni.tamas.polgarmester\/posts\/pfbid02rmgHqPHWrsAh8T88qho97fbXt7tF1sMUze68HoAUiWkTVroMRxK64bCKb4uHFgCTl\" target=\"_blank\" rel=\"nofollow noopener\">tett k\u00f6zz\u00e9<\/a> n\u00e9gy bels\u0151 Budapesti ker\u00fclet polg\u00e1rmestere, akik arra k\u00e9rik a korm\u00e1nyt, hogy azonnal int\u00e9zkedjen a f\u0151v\u00e1ros egyre roml\u00f3 k\u00f6zbiztons\u00e1ga miatt. Soproni Tam\u00e1s, Niederm\u00fcller P\u00e9ter, Baranyi Krisztina \u00e9s Pik\u00f3 Andr\u00e1s szerd\u00e1n k\u00f6z\u00f6sen \u00e1ttekintett\u00e9k Budapest k\u00f6zbiztons\u00e1gi helyzet\u00e9t, \u00e9s \u00f6t s\u00fcrg\u0151s k\u00e9r\u00e9st fogalmaztak meg a korm\u00e1ny fel\u00e9.<\/p>\n<p>\u201eMindannyian ugyanazt tapasztaljuk: az utc\u00e1kon egyre s\u00falyosabb szoci\u00e1lis, ment\u00e1lis eg\u00e9szs\u00e9ggel kapcsolatos \u00e9s rend\u00e9szeti probl\u00e9m\u00e1k jelennek meg, ez\u00e9rt az emberek biztons\u00e1g\u00e9rzete folyamatosan romlik.\u201d<\/p>\n<p>\u2013 \u00e1ll a lev\u00e9lben.<\/p>\n<p>Az elm\u00falt \u00e9vekben le\u00e9p\u00fclt az \u00e1llami pszichi\u00e1triai \u00e9s addiktol\u00f3giai ell\u00e1t\u00e1s, meggyeng\u00fclt a szoci\u00e1lis int\u00e9zm\u00e9nyrendszer, \u00edrj\u00e1k, emellett a rend\u0151rs\u00e9g is s\u00falyos l\u00e9tsz\u00e1mhi\u00e1nnyal k\u00fczd a polg\u00e1rmesterek szerint, akik \u00fagy v\u00e9lik, a \u201ek\u00f6zter\u00fcleteken tapasztalhat\u00f3 \u00e1llapotok ennek a m\u00e9ly t\u00e1rsadalmi v\u00e1ls\u00e1gnak a t\u00fcnetei.\u201d<\/p>\n<p>A n\u00e9gy politikus szerint az \u00faj korm\u00e1ny s\u00falyos \u00f6r\u00f6ks\u00e9get vett \u00e1t, de a helyre\u00e1ll\u00edt\u00e1s felel\u0151ss\u00e9ge m\u00e1r az \u00f6v\u00e9. \u201eA budapestiek nem v\u00e1rhatnak a k\u00f6vetkez\u0151 \u00e9vi k\u00f6lts\u00e9gvet\u00e9sre vagy egy hossz\u00fa t\u00e1v\u00fa reformprogram v\u00e9g\u00e9re. Az Orsz\u00e1ggy\u0171l\u00e9s \u00e9s a korm\u00e1ny m\u00e1s \u00fcgyekben napok alatt k\u00e9pes jogszab\u00e1lyokat alkotni \u00e9s forr\u00e1sokat \u00e1tcsoportos\u00edtani. Budapest k\u00f6zbiztons\u00e1ga ugyanilyen s\u00fcrg\u0151s fell\u00e9p\u00e9st \u00e9rdemel.\u201d<\/p>\n<p>Ez\u00e9rt \u00f6t, azonnal v\u00e9grehajthat\u00f3 int\u00e9zked\u00e9st k\u00e9rtek a Bel\u00fcgyminisztert\u0151l \u00e9s a korm\u00e1nyt\u00f3l:<\/p>\n<p>Legal\u00e1bb 30 sz\u00e1zal\u00e9kos Budapest-p\u00f3tl\u00e9k a rendv\u00e9delmi dolgoz\u00f3knak.Kapjanak val\u00f3di hat\u00f3s\u00e1gi jogk\u00f6r\u00f6ket az \u00f6nkorm\u00e1nyzatok a doh\u00e1nyboltok m\u0171k\u00f6d\u00e9s\u00e9nek szab\u00e1lyoz\u00e1s\u00e1ra.Terjessz\u00e9k ki az objekt\u00edv felel\u0151ss\u00e9get a t\u00e9rfigyel\u0151 kamer\u00e1val dokument\u00e1lhat\u00f3 k\u00f6zleked\u00e9si jogs\u00e9rt\u00e9sekre.Legyen \u00e1lland\u00f3 rend\u0151ri jelenl\u00e9t Budapest legprobl\u00e9m\u00e1sabb k\u00f6zleked\u00e9si csom\u00f3pontjain.Alacsonyabb bel\u00e9p\u00e9si k\u00fcsz\u00f6b\u00f6t \u00e9s hosszabb reggeli benntart\u00f3zkod\u00e1st k\u00e9r\u00fcnk az \u00e9jjeli mened\u00e9khelyeken.<\/p>\n<p>A ker\u00fcletek vezet\u0151i \u00fagy l\u00e1tj\u00e1k, hogy az \u00f6nkorm\u00e1nyzatok saj\u00e1t lehet\u0151s\u00e9geikhez m\u00e9rten m\u00e1r most is s\u00falyos \u00e1llami feladatokat v\u00e1llalnak \u00e1t. \u201eA k\u00f6zponti korm\u00e1nyzat helyett telep\u00edt\u00fcnk t\u00e9rfigyel\u0151 kamer\u00e1kat, t\u00e1mogatjuk a rend\u0151rs\u00e9get, finansz\u00edrozunk szoci\u00e1lis programokat. Mindez enyh\u00edti a probl\u00e9m\u00e1kat, az orsz\u00e1gos rendszerek hi\u00e1ny\u00e1t azonban nem k\u00e9pes p\u00f3tolni.\u201d<\/p>\n<p>A k\u00f6zbiztons\u00e1g jav\u00edt\u00e1sa \u00e9rdek\u00e9ben ez\u00e9rt miel\u0151bbi szem\u00e9lyes egyeztet\u00e9st kezdem\u00e9nyeznek a korm\u00e1nnyal, \u00e9s felaj\u00e1nlj\u00e1k seg\u00edts\u00e9g\u00fcket a javaslatok kidolgoz\u00e1s\u00e1ban.<\/p>\n<p>\u201eAz int\u00e9zked\u00e9sek nem halaszthat\u00f3k a j\u00f6v\u0151 \u00e9vi k\u00f6lts\u00e9gvet\u00e9sig. Budapestnek most van sz\u00fcks\u00e9ge t\u00f6bb rend\u0151rre, m\u0171k\u00f6d\u0151 ell\u00e1t\u00f3rendszerre \u00e9s hat\u00e9konyabb helyi eszk\u00f6z\u00f6kre\u201d<\/p>\n<p>\u2013 \u00edrja a VI., a VII., a VIII. \u00e9s a IX. ker\u00fclet polg\u00e1rmestere.<\/p>\n","protected":false},"excerpt":{"rendered":"K\u00f6z\u00f6s levelet tett k\u00f6zz\u00e9 n\u00e9gy bels\u0151 Budapesti ker\u00fclet polg\u00e1rmestere, akik arra k\u00e9rik a korm\u00e1nyt, hogy azonnal int\u00e9zkedjen a&hellip;\n","protected":false},"author":2,"featured_media":176421,"comment_status":"","ping_status":"","sticky":false,"template":"","format":"standard","meta":{"footnotes":"","_share_on_mastodon":"0"},"categories":[22],"tags":[80,73,5035,46,44,42,40,5615,737,27563,43,41,2681],"class_list":["post-176420","post","type-post","status-publish","format-standard","has-post-thumbnail","category-budapest","tag-belfold","tag-budapest","tag-erzsebetvaros","tag-ferencvaros","tag-hu","tag-hungarian","tag-hungary","tag-jozsefvaros","tag-kormany","tag-kozbiztonsag","tag-magyar","tag-magyarorszag","tag-terezvaros"],"share_on_mastodon":{"url":"https:\/\/pubeurope.com\/@hu\/116936646611729393","error":""},"_links":{"self":[{"href":"https:\/\/www.europesays.com\/hu\/wp-json\/wp\/v2\/posts\/176420","targetHints":{"allow":["GET"]}}],"collection":[{"href":"https:\/\/www.europesays.com\/hu\/wp-json\/wp\/v2\/posts"}],"about":[{"href":"https:\/\/www.europesays.com\/hu\/wp-json\/wp\/v2\/types\/post"}],"author":[{"embeddable":true,"href":"https:\/\/www.europesays.com\/hu\/wp-json\/wp\/v2\/users\/2"}],"replies":[{"embeddable":true,"href":"https:\/\/www.europesays.com\/hu\/wp-json\/wp\/v2\/comments?post=176420"}],"version-history":[{"count":0,"href":"https:\/\/www.europesays.com\/hu\/wp-json\/wp\/v2\/posts\/176420\/revisions"}],"wp:featuredmedia":[{"embeddable":true,"href":"https:\/\/www.europesays.com\/hu\/wp-json\/wp\/v2\/media\/176421"}],"wp:attachment":[{"href":"https:\/\/www.europesays.com\/hu\/wp-json\/wp\/v2\/media?parent=176420"}],"wp:term":[{"taxonomy":"category","embeddable":true,"href":"https:\/\/www.europesays.com\/hu\/wp-json\/wp\/v2\/categories?post=176420"},{"taxonomy":"post_tag","embeddable":true,"href":"https:\/\/www.europesays.com\/hu\/wp-json\/wp\/v2\/tags?post=176420"}],"curies":[{"name":"wp","href":"https:\/\/api.w.org\/{rel}","templated":true}]}}