{"id":176487,"date":"2026-07-17T19:28:11","date_gmt":"2026-07-17T19:28:11","guid":{"rendered":"https:\/\/www.europesays.com\/hu\/176487\/"},"modified":"2026-07-17T19:28:11","modified_gmt":"2026-07-17T19:28:11","slug":"telex-eletpalyamodellel-berrendezessel-es-visszaszerelessel-oldanak-meg-posfaiek-a-rendorhianyt","status":"publish","type":"post","link":"https:\/\/www.europesays.com\/hu\/176487\/","title":{"rendered":"Telex: \u00c9letp\u00e1lyamodellel, b\u00e9rrendez\u00e9ssel \u00e9s visszaszerel\u00e9ssel oldan\u00e1k meg P\u00f3sfai\u00e9k a rend\u0151rhi\u00e1nyt"},"content":{"rendered":"<p><a href=\"https:\/\/telex.hu\/szerzo\/banati-anna\" class=\"author__avatar\" rel=\"nofollow noopener\" target=\"_blank\"><img decoding=\"async\" src=\"https:\/\/www.europesays.com\/hu\/wp-content\/uploads\/2026\/07\/1713951051-temp-BCkakf_avatar@4x.jpg\" alt=\"B\u00e1n\u00e1ti Anna\" class=\"avatar\" loading=\"lazy\"\/><\/a><\/p>\n<p>\u00c1ll\u00edtsd be a Telexet megb\u00edzhat\u00f3 forr\u00e1snak!<\/p>\n<p>\u00c9letp\u00e1lyamodellel, a b\u00e9rek rendez\u00e9s\u00e9vel \u00e9s visszaszerel\u00e9ssel oldan\u00e1 meg a Bel\u00fcgyminiszt\u00e9rium az orsz\u00e1gos rend\u0151rhi\u00e1nyt, err\u0151l P\u00f3sfai G\u00e1bor bel\u00fcgyminiszter besz\u00e9lt <a href=\"https:\/\/rtl.hu\/hirado\/2026\/07\/17\/posfai-gabor-rendorhiany-budapest-berrendezes-kozbiztonsag-akcio\" target=\"_blank\" rel=\"nofollow noopener\">az RTL H\u00edrad\u00f3nak.<\/a><\/p>\n<p>A Budapesti Rend\u0151r-f\u0151kapit\u00e1nys\u00e1g \u00e9s a Bel\u00fcgyminiszt\u00e9rium szerint Magyarorsz\u00e1gon kilencezer rend\u0151r hi\u00e1nyzik, ebb\u0151l t\u00f6bb mint k\u00e9tezer Budapestr\u0151l. A Bel\u00fcgyminiszt\u00e9rium 750 milli\u00f3 forintot ford\u00edt arra, hogy t\u00f6bb rend\u0151r legyen a frekvent\u00e1lt ter\u00fcleteken Budapesten, P\u00f3sfai \u00e1tcsoportos\u00edt\u00e1st is \u00edg\u00e9r a rend\u0151rhi\u00e1ny rendez\u00e9s\u00e9re. A BM szerint ezer, kor\u00e1bban leszerelt rend\u0151r jelezte, hogy visszat\u00e9rne a rend\u0151rs\u00e9ghez.<\/p>\n<p>A h\u00e9ten a korm\u00e1ny a budapesti bels\u0151 ker\u00fcletek k\u00f6zbiztons\u00e1g\u00e1nak jav\u00edt\u00e1s\u00e1ra <a href=\"https:\/\/telex.hu\/belfold\/2026\/07\/16\/magyar-peter-kormany-belugyminiszterium-rendorseg-budapest-kozbiztonsag\" class=\"\" rel=\"nofollow noopener\" target=\"_blank\">30 napos fokozott rend\u0151ri ellen\u0151rz\u00e9st rendelt el<\/a>. Emellett t\u00f6bb eszk\u00f6zzel igyekeznek n\u00f6velni a rend\u0151ri \u00e1llom\u00e1ny l\u00e9tsz\u00e1m\u00e1t, a helyzet kezel\u00e9s\u00e9be a szoci\u00e1lis t\u00e1rc\u00e1t is bevonj\u00e1k. A budapesti k\u00f6zbiztons\u00e1g roml\u00e1s\u00e1ra t\u00f6bb ker\u00fcleti polg\u00e1rmester is felh\u00edvta a figyelmet az elm\u00falt hetekben, szerd\u00e1n n\u00e9gy bels\u0151 budapesti ker\u00fclet polg\u00e1rmestere <a href=\"https:\/\/telex.hu\/belfold\/2026\/07\/15\/budapest-erzsebetvaros-niedermuller-peter-kozbiztonsag-kormany-szocialis-krizis\" class=\"\" rel=\"nofollow noopener\" target=\"_blank\">\u00edrt ki ny\u00edlt levelet<\/a> Kar\u00e1csony Gergely f\u0151polg\u00e1rmesternek.<\/p>\n<p>Partnereinkt\u0151l<\/p>\n<p>\u00c1ll\u00edtsd be a Telexet megb\u00edzhat\u00f3 forr\u00e1snak!<\/p>\n<p>K\u00f6vess minket Facebookon is!<\/p>\n<p> Tov\u00e1bbi \u00e9l\u0151 \u00e1rfolyamok! <\/p>\n","protected":false},"excerpt":{"rendered":"\u00c1ll\u00edtsd be a Telexet megb\u00edzhat\u00f3 forr\u00e1snak! \u00c9letp\u00e1lyamodellel, a b\u00e9rek rendez\u00e9s\u00e9vel \u00e9s visszaszerel\u00e9ssel oldan\u00e1 meg a Bel\u00fcgyminiszt\u00e9rium az orsz\u00e1gos&hellip;\n","protected":false},"author":2,"featured_media":176488,"comment_status":"","ping_status":"","sticky":false,"template":"","format":"standard","meta":{"footnotes":"","_share_on_mastodon":"0"},"categories":[33],"tags":[80,4699,38,35,37,44,42,40,27563,43,41,34,29756,50752,269,36,39],"class_list":["post-176487","post","type-post","status-publish","format-standard","has-post-thumbnail","category-hirek","tag-belfold","tag-belugyminiszterium","tag-focimek","tag-headlines","tag-hirek","tag-hu","tag-hungarian","tag-hungary","tag-kozbiztonsag","tag-magyar","tag-magyarorszag","tag-news","tag-posfai-gabor","tag-rendorhiany","tag-rendorseg","tag-top-stories","tag-vezeto-hirek"],"share_on_mastodon":{"url":"https:\/\/pubeurope.com\/@hu\/116936973637087426","error":""},"_links":{"self":[{"href":"https:\/\/www.europesays.com\/hu\/wp-json\/wp\/v2\/posts\/176487","targetHints":{"allow":["GET"]}}],"collection":[{"href":"https:\/\/www.europesays.com\/hu\/wp-json\/wp\/v2\/posts"}],"about":[{"href":"https:\/\/www.europesays.com\/hu\/wp-json\/wp\/v2\/types\/post"}],"author":[{"embeddable":true,"href":"https:\/\/www.europesays.com\/hu\/wp-json\/wp\/v2\/users\/2"}],"replies":[{"embeddable":true,"href":"https:\/\/www.europesays.com\/hu\/wp-json\/wp\/v2\/comments?post=176487"}],"version-history":[{"count":0,"href":"https:\/\/www.europesays.com\/hu\/wp-json\/wp\/v2\/posts\/176487\/revisions"}],"wp:featuredmedia":[{"embeddable":true,"href":"https:\/\/www.europesays.com\/hu\/wp-json\/wp\/v2\/media\/176488"}],"wp:attachment":[{"href":"https:\/\/www.europesays.com\/hu\/wp-json\/wp\/v2\/media?parent=176487"}],"wp:term":[{"taxonomy":"category","embeddable":true,"href":"https:\/\/www.europesays.com\/hu\/wp-json\/wp\/v2\/categories?post=176487"},{"taxonomy":"post_tag","embeddable":true,"href":"https:\/\/www.europesays.com\/hu\/wp-json\/wp\/v2\/tags?post=176487"}],"curies":[{"name":"wp","href":"https:\/\/api.w.org\/{rel}","templated":true}]}}