{"id":17669,"date":"2026-03-06T23:01:06","date_gmt":"2026-03-06T23:01:06","guid":{"rendered":"https:\/\/www.europesays.com\/hu\/17669\/"},"modified":"2026-03-06T23:01:06","modified_gmt":"2026-03-06T23:01:06","slug":"kilenc-perc-alatt-10-rol-97-szazalekra-ezt-tudja-az-uj-byd-blade-akkumulator-totalcar","status":"publish","type":"post","link":"https:\/\/www.europesays.com\/hu\/17669\/","title":{"rendered":"Kilenc perc alatt 10-r\u0151l 97 sz\u00e1zal\u00e9kra \u2013 ezt tudja az \u00faj BYD Blade akkumul\u00e1tor \u2014 Totalcar"},"content":{"rendered":"<p data-alignment=\"left\" class=\"text-left\" data-block-key=\"hqa4t\">Napjainkra a BYD a vil\u00e1g egyik legnagyobb aut\u00f3gy\u00e1rt\u00f3ja lett, \u00edgy megengedheti mag\u00e1nak, hogy \u00f6n\u00e1ll\u00f3an fejleszt hajt\u00e1sl\u00e1ncot az elektromos aut\u00f3iba. Ennek fontos eleme az akkumul\u00e1tor, ami a BYD-n\u00e1l h\u00e1zon bel\u00fcl <a href=\"https:\/\/totalcar.hu\/hirek\/2024\/11\/26\/byd-blade-akkumulator-uj-generacios-2025-saic-szilartest\/\" target=\"_blank\" rel=\" noopener noreferrer nofollow\" data-link-preview=\"true\" data-og-title=\"\u00c9rkezik az m\u00e1sodik gener\u00e1ci\u00f3s szil\u00e1rdtest akkumul\u00e1tor K\u00edn\u00e1b\u00f3l\" data-og-description=\"A BYD pedig a Blade-b\u0151l hozza ki a k\u00f6vetkez\u0151 gener\u00e1ci\u00f3t.\" data-og-image=\"https:\/\/totalcar.hu\/media\/images\/59418547_4393411_a0ed5aa764328.format-jpeg.max-3840x2160.jpg\" data-og-column=\"H\u00edrek\" data-og-tags=\"[&quot;H\\u00edrek&quot;, &quot;byd&quot;, &quot;saic&quot;, &quot;szil\\u00e1rdtest akkumul\\u00e1tor&quot;, &quot;2026&quot;, &quot;blade akkumul\\u00e1tor&quot;, &quot;nextc&quot;]\">Blade n\u00e9ven fut<\/a>. M\u00e1r a kor\u00e1bbi csomagok teljes\u00edtm\u00e9nye is versenyk\u00e9pes volt, azonban nemr\u00e9g bemutatt\u00e1k a Blade 2.0-t.<\/p>\n<p>  <a rel=\"noopener nofollow\" href=\"https:\/\/indamediasales.hu\/2019\/06\/25\/quality_placement_minosegbiztositasi_tajekoztato_728\" target=\"_blank\"><\/p>\n<p>      <img loading=\"lazy\" decoding=\"async\" src=\"https:\/\/totalcar.hu\/static\/images\/brand\/quality_placement_logo.svg\" alt=\"Quality Placement\" width=\"150\" height=\"15\"\/><\/p>\n<p>  <\/a><\/p>\n<p>\n  hirdet\u00e9s\n<\/p>\n<p data-alignment=\"left\" class=\"text-left\" data-block-key=\"hqa4t\">Az \u00faj csomagr\u00f3l egyel\u0151re kev\u00e9s inform\u00e1ci\u00f3t osztottak meg, azonban a k\u00ednai v\u00e1llalat azt \u00e1ll\u00edtja, hogy el\u0151dj\u00e9n\u00e9l \u00f6t sz\u00e1zal\u00e9kkal magasabb energias\u0171r\u0171s\u00e9ggel b\u00edr. A legfontosabb tulajdons\u00e1ga m\u00e9gis az, hogy minden eddigi akkumul\u00e1torukn\u00e1l jobban b\u00edrja a t\u00f6lt\u00e9st \u00e9s a kis\u00fct\u00e9st. El\u0151bbit bizony\u00edtja, hogy 10-r\u0151l 70 sz\u00e1zal\u00e9kra mind\u00f6ssze \u00f6t, m\u00edg 10-r\u0151l 97 sz\u00e1zal\u00e9kra alig 9 percre van sz\u00fcks\u00e9g \u2013 azt nem r\u00e9szletezik, hogy mekkora csomag eset\u00e9ben.<\/p>\n<p>        <img loading=\"lazy\" decoding=\"async\" alt=\"\" class=\"rounded-[20px] w-full h-full object-cover aspect-[3\/2]\" height=\"342\"  src=\"https:\/\/www.europesays.com\/hu\/wp-content\/uploads\/2026\/03\/e59bbee78987-55-800x457.format-jpeg.max-600x400.jpg\"  width=\"600\"\/><\/p>\n<p data-alignment=\"left\" class=\"text-left\" data-block-key=\"hqa4t\">Az akkumul\u00e1tor j\u00f3l b\u00edrja a hideg id\u0151j\u00e1r\u00e1st, a BYD besz\u00e1mol\u00f3ja szerint -20 Celsius fokban mind\u00f6ssze 12 perc alatt lehet felt\u00f6lteni 20-r\u00f3l 97 sz\u00e1zal\u00e9kra, m\u00edg ez az \u00e9rt\u00e9k m\u00e9g -30 fokban sem cs\u00f6kken \u00e9rdemben. A t\u00f6lt\u00e9se a legt\u00f6bb f\u00e1zisban gyorsabb, mint a versenyt\u00e1rsakn\u00e1l, illetve a k\u00ednai v\u00e1llalat azt \u00edg\u00e9ri, hogy az \u00e9lettartama is hosszabb lesz, mint el\u0151dj\u00e9nek. Elmond\u00e1suk szerint a csoport t\u00f6bb aut\u00f3j\u00e1ban is tesztelt\u00e9k m\u00e1r \u00e9s p\u00e9ld\u00e1ul a Denza Z9GT-ben 1036 kilom\u00e9teres hat\u00f3t\u00e1vot \u00e9rtek el egy t\u00f6lt\u00e9ssel \u2013 tov\u00e1bbra sem tiszta, hogy mekkora csomaggal.<\/p>\n<p>        <img loading=\"lazy\" decoding=\"async\" alt=\"\" class=\"rounded-[20px] w-full h-full object-cover aspect-[3\/2]\" height=\"400\"  src=\"https:\/\/www.europesays.com\/hu\/wp-content\/uploads\/2026\/03\/e59bbee78987-58-800x600.format-jpeg.max-600x400.jpg\"  width=\"533\"\/><\/p>\n<p data-alignment=\"left\" class=\"text-left\" data-block-key=\"hqa4t\">A BYD m\u00e1r elkezdte telep\u00edteni K\u00edna szerte az \u00faj gener\u00e1ci\u00f3s t\u00f6lt\u0151it, amiknek ilyen t\u00f6lt\u00e9si sebess\u00e9g mell\u00e9 b\u0151d\u00fcletesen nagy \u00e1ramfelv\u00e9telre lesz sz\u00fcks\u00e9g\u00fck. A Flash t\u00f6lt\u0151knek T-alakja van \u00e9s a k\u00e9t kar v\u00e9g\u00e9b\u0151l l\u00f3gnak ki a t\u00f6lt\u0151k\u00e1belek. Ezek s\u00ednen mozgathat\u00f3k a jobb mobilit\u00e1s \u00e9rdek\u00e9ben, illetve a t\u00f6lt\u0151csatlakoz\u00f3t is kompaktabbra, egyben hat\u00e9konyabbra szabt\u00e1k.<\/p>\n<p>        <img loading=\"lazy\" decoding=\"async\" alt=\"\" class=\"rounded-[20px] w-full h-full object-cover aspect-[3\/2]\" height=\"338\"  src=\"https:\/\/www.europesays.com\/hu\/wp-content\/uploads\/2026\/03\/e59bbee78987-54-e1772713740243-8.format-jpeg.max-600x400.jpg\"  width=\"600\"\/><\/p>\n<p data-alignment=\"left\" class=\"text-left\" data-block-key=\"hqa4t\">Az igaz\u00e1n \u00e9rdekes r\u00e9sz m\u00e9gsem a diz\u00e1jnban rejlik. A BYD azt \u00e1ll\u00edtja, hogy az \u00faj oszlopuk t\u00f6lt\u00e9si teljes\u00edtm\u00e9nye el\u00e9rheti a m\u00e1sf\u00e9l megawattot, azaz az 1500 kW-ot 1000 voltos fesz\u00fclts\u00e9gen. Mivel ez teljes kihaszn\u00e1l\u00e1s mellett m\u00e9g a modernebb villamosh\u00e1l\u00f3zatokat is megterheln\u00e9, \u00edgy a BYD az oszlopok mellett termetes akkumul\u00e1tortelepeket is telep\u00edtene, amik aff\u00e9le pufferk\u00e9nt t\u00e1roln\u00e1nak gyorsan leh\u00edvhat\u00f3 energi\u00e1t. Ezeknek a telepeknek az elhelyez\u00e9se m\u00e1r folyamatban van, csak id\u00e9n 4239-et \u00e9p\u00edtettek \u00e9s a v\u00e9gc\u00e9l 2026-ban 20 ezer <a href=\"https:\/\/totalcar.hu\/hirek\/2026\/03\/01\/kinaban-mar-utcan-vannak-a-benzinkutakkal-vetekedo-hipertoltok\/\" target=\"_blank\" rel=\" noopener noreferrer nofollow\" data-link-preview=\"true\" data-og-title=\"K\u00edn\u00e1ban m\u00e1r utc\u00e1n vannak a benzinkutakkal veteked\u0151 hipert\u00f6lt\u0151k \u2014 Totalcar\" data-og-description=\"A k\u00ednai BYD nem el\u00e9gszik meg a vil\u00e1g legnagyobb villanyaut\u00f3-gy\u00e1rt\u00f3ja c\u00edmmel, leg\u00fajabb fejleszt\u00e9s\u00fckkel a fizikai hat\u00e1rokat feszegetik.\" data-og-image=\"https:\/\/totalcar.hu\/media\/images\/image-picsart-aiimageenhancer.format-jpeg.max-3840x2160.jpg\" data-og-column=\"H\u00edrek\" data-og-tags=\"[&quot;H\\u00edrek&quot;, &quot;byd&quot;, &quot;t\\u00f6lt\\u0151berendez\\u00e9s&quot;, &quot;elektromos aut\\u00f3&quot;, &quot;k\\u00edna&quot;, &quot;gyorst\\u00f6lt\\u00e9s&quot;]\">Flash \u00e1llom\u00e1s<\/a>.<\/p>\n<p data-alignment=\"left\" class=\"text-left\" data-block-key=\"fe31d\">Forr\u00e1s: <a href=\"https:\/\/carnewschina.com\/2026\/03\/05\/byd-unveils-blade-battery-2-0-10-70-in-5-mins-10-97-in-9-mins-and-20000-flash-charging-stations-in-2026\/\" target=\"_blank\" rel=\" noopener noreferrer nofollow\">Car News China<\/a><\/p>\n","protected":false},"excerpt":{"rendered":"Napjainkra a BYD a vil\u00e1g egyik legnagyobb aut\u00f3gy\u00e1rt\u00f3ja lett, \u00edgy megengedheti mag\u00e1nak, hogy \u00f6n\u00e1ll\u00f3an fejleszt hajt\u00e1sl\u00e1ncot az elektromos&hellip;\n","protected":false},"author":2,"featured_media":17670,"comment_status":"","ping_status":"","sticky":false,"template":"","format":"standard","meta":{"footnotes":"","_share_on_mastodon":"0"},"categories":[12],"tags":[2571,9072,463,44,42,40,43,41,121,120,125,122,4517,9879,124,123],"class_list":["post-17669","post","type-post","status-publish","format-standard","has-post-thumbnail","category-tudomany-es-technologia","tag-akkumulator","tag-blade-akkumulator","tag-byd","tag-hu","tag-hungarian","tag-hungary","tag-magyar","tag-magyarorszag","tag-science","tag-science-technology","tag-technologia","tag-technology","tag-toltes","tag-toltooszlop","tag-tudomany","tag-tudomany-es-technologia"],"share_on_mastodon":{"url":"https:\/\/pubeurope.com\/@hu\/116184723151783944","error":""},"_links":{"self":[{"href":"https:\/\/www.europesays.com\/hu\/wp-json\/wp\/v2\/posts\/17669","targetHints":{"allow":["GET"]}}],"collection":[{"href":"https:\/\/www.europesays.com\/hu\/wp-json\/wp\/v2\/posts"}],"about":[{"href":"https:\/\/www.europesays.com\/hu\/wp-json\/wp\/v2\/types\/post"}],"author":[{"embeddable":true,"href":"https:\/\/www.europesays.com\/hu\/wp-json\/wp\/v2\/users\/2"}],"replies":[{"embeddable":true,"href":"https:\/\/www.europesays.com\/hu\/wp-json\/wp\/v2\/comments?post=17669"}],"version-history":[{"count":0,"href":"https:\/\/www.europesays.com\/hu\/wp-json\/wp\/v2\/posts\/17669\/revisions"}],"wp:featuredmedia":[{"embeddable":true,"href":"https:\/\/www.europesays.com\/hu\/wp-json\/wp\/v2\/media\/17670"}],"wp:attachment":[{"href":"https:\/\/www.europesays.com\/hu\/wp-json\/wp\/v2\/media?parent=17669"}],"wp:term":[{"taxonomy":"category","embeddable":true,"href":"https:\/\/www.europesays.com\/hu\/wp-json\/wp\/v2\/categories?post=17669"},{"taxonomy":"post_tag","embeddable":true,"href":"https:\/\/www.europesays.com\/hu\/wp-json\/wp\/v2\/tags?post=17669"}],"curies":[{"name":"wp","href":"https:\/\/api.w.org\/{rel}","templated":true}]}}