{"id":177433,"date":"2026-07-18T17:09:13","date_gmt":"2026-07-18T17:09:13","guid":{"rendered":"https:\/\/www.europesays.com\/hu\/177433\/"},"modified":"2026-07-18T17:09:13","modified_gmt":"2026-07-18T17:09:13","slug":"telex-tarr-zoltan-reagalt-arra-hogy-orban-janos-denes-visszavasarolna-a-muveit","status":"publish","type":"post","link":"https:\/\/www.europesays.com\/hu\/177433\/","title":{"rendered":"Telex: Tarr Zolt\u00e1n reag\u00e1lt arra, hogy Orb\u00e1n J\u00e1nos D\u00e9nes visszav\u00e1s\u00e1roln\u00e1 a m\u0171veit"},"content":{"rendered":"<p><a href=\"https:\/\/telex.hu\/szerzo\/barnoczki-brigitta\" class=\"author__avatar\" rel=\"nofollow noopener\" target=\"_blank\"><img decoding=\"async\" src=\"https:\/\/www.europesays.com\/hu\/wp-content\/uploads\/2026\/07\/1784394553_282_1632907215-temp-FJgjpJ_avatar@4x.jpg\" alt=\"Barn\u00f3czki Brigitta\" class=\"avatar\" loading=\"lazy\"\/><\/a><\/p>\n<p>\u00c1ll\u00edtsd be a Telexet megb\u00edzhat\u00f3 forr\u00e1snak!<\/p>\n<p>\u201eEz a korm\u00e1ny m\u00e1r nem az a korm\u00e1ny, amelyik h\u00e1tt\u00e9ralkukkal int\u00e9zi \u00fcgyeit. K\u00f6vetkezm\u00e9nyekkel j\u00e1r\u00f3 orsz\u00e1g lett\u00fcnk. Olyan orsz\u00e1g, ahol a k\u00f6zp\u00e9nz a k\u00f6zt szolg\u00e1lja, nem a hatalomhoz k\u00f6zeli \u00fcdv\u00f6s\u00f6k \u00e9rdekeit\u201d, <a href=\"https:\/\/www.facebook.com\/photo\/?fbid=122179266266898389&amp;set=pb.61576951673807.-2207520000\" target=\"_blank\" rel=\"nofollow noopener\">posztolta<\/a> szombaton Tarr Zolt\u00e1n. A t\u00e1rsadalmi kapcsolatok\u00e9rt \u00e9s kult\u00far\u00e1\u00e9rt felel\u0151s miniszter \u00edgy reag\u00e1lt arra, hogy Orb\u00e1n J\u00e1nos D\u00e9nes <a href=\"https:\/\/telex.hu\/karakter\/kultura\/2026\/07\/17\/orban-janos-denes-reakcio-l-simon-laszlo-okovacs-szilveszter\" class=\"\" rel=\"nofollow noopener\" target=\"_blank\">visszav\u00e1s\u00e1roln\u00e1<\/a> a m\u0171veit a K\u00e1rp\u00e1t-medencei Tehets\u00e9ggondoz\u00f3 Nonprofit Kft-t\u0151l. A KMTG a 2026-os v\u00e1laszt\u00e1sok el\u0151tti egy \u00e9vben <a href=\"https:\/\/telex.hu\/transtelex\/2026\/07\/12\/kmtg-orban-janos-denes-mufelhasznalasi-jogdij-millio-euro\" class=\"\" rel=\"nofollow noopener\" target=\"_blank\">t\u00f6bb mint 412 milli\u00f3 forint\u00e9rt, mintegy 1,16 milli\u00f3 eur\u00f3\u00e9rt v\u00e1s\u00e1rolta meg<\/a> Orb\u00e1n J\u00e1nos D\u00e9nes t\u00f6bb sz\u00f6veg\u00e9nek felhaszn\u00e1l\u00e1si jogait. A KMTG a jogokat Orb\u00e1n J\u00e1nos D\u00e9nest\u0151l mint mag\u00e1nszem\u00e9lyt\u0151l v\u00e1s\u00e1rolta meg, mik\u00f6zben Orb\u00e1n J\u00e1nos D\u00e9nes a szervezet szakmai vezet\u0151je.<\/p>\n<p>Tarr Zolt\u00e1n friss posztj\u00e1ban az \u00fcgyre reag\u00e1lva azt \u00edrta, feljelent\u00e9st tettek, \u00edgy szerinte a tov\u00e1bbiakban a hat\u00f3s\u00e1gok feladata, hogy felt\u00e1rj\u00e1k az eset r\u00e9szleteit. K\u00e9rj\u00fck az \u00e9rintetteket, hogy seg\u00edts\u00e9k a hat\u00f3s\u00e1g munk\u00e1j\u00e1t.<\/p>\n<p><a href=\"https:\/\/www.facebook.com\/tarrzoltan.tisza\/posts\/pfbid02etEaBweJ4mCosuc2AGeQWD3E4ChpXHj6yyyW7Wpt9QJs23GMcydgMV6UP2Sm7oPql\" target=\"_blank\" rel=\"nofollow noopener\">Tarr Zolt\u00e1n m\u00e9g szerd\u00e1n sz\u00e1molt be<\/a> arr\u00f3l, hogy m\u00e9g 1,3 milli\u00e1rd forintot fizettek volna Orb\u00e1n J\u00e1nos D\u00e9nes m\u0171vei\u00e9rt, \u201ea t\u00e1mogat\u00e1st Hank\u00f3 Bal\u00e1zs miniszt\u00e9riuma \u00edt\u00e9lte meg a KMTG-nek\u201d. A miniszter szerint felvett\u00e9k a kapcsolatot az \u00e9rintett \u00e1llami c\u00e9ggel, \u00e9s a teljes 1,3 milli\u00e1rd forintnyi t\u00e1mogat\u00e1st vissza tudt\u00e1k szerezni, \u00e9s tov\u00e1bbi vizsg\u00e1latokat folytatnak.<\/p>\n<p>A t\u00f6rt\u00e9ntek miatt L. Simon L\u00e1szl\u00f3, a volt korm\u00e1ny egyik vezet\u0151 kult\u00farpolitikusa <a href=\"https:\/\/telex.hu\/belfold\/2026\/07\/15\/orban-janos-denes-muvei-szazmilliok-l-simon-laszlo-mma\" class=\"\" rel=\"nofollow noopener\" target=\"_blank\">azt javasolta<\/a> Orb\u00e1n J\u00e1nos D\u00e9nesnek, mondjon le a Magyar M\u0171v\u00e9szeti Akad\u00e9mi\u00e1ban val\u00f3 tags\u00e1g\u00e1r\u00f3l. Orb\u00e1n J\u00e1nos D\u00e9nes cs\u00fct\u00f6rt\u00f6k\u00f6n <a href=\"https:\/\/telex.hu\/belfold\/2026\/07\/16\/orban-janos-denes-kmtg-nyilt-level-tarr-zoltan\" class=\"\" rel=\"nofollow noopener\" target=\"_blank\">bejelentette<\/a>, visszav\u00e1s\u00e1roln\u00e1 a m\u0171veit, szerinte ezzel vissza\u00e1ll\u00edthat\u00f3 az eredeti \u00e1llapot. \u201eA k\u00f6z\u00e9rdek mellett nekem a legnagyobb \u00e9rdekem, hogy tiszt\u00e1zzam ezt az \u00fcgyet \u00e9s a becs\u00fcletemet\u201d \u2013 \u00edrta a miniszternek c\u00edmzett ny\u00edlt level\u00e9ben. Nagy Ervin kult\u00far\u00e1\u00e9rt felel\u0151s \u00e1llamtitk\u00e1r pedig <a href=\"https:\/\/www.facebook.com\/NagyErvinoldala\/posts\/pfbid0CiKpvkm7mVBMHigEkmrkKLTJVm1w7t3LFgXAfA2jmdT5V7Hb8Ua3GYcztiZaotW4l\" target=\"_blank\" rel=\"nofollow noopener\">k\u00f6z\u00f6lte<\/a>, hogy feljelent\u00e9st tesz k\u00fcl\u00f6n\u00f6sen jelent\u0151s vagyoni h\u00e1tr\u00e1nyt okoz\u00f3 h\u0171tlen kezel\u00e9s b\u0171ntett\u00e9nek gyan\u00faja miatt Orb\u00e1n J\u00e1nos D\u00e9nes \u00fcgy\u00e9ben, <a href=\"https:\/\/telex.hu\/transtelex\/2026\/07\/12\/kmtg-orban-janos-denes-mufelhasznalasi-jogdij-millio-euro\" class=\"\" rel=\"nofollow noopener\" target=\"_blank\">amir\u0151l r\u00e9szletesen ebben a cikkben \u00edrtunk.<\/a><\/p>\n<p>Partnereinkt\u0151l<\/p>\n<p>\u00c1ll\u00edtsd be a Telexet megb\u00edzhat\u00f3 forr\u00e1snak!<\/p>\n<p>K\u00f6vess minket Facebookon is!<\/p>\n<p> Tov\u00e1bbi \u00e9l\u0151 \u00e1rfolyamok! <\/p>\n","protected":false},"excerpt":{"rendered":"\u00c1ll\u00edtsd be a Telexet megb\u00edzhat\u00f3 forr\u00e1snak! \u201eEz a korm\u00e1ny m\u00e1r nem az a korm\u00e1ny, amelyik h\u00e1tt\u00e9ralkukkal int\u00e9zi \u00fcgyeit.&hellip;\n","protected":false},"author":2,"featured_media":177434,"comment_status":"","ping_status":"","sticky":false,"template":"","format":"standard","meta":{"footnotes":"","_share_on_mastodon":"0"},"categories":[6],"tags":[80,44,42,40,49865,43,41,49866,12031,13794],"class_list":["post-177433","post","type-post","status-publish","format-standard","has-post-thumbnail","category-magyarorszag","tag-belfold","tag-hu","tag-hungarian","tag-hungary","tag-kmtg","tag-magyar","tag-magyarorszag","tag-orban-janos-denes","tag-szerzoi-jog","tag-tarr-zoltan"],"share_on_mastodon":{"url":"https:\/\/pubeurope.com\/@hu\/116942089013652778","error":""},"_links":{"self":[{"href":"https:\/\/www.europesays.com\/hu\/wp-json\/wp\/v2\/posts\/177433","targetHints":{"allow":["GET"]}}],"collection":[{"href":"https:\/\/www.europesays.com\/hu\/wp-json\/wp\/v2\/posts"}],"about":[{"href":"https:\/\/www.europesays.com\/hu\/wp-json\/wp\/v2\/types\/post"}],"author":[{"embeddable":true,"href":"https:\/\/www.europesays.com\/hu\/wp-json\/wp\/v2\/users\/2"}],"replies":[{"embeddable":true,"href":"https:\/\/www.europesays.com\/hu\/wp-json\/wp\/v2\/comments?post=177433"}],"version-history":[{"count":0,"href":"https:\/\/www.europesays.com\/hu\/wp-json\/wp\/v2\/posts\/177433\/revisions"}],"wp:featuredmedia":[{"embeddable":true,"href":"https:\/\/www.europesays.com\/hu\/wp-json\/wp\/v2\/media\/177434"}],"wp:attachment":[{"href":"https:\/\/www.europesays.com\/hu\/wp-json\/wp\/v2\/media?parent=177433"}],"wp:term":[{"taxonomy":"category","embeddable":true,"href":"https:\/\/www.europesays.com\/hu\/wp-json\/wp\/v2\/categories?post=177433"},{"taxonomy":"post_tag","embeddable":true,"href":"https:\/\/www.europesays.com\/hu\/wp-json\/wp\/v2\/tags?post=177433"}],"curies":[{"name":"wp","href":"https:\/\/api.w.org\/{rel}","templated":true}]}}