{"id":177764,"date":"2026-07-19T02:00:13","date_gmt":"2026-07-19T02:00:13","guid":{"rendered":"https:\/\/www.europesays.com\/hu\/177764\/"},"modified":"2026-07-19T02:00:13","modified_gmt":"2026-07-19T02:00:13","slug":"a-vb-donto-alatt-a-kanadai-erdotuzek-fustje-miatt-aggodnak-legszomjra-es-mellkasi-szorito-erzesre-is-fel-kell-keszulni","status":"publish","type":"post","link":"https:\/\/www.europesays.com\/hu\/177764\/","title":{"rendered":"A vb-d\u00f6nt\u0151 alatt a kanadai erd\u0151t\u00fczek f\u00fcstje miatt agg\u00f3dnak, l\u00e9gszomjra \u00e9s mellkasi szor\u00edt\u00f3 \u00e9rz\u00e9sre is fel kell k\u00e9sz\u00fclni"},"content":{"rendered":"<p>Spanyolorsz\u00e1g \u00e9s a c\u00edmv\u00e9d\u0151 Argent\u00edna vas\u00e1rnap csap \u00f6ssze a futballv\u00e9b\u00e9 d\u00f6nt\u0151j\u00e9ben a New Jersey-i MetLife Stadionban, \u00e9s ha hinni lehet az amerikai meteorol\u00f3giai szolg\u00e1ltat\u00f3 c\u00e9gnek, az AccuWeathernek, akkor a kanadai erd\u0151t\u00fczek f\u00fcstje nem vesz\u00e9lyezteti a m\u00e9rk\u0151z\u00e9st.<\/p>\n<p>Az AccuWeather a fin\u00e1l\u00e9t fenyeget\u0151 szmoggal kapcsolatos h\u00edrekre reag\u00e1lva tette k\u00f6zz\u00e9 jelent\u00e9s\u00e9t, amelynek \u00e9rtelm\u00e9ben nincs vesz\u00e9lyben az East Rutherfordban esed\u00e9kes tal\u00e1lkoz\u00f3, hiszen a leveg\u0151 min\u0151s\u00e9ge vas\u00e1rnap megfelel\u0151 lehet.<\/p>\n<p>A New York-i r\u00e9gi\u00f3ban f\u00fcstszag volt \u00e9rezhet\u0151 eg\u00e9sz h\u00e9ten, s a helyi hat\u00f3s\u00e1gok arra k\u00e9rt\u00e9k a lakosokat, hogy cs\u00f6kkents\u00e9k a meger\u0151ltet\u0151 szabadt\u00e9ri tev\u00e9kenys\u00e9geket.<\/p>\n<p>Lehet, hogy m\u00e9g mindig nem tekinthet\u0151 j\u00f3nak, de nem lehet olyan rossz, mint szombaton, \u00e9s kev\u00e9sb\u00e9 lesz p\u00e1r\u00e1s a leveg\u0151<\/p>\n<p>\u2013 id\u00e9zte a Reuters Adam\u00a0Douty meteorol\u00f3gust.<\/p>\n<p>Javul\u00f3 k\u00f6r\u00fclm\u00e9nyek<\/p>\n<p>A d\u00f6nt\u0151t megel\u0151z\u0151 napokban azonban New Yorkot rossz leveg\u0151min\u0151s\u00e9g s\u00fajtotta a kanadai erd\u0151t\u00fczek k\u00f6vetkezt\u00e9ben, amelyek mar\u00f3 f\u00fcst\u00f6t juttattak az Egyes\u00fclt \u00c1llamok t\u00f6bb nagyv\u00e1ros\u00e1ba.<\/p>\n<p>A k\u00f6r\u00fclm\u00e9nyek p\u00e9nteken jelent\u0151sen javultak, a FIFA jelenlegi kommunik\u00e1ci\u00f3ja szerint a vas\u00e1rnapi el\u0151rejelz\u00e9s jobb kil\u00e1t\u00e1sokat mutat, \u00e9s jelenleg nem v\u00e1rhat\u00f3, hogy b\u00e1rmilyen hat\u00e1ssal lenne a j\u00e1t\u00e9kra.<\/p>\n<p>Mindez a FIFA \u00e9s Andrew Giuliani, a vil\u00e1gbajnoks\u00e1g munkacsoportj\u00e1nak vez\u00e9rigazgat\u00f3ja k\u00f6z\u00f6tti inform\u00e1lis megbesz\u00e9l\u00e9seket k\u00f6vet\u0151en t\u00f6rt\u00e9nt.<\/p>\n<p>Narancss\u00e1rga \u00e9g, f\u00fcstszag<\/p>\n<p>A szennyezett leveg\u0151 az elm\u00falt napokban d\u00e9l fel\u00e9 halad az Egyes\u00fclt \u00c1llamok \u00e9szakkeleti r\u00e9sz\u00e9n \u00e9s a kanadai Ontario \u00e9szaki r\u00e9sz\u00e9n tombol\u00f3 erd\u0151t\u00fczek miatt k\u00f6vetkezt\u00e9ben. A kanadai erd\u0151t\u0171z-k\u00f6zpont (CIFFC) p\u00e9nteken 897 akt\u00edv t\u00fczet jelentett az orsz\u00e1gban, amelyek k\u00f6z\u00fcl 31 \u00faj volt.<\/p>\n<p>A sok t\u0171z mellett k\u00fcl\u00f6n probl\u00e9m\u00e1t jelentett a magas h\u0151m\u00e9rs\u00e9klet (Ontari\u00f3ban \u00e9s az Egyes\u00fclt \u00c1llamok \u00e9szakkeleti r\u00e9sz\u00e9n k\u00f6zel 38 Celsius-fokot m\u00e9rtek), \u00e9s a kialakult h\u0151kupola a t\u00e1voli erd\u0151t\u00fczek f\u00fcstj\u00e9t a talaj k\u00f6zel\u00e9ben csapd\u00e1ba ejtette, ez pedig forr\u00f3, p\u00e1r\u00e1s, k\u00f6d\u00f6s \u00e9s kellemetlen k\u00f6r\u00fclm\u00e9nyeket eredm\u00e9nyezett.<\/p>\n<p>P\u00e9ntekig New York City tov\u00e1bbra is az Egyes\u00fclt \u00c1llamok egyik legink\u00e1bb \u00e9rintett r\u00e9gi\u00f3ja maradt, Detroit, Washington DC \u00e9s Chicago leveg\u0151min\u0151s\u00e9ge pedig k\u00fcl\u00f6n\u00f6sen rossz volt.<\/p>\n<p>P\u00e9nteken New York v\u00e1ros leveg\u0151min\u0151s\u00e9gi indexe 188-ra emelkedett \u2013 a 150 feletti \u00e9rt\u00e9k m\u00e1r eg\u00e9szs\u00e9gtelennek sz\u00e1m\u00edt. A v\u00e1ros ege narancss\u00e1rga sz\u00edn\u0171 volt, a leveg\u0151ben f\u00fcstszag terjengett.<\/p>\n<p>A MetLife Stadion, a vas\u00e1rnapi vil\u00e1gbajnoks\u00e1g d\u00f6nt\u0151j\u00e9nek 82 500 f\u00e9r\u0151helyes helysz\u00edne, n\u00e9h\u00e1ny m\u00e9rf\u00f6ldre tal\u00e1lhat\u00f3 Manhattant\u0151l, ott akkor a l\u00e9gszennyezetts\u00e9gi mutat\u00f3 158-on \u00e1llt, de a nap folyam\u00e1n folyamatosan javult.<\/p>\n<p>Irrit\u00e1ci\u00f3t okozhat<\/p>\n<p>James Hull professzor, a londoni Sport-, Mozg\u00e1s- \u00e9s Eg\u00e9szs\u00e9g\u00fcgyi Int\u00e9zet (ISEH) \u00e9s a Royal Brompton K\u00f3rh\u00e1z l\u00e9gz\u0151szervi konzult\u00e1ns szakorvosa <a target=\"_blank\" href=\"https:\/\/www.nytimes.com\/athletic\/7449227\/2026\/07\/17\/world-cup-final-weather-wildfires\/\" rel=\"nofollow noopener\">az Athleticnek elmondta<\/a>, hogy a 100 feletti l\u00e9g\u00fati min\u0151s\u00e9gi mutat\u00f3 fokozott kock\u00e1zatnak sz\u00e1m\u00edt, \u00e9s ebben az esetben azt tan\u00e1csoln\u00e1 a futballcsapatoknak, hogy cs\u00f6kkents\u00e9k a terhel\u00e9st az edz\u00e9sek sor\u00e1n, legfeljebb 90 percre korl\u00e1tozva az edz\u00e9sek id\u0151tartam\u00e1t.<\/p>\n<p>A professzor elmondta, hogy a rossz leveg\u0151min\u0151s\u00e9g\u0171 k\u00f6r\u00fclm\u00e9nyek k\u00f6z\u00f6tt j\u00e1tsz\u00f3 sportol\u00f3k gyakran sz\u00e1molnak be teljes\u00edtm\u00e9nyroml\u00e1sr\u00f3l.<\/p>\n<p>A leveg\u0151ben l\u00e9v\u0151 r\u00e9szecsk\u00e9k h\u00f6rg\u0151sz\u0171k\u00fcletet, l\u00e9gszomjat \u00e9s mellkasi szor\u00edt\u00f3 \u00e9rz\u00e9st okozhatnak, a futballist\u00e1knak olyan \u00e9rz\u00e9s\u00fck lehet, mintha fulladozn\u00e1nak. Ez arra k\u00e9sztetheti az embert, hogy visszavegyen a teljes\u00edtm\u00e9ny\u00e9b\u0151l.<\/p>\n<p>A FIFA egyel\u0151re nem nyilatkozott azzal kapcsolatban, hogy van-e \u00e9rv\u00e9nyben leveg\u0151min\u0151s\u00e9ggel kapcsolatos protokoll a d\u00f6nt\u0151re vonatkoz\u00f3an.<\/p>\n","protected":false},"excerpt":{"rendered":"Spanyolorsz\u00e1g \u00e9s a c\u00edmv\u00e9d\u0151 Argent\u00edna vas\u00e1rnap csap \u00f6ssze a futballv\u00e9b\u00e9 d\u00f6nt\u0151j\u00e9ben a New Jersey-i MetLife Stadionban, \u00e9s ha&hellip;\n","protected":false},"author":2,"featured_media":177765,"comment_status":"","ping_status":"","sticky":false,"template":"","format":"standard","meta":{"footnotes":"","_share_on_mastodon":"0"},"categories":[8],"tags":[29456,4195,378,7631,6142,42,502,43,34,45,33657,94,93,92],"class_list":["post-177764","post","type-post","status-publish","format-standard","has-post-thumbnail","category-vilag","tag-erdotuz","tag-fifa","tag-foci","tag-foci-vb-2026","tag-fust","tag-hungarian","tag-labdarugas","tag-magyar","tag-news","tag-sport","tag-vb-donto","tag-vilag","tag-world","tag-world-news"],"share_on_mastodon":{"url":"https:\/\/pubeurope.com\/@hu\/116944176855269878","error":""},"_links":{"self":[{"href":"https:\/\/www.europesays.com\/hu\/wp-json\/wp\/v2\/posts\/177764","targetHints":{"allow":["GET"]}}],"collection":[{"href":"https:\/\/www.europesays.com\/hu\/wp-json\/wp\/v2\/posts"}],"about":[{"href":"https:\/\/www.europesays.com\/hu\/wp-json\/wp\/v2\/types\/post"}],"author":[{"embeddable":true,"href":"https:\/\/www.europesays.com\/hu\/wp-json\/wp\/v2\/users\/2"}],"replies":[{"embeddable":true,"href":"https:\/\/www.europesays.com\/hu\/wp-json\/wp\/v2\/comments?post=177764"}],"version-history":[{"count":0,"href":"https:\/\/www.europesays.com\/hu\/wp-json\/wp\/v2\/posts\/177764\/revisions"}],"wp:featuredmedia":[{"embeddable":true,"href":"https:\/\/www.europesays.com\/hu\/wp-json\/wp\/v2\/media\/177765"}],"wp:attachment":[{"href":"https:\/\/www.europesays.com\/hu\/wp-json\/wp\/v2\/media?parent=177764"}],"wp:term":[{"taxonomy":"category","embeddable":true,"href":"https:\/\/www.europesays.com\/hu\/wp-json\/wp\/v2\/categories?post=177764"},{"taxonomy":"post_tag","embeddable":true,"href":"https:\/\/www.europesays.com\/hu\/wp-json\/wp\/v2\/tags?post=177764"}],"curies":[{"name":"wp","href":"https:\/\/api.w.org\/{rel}","templated":true}]}}