{"id":177897,"date":"2026-07-19T07:22:07","date_gmt":"2026-07-19T07:22:07","guid":{"rendered":"https:\/\/www.europesays.com\/hu\/177897\/"},"modified":"2026-07-19T07:22:07","modified_gmt":"2026-07-19T07:22:07","slug":"index-kulfold-uj-jatszoteret-talaltak-vlagyimir-putyin-ugynokei-de-ennek-is-ukrajna-issza-meg-a-levet","status":"publish","type":"post","link":"https:\/\/www.europesays.com\/hu\/177897\/","title":{"rendered":"Index &#8211; K\u00fclf\u00f6ld &#8211; \u00daj j\u00e1tsz\u00f3teret tal\u00e1ltak Vlagyimir Putyin \u00fcgyn\u00f6kei, de ennek is Ukrajna issza meg a lev\u00e9t"},"content":{"rendered":"<p>Nem sokkal az ukrajnai h\u00e1bor\u00fa kezdete ut\u00e1n a nyugati orsz\u00e1gok t\u00f6bb sz\u00e1z orosz k\u00e9met utas\u00edtottak ki a f\u0151v\u00e1rosaikb\u00f3l, \u00e9s tettek feketelist\u00e1ra Kremlhez k\u00f6thet\u0151 v\u00e1llalatokat. Az \u00f6sszehangolt l\u00e9p\u00e9s c\u00e9lja az volt, hogy megnehez\u00edts\u00e9k az orosz h\u00edrszerz\u00e9s dolg\u00e1t, valamint ehhez kapcsol\u00f3d\u00f3 berendez\u00e9sek megszerz\u00e9s\u00e9t. Ugyanakkor a kitiltott k\u00e9mek v\u00e1ratlan helyen bukkantak fel: Jap\u00e1nban.\u00a0<\/p>\n<p>A <a href=\"https:\/\/www.nytimes.com\/2026\/07\/12\/world\/asia\/russia-spies-japan-war-drones-electronics.html?searchResultPosition=1\" id=\"hyperlink_b59c92b6f4a908b9a5b5efb4fd4e3488\" rel=\"nofollow noopener\" target=\"_blank\">The New York Times<\/a> oknyomoz\u00e1sa szerint a szigetorsz\u00e1got el\u00e9gtelen k\u00e9melh\u00e1r\u00edt\u00f3 t\u00f6rv\u00e9nyei \u00e9s vir\u00e1gz\u00f3 cs\u00facstechnol\u00f3giai ipara kiv\u00e1l\u00f3 helysz\u00ednn\u00e9 tett\u00e9k az orosz k\u00e9mek sz\u00e1m\u00e1ra.<\/p>\n<p>Ukr\u00e1n becsl\u00e9sek szerint az orosz rak\u00e9t\u00e1k \u00e9s dr\u00f3nok 90 sz\u00e1zal\u00e9ka tartalmaz jap\u00e1n alkatr\u00e9szeket.<\/p>\n<p>A toki\u00f3i m\u0171veletek k\u00f6z\u00e9ppontj\u00e1ban egy titkos orosz katonai h\u00edrszerz\u0151 egys\u00e9g, a 20. Igazgat\u00f3s\u00e1g \u00e1ll, amelynek nyugati h\u00edrszerz\u0151k k\u00f6z\u00f6lt\u00e9k, hogy tagjaik diplomat\u00e1knak vagy \u00fczletembereknek \u00e1lc\u00e1zva magukat katonai fejleszt\u00e9seket v\u00e1s\u00e1rolnak vagy csemp\u00e9sznek Oroszorsz\u00e1gba. A 20. Igazgat\u00f3s\u00e1g m\u0171velet\u00e9t az Aeroflot orosz \u00e1llami l\u00e9git\u00e1rsas\u00e1g fedett alkalmazottja vezeti.<\/p>\n<p>Ennek a tev\u00e9kenys\u00e9gnek az \u00e1ra j\u00f3l l\u00e1that\u00f3 az ukrajnai h\u00e1bor\u00fa elh\u00faz\u00f3d\u00e1s\u00e1ban, egyes tisztvisel\u0151k \u00fagy gondolj\u00e1k, hogy Oroszorsz\u00e1g az\u00e9rt k\u00e9pes m\u00e9g mindig folytatni a harcot, mert tov\u00e1bbra is hozz\u00e1f\u00e9r olyan technol\u00f3gi\u00e1khoz, amelyeket Jap\u00e1nb\u00f3l szerez be. Erre p\u00e9ldak\u00e9nt az orosz H\u2212101 t\u00edpus\u00fa robotrep\u00fcl\u0151g\u00e9pet hozt\u00e1k fel, amelynek ukr\u00e1n elemz\u00e9s\u00e9b\u0151l kider\u00fclt, hogy olyan jap\u00e1n alkatr\u00e9szeket tartalmazott, amelyek elvileg el sem juthattak volna Oroszorsz\u00e1gba. Az ukr\u00e1n tisztvisel\u0151k bemutatt\u00e1k a szigetorsz\u00e1gnak ezeket a bizony\u00edt\u00e9kokat, de a toki\u00f3i korm\u00e1ny lassan reag\u00e1lt erre.<\/p>\n<p>Jap\u00e1nt a k\u00e9mek paradicsom\u00e1nak tartj\u00e1k, egyr\u00e9szt a m\u00e1sodik vil\u00e1gh\u00e1bor\u00fat lez\u00e1r\u00f3, a gy\u0151ztes nagyhatalmak \u00e1ltal kialak\u00edtott korl\u00e1toz\u00e1sok miatt, m\u00e1sr\u00e9szt pedig Jap\u00e1nnak nincs k\u00fclf\u00f6ldi h\u00edrszerz\u0151 \u00fcgyn\u00f6ks\u00e9ge. Siozaki Akihisza korm\u00e1nyp\u00e1rti k\u00e9pvisel\u0151 szerint \u201ev\u00e1ls\u00e1gosnak \u00e9rzik ezt a helyzetet\u201d, a jap\u00e1n k\u00fcl\u00fcgyminiszt\u00e9rium ennek ellen\u00e9re nem reag\u00e1lt a k\u00e9mked\u00e9ssel kapcsolatos k\u00e9rd\u00e9sekre, de megjegyezt\u00e9k, hogy a korm\u00e1ny egy\u00fcttm\u0171k\u00f6dik sz\u00f6vets\u00e9geseivel az Oroszorsz\u00e1gba ir\u00e1nyul\u00f3 katonai term\u00e9kek exportj\u00e1nak tilt\u00e1sa \u00e9rdek\u00e9ben.<\/p>\n<p>M\u00e9gis \u00fagy t\u0171nik, az orosz k\u00e9mek a jap\u00e1n hat\u00f3s\u00e1gok szeme el\u0151tt tev\u00e9kenykednek, mivel az Aeroflot toki\u00f3i irod\u00e1ja mind\u00f6ssze t\u00edz perc s\u00e9t\u00e1ra van a k\u00e9mked\u00e9si \u00fcgyeket vizsg\u00e1l\u00f3 Orsz\u00e1gos Rend\u0151rs\u00e9gi Hivatal sz\u00e9khely\u00e9t\u0151l. Nyugati h\u00edrszerz\u0151k szerint pedig el\u0151bbinek a 22. emelet\u00e9r\u0151l ir\u00e1ny\u00edtja az orosz akci\u00f3kat a 20. Igazgat\u00f3s\u00e1g toki\u00f3i embere, Makszim Vlagyimirovics Filcsenkov.<\/p>\n<p>                        K\u00e9t \u00e9ve m\u0171k\u00f6dhet szabadon Toki\u00f3ban<\/p>\n<p>Oroszorsz\u00e1gnak \u00e9get\u0151 sz\u00fcks\u00e9ge volt a cs\u00facstechnol\u00f3gi\u00e1s alkatr\u00e9szekre, amikor Makszim Filcsenkov 2024 febru\u00e1rj\u00e1ban \u00e1tvette a toki\u00f3i iroda vezet\u00e9s\u00e9t. Az ukrajnai h\u00e1bor\u00fa ekkor v\u00e1ltott az els\u0151 vil\u00e1gh\u00e1bor\u00fat id\u00e9z\u0151 fel\u0151rl\u0151 csat\u00e1kb\u00f3l a dr\u00f3ntechnol\u00f3gi\u00e1ra \u00e9p\u00fcl\u0151 hadvisel\u00e9sre, amellyel az ukr\u00e1nok technol\u00f3giai el\u0151nyre tettek szert.<\/p>\n<p>Ahhoz, hogy Moszkva l\u00e9p\u00e9st tartson vel\u00fck, hagyom\u00e1nyos haderej\u00e9t ki kellett eg\u00e9sz\u00edtenie az \u00faj technol\u00f3gi\u00e1val. K\u00edna ugyan t\u00e1mogatta \u0151ket, de a hadsereg legfejlettebb fegyverzet\u00e9hez nem volt p\u00f3tl\u00e1s alkatr\u00e9szekb\u0151l, hiszen azokat Oroszorsz\u00e1g m\u00e1r nem tudta import\u00e1lni. Ekkor l\u00e9pett sz\u00ednre az orosz katonai h\u00edrszerz\u00e9s, a <a href=\"https:\/\/index.hu\/kulfold\/2026\/05\/13\/oroszorszag-moszkva-egyetem-kem-gru-kibertamadas-kepzes\/\" id=\"hyperlink_cd4d7a57e749d5bceabefdb54dea16c1\" target=\"_blank\" title=\"Leleplezt\u00e9k Putyin k\u00e9mk\u00e9pz\u0151j\u00e9t, amelynek egyik oktat\u00f3ja Budapesten sz\u00fcletett\" rel=\"nofollow noopener\">GRU<\/a> tisztje. H\u00edrszerz\u0151i forr\u00e1sok szerint mivel Filcsenkov m\u00e1r kor\u00e1bban is dolgozott Jap\u00e1nban, \u00edgy kell\u0151 tapasztalattal rendelkezett ahhoz, hogy a sz\u00fcks\u00e9ges eszk\u00f6z\u00f6ket eljuttassa Oroszorsz\u00e1gba.<\/p>\n<p>Ennek \u00e9rdek\u00e9ben olyan logisztikai c\u00e9gek k\u00e9pvisel\u0151ivel tal\u00e1lkozott, amelyek Jap\u00e1nb\u00f3l export\u00e1ltak megfelel\u0151 alkatr\u00e9szeket az oroszoknak. Emiatt nyugati tisztvisel\u0151k figyelmeztett\u00e9k a szigetorsz\u00e1got, hogy ez\u00e1ltal a GRU tisztjeit seg\u00edtik abban, hogy hamis indokkal cs\u00facstechnol\u00f3gi\u00e1t v\u00e1s\u00e1roljanak, \u00e9s azt eljuttass\u00e1k megb\u00edz\u00f3iknak.<\/p>\n<p>                        H\u00edd Jap\u00e1n \u00e9s Oroszorsz\u00e1g k\u00f6z\u00f6tt<\/p>\n<p>Ehhez volt sz\u00fcks\u00e9g a 20. Igazgat\u00f3s\u00e1gra, amelynek ugyan kor\u00e1bbi tev\u00e9kenys\u00e9ge nem ismert, de egyes forr\u00e1sok szerint m\u00e1r az ukrajnai h\u00e1bor\u00fa el\u0151tt is l\u00e9tezett. Az\u00f3ta viszont k\u00f6zponti szerepet j\u00e1tszik a Kreml katonai technol\u00f3gia megszerz\u00e9s\u00e9re ir\u00e1nyul\u00f3 t\u00f6rekv\u00e9seiben. A GRU k\u00e9mei m\u00e1r a hidegh\u00e1bor\u00fa alatt is az Aeroflotot haszn\u00e1lt\u00e1k fed\u0151szervk\u00e9nt, mik\u00f6zben nyugati technol\u00f3gi\u00e1t pr\u00f3b\u00e1ltak megszerezni. Az orosz l\u00e9git\u00e1rsas\u00e1got ugyan Toki\u00f3 nem tette feketelist\u00e1ra, \u00edgy partnereik akt\u00edv k\u00f6zrem\u0171k\u00f6d\u00e9s\u00e9vel folytatj\u00e1k a rejtett tev\u00e9kenys\u00e9g\u00fcket.<\/p>\n<p>K\u00f6z\u00fcl\u00fck az egyik, a Proco Air \u201eh\u00eddk\u00e9nt\u201d hat\u00e1rozza meg \u00f6nmag\u00e1t Jap\u00e1n \u00e9s Oroszorsz\u00e1g k\u00f6z\u00f6tt. A v\u00e1llalat rakom\u00e1nyokat b\u00e9rel olyan l\u00e9git\u00e1rsas\u00e1gokn\u00e1l, amelyek olyan orsz\u00e1gokba is rep\u00fclnek, ahol az Aeroflot is m\u0171k\u00f6dik, mint p\u00e9ld\u00e1ul Sr\u00ed Lanka vagy \u00dczbegiszt\u00e1n. Az oroszok ott veszik \u00e1t a rakom\u00e1nyt, majd elsz\u00e1ll\u00edtj\u00e1k rendeltet\u00e9si hely\u00fckre. Ugyanakkor ez m\u00e9g nem sz\u00e1m\u00edt illeg\u00e1lis tev\u00e9kenys\u00e9gnek, ez\u00e9rt rengeteg \u00e1ru \u00e9rkezik Oroszorsz\u00e1gba. Az egyik legnagyobb k\u00f6zvet\u00edt\u0151 orsz\u00e1g Vietnam, amelyen kereszt\u00fcl az orosz beszerz\u00e9sek t\u00f6rt\u00e9nnek.<\/p>\n<p>A Proco Airnek Toki\u00f3 ipari negyed\u00e9ben van a sz\u00e9khelye, alig h\u00fasz percre az Aeroflot irod\u00e1j\u00e1t\u00f3l. A c\u00e9get Miki Takehiko vezeti, \u00e9s elmond\u00e1sa szerint 2018 k\u00f6r\u00fcl ismerte meg Filcsenkovot, de csak hat \u00e9vvel k\u00e9s\u0151bb kezdett vele egy\u00fctt dolgozni, amikor az orosz k\u00e9m visszat\u00e9rt a jap\u00e1n f\u0151v\u00e1rosba.<\/p>\n<p>                        Orosz gy\u00f3gyszeripari v\u00e1llalat is r\u00e9szes\u00fclt a jap\u00e1n exportb\u00f3l<\/p>\n<p>Az elm\u00falt \u00e9vben Miki Takehiko felkereste egy K\u00edn\u00e1ban \u00e9l\u0151 ismer\u0151s\u00e9t, akit m\u00e9g Filcsenkov mutatott be neki, \u00e9s ahhoz k\u00e9rt seg\u00edts\u00e9get t\u0151le, hogy olyan \u00e1rukat sz\u00e1ll\u00edthasson, amelyekr\u0151l tudta, hogy tilos Oroszorsz\u00e1gba export\u00e1lni, b\u00e1r ezt az inform\u00e1ci\u00f3t a Proco Air vezet\u0151je tagadta.\u00a0Ehelyett hangs\u00falyozta, hogy orvosi eszk\u00f6z\u00f6ket \u00e9s kozmetikumokat sz\u00e1ll\u00edtott oda, amelyet egy r\u00e9gebbi fuvarlev\u00e9llel bizony\u00edtott. A dokumentum pedig l\u00e1tsz\u00f3lag al\u00e1t\u00e1masztotta a jap\u00e1n c\u00e9gvezet\u0151 \u00e1ll\u00edt\u00e1s\u00e1t: m\u00e1rcius 12-\u00e9n egy orvosi eszk\u00f6z\u00f6ket tartalmaz\u00f3 sz\u00e1ll\u00edtm\u00e1ny ment Sr\u00ed Lank\u00e1n kereszt\u00fcl Oroszorsz\u00e1gba. N\u00e9mi sz\u00e9ps\u00e9ghiba, hogy megpr\u00f3b\u00e1lta kih\u00fazni egy c\u00e9g nev\u00e9t, amely a Kremlhez k\u00f6t\u0151dik. Ez a c\u00e9g pedig az R-Pharm nev\u0171 moszkvai gy\u00f3gyszeripari v\u00e1llalat volt.<\/p>\n<p>Az R-Pharm nem \u00e1ll nyugati szankci\u00f3k alatt, b\u00e1r alap\u00edt\u00f3j\u00e1t, Alekszej Repiket Ausztr\u00e1lia, Nagy-Britannia \u00e9s Kanada is feketelist\u00e1ra tette a Vlagyimir Putyinhoz f\u0171z\u0151d\u0151 kapcsolatai miatt. Repik sz\u00e1mos alkalommal t\u0171nt fel az orosz eln\u00f6k oldal\u00e1n, valamint besz\u00e1molt arr\u00f3l, milyen er\u0151fesz\u00edt\u00e9seket tett az ukrajnai h\u00e1bor\u00fa t\u00e1mogat\u00e1sa \u00e9rdek\u00e9ben.\u00a0<\/p>\n<p>A Proco Air ellen azonban nem emeltek v\u00e1dat semmilyen jogs\u00e9rt\u00e9s miatt, \u00e9s Miki Takehiko elmond\u00e1sa szerint a jap\u00e1n hat\u00f3s\u00e1gok soha nem kerest\u00e9k meg \u0151t a sz\u00e1ll\u00edtm\u00e1nyok \u00fcgy\u00e9ben. Kijelentette, hogy soha nem seg\u00edtett tudatosan a szankci\u00f3k alatt \u00e1ll\u00f3 szem\u00e9lynek.<\/p>\n<p>                        Diplom\u00e1ciai figyelmeztet\u00e9sek sora \u00e9rkezett a szigetorsz\u00e1gba, a jap\u00e1n korm\u00e1ny l\u00e9p\u00e9seket tett<\/p>\n<p>A nyugati korm\u00e1nyok m\u00e1r t\u00f6bbsz\u00f6r figyelmeztett\u00e9k Jap\u00e1nt, hogy cs\u00facstechnol\u00f3gi\u00e1j\u00e1t Oroszorsz\u00e1gba csemp\u00e9szik. Emiatt 2025 \u00e1prilis\u00e1ban Ukrajna legal\u00e1bb nyolc hivatalos diplom\u00e1ciai levelet k\u00fcld\u00f6tt a jap\u00e1n k\u00fcl\u00fcgyminiszt\u00e9riumnak. Ezekben r\u00e9szletezt\u00e9k azokat a bizony\u00edt\u00e9kokat, amelyek szerint a szigetorsz\u00e1gb\u00f3l sz\u00e1rmaz\u00f3 alkatr\u00e9szeket tal\u00e1ltak orosz fegyverekben a polg\u00e1ri c\u00e9lpontok elleni t\u00e1mad\u00e1sok helysz\u00ednein.<\/p>\n<p>A diplom\u00e1ciai jegyz\u00e9kek list\u00e1kat \u00e9s f\u00e9nyk\u00e9peket tartalmaztak a megtal\u00e1lt jap\u00e1n gy\u00e1rtm\u00e1ny\u00fa alkatr\u00e9szekr\u0151l, amelyek m\u00e9g ballisztikus rak\u00e9t\u00e1kban is el\u0151fordultak.\u00a0<\/p>\n<p>Rem\u00e9lem, figyelembe veszik ezt az inform\u00e1ci\u00f3t az Oroszorsz\u00e1g elleni tov\u00e1bbi korl\u00e1toz\u00e1sok megfontol\u00e1sakor, illetve az \u00e9rz\u00e9keny \u00e1ruk \u00e9s technol\u00f3gi\u00e1k harmadik orsz\u00e1gokba ir\u00e1nyul\u00f3 sz\u00e1ll\u00edt\u00e1s\u00e1ra vonatkoz\u00f3 exportellen\u0151rz\u00e9s szigor\u00edt\u00e1sakor<\/p>\n<p>\u2013 \u00e1llt a jap\u00e1n k\u00fcl\u00fcgyminiszt\u00e9rium tisztvisel\u0151inek k\u00fcld\u00f6tt lev\u00e9lben.<\/p>\n<p><a href=\"https:\/\/defence-blog.com\/ukraine-says-japanese-parts-are-in-90-of-russias-missiles-and-drones\/\" id=\"hyperlink_1e6fd4420357498570ae3ebef1f8f956\" rel=\"nofollow noopener\" target=\"_blank\">Ukrajna<\/a> egy olyan list\u00e1t is \u00e1tadott Jap\u00e1nnak, amely tartalmazta, mely jap\u00e1n c\u00e9gek \u00e1ltal gy\u00e1rtott alkatr\u00e9szeket tal\u00e1ltak orosz eszk\u00f6z\u00f6kben, t\u00f6bbek k\u00f6z\u00f6tt a Nippon Electric Corporation, a Panasonic \u00e9s a Toshiba. A dokumentumban viszont m\u00e1r nem szerepelt, hogy ezek a v\u00e1llalatok c\u00e9lir\u00e1nyosan adt\u00e1k volna el term\u00e9keiket Oroszorsz\u00e1gnak, szemben azzal a lehet\u0151s\u00e9ggel, hogy azokat m\u00e1s orsz\u00e1gokba sz\u00e1ll\u00edtott\u00e1k, majd onnan adt\u00e1k tov\u00e1bb.<\/p>\n<p>Ennek ellen\u00e9re minden \u00e9rintett v\u00e1llalat tagadta a jogs\u00e9rt\u00e9st, \u00e9s k\u00f6z\u00f6lte, hogy elk\u00f6telezettek Jap\u00e1n gazdas\u00e1gi szankci\u00f3inak \u00e9s kereskedelmi korl\u00e1toz\u00e1sainak betart\u00e1sa mellett. A Nippon Electric Corporation elmondta, hogy az ukr\u00e1nok \u00e1ltal azonos\u00edtott elektronikai alkatr\u00e9szek r\u00e9gi t\u00edpus\u00faak, \u00e9s a c\u00e9g \u00e9vek \u00f3ta nem \u00e9rt\u00e9kes\u00edtenek ilyeneket.<\/p>\n<p>A jap\u00e1n gazdas\u00e1gi, kereskedelmi \u00e9s ipari miniszt\u00e9rium k\u00f6z\u00f6lte, hogy figyelmeztette a v\u00e1llalatokat \u00e9s az ipar\u00e1gi szervezeteket a szankci\u00f3k megker\u00fcl\u00e9s\u00e9re ir\u00e1nyul\u00f3 k\u00eds\u00e9rletekkel kapcsolatban. Emellett feketelist\u00e1ra tett t\u00f6bb tucat k\u00fclf\u00f6ldi szerepl\u0151t is, akiket azzal gyan\u00fas\u00edtanak, hogy seg\u00edtik Oroszorsz\u00e1got az exportkorl\u00e1toz\u00e1sok kij\u00e1tsz\u00e1s\u00e1ban.<\/p>\n<p>                        Ism\u00e9t fel\u00e1ll\u00edtj\u00e1k a k\u00fclf\u00f6ldi h\u00edrszerz\u0151 hivatalt Jap\u00e1nban<\/p>\n<p>Ukrajn\u00e1n k\u00edv\u00fcl m\u00e1s nyugati tisztvisel\u0151k is jelezt\u00e9k Toki\u00f3nak az <a href=\"https:\/\/index.hu\/kulfold\/2026\/06\/05\/oroszorszag-ukrajna-haboru-szovjet-ugynok-kem-gazdasag\/\" id=\"hyperlink_4e1528c45bc3525e97569f9c7e8e2028\" target=\"_blank\" title=\"Figyelmeztet\u00e9st k\u00fcld\u00f6tt a szovjet alv\u00f3\u00fcgyn\u00f6k, ez a j\u00f6v\u0151 v\u00e1rhat Oroszorsz\u00e1gra\" rel=\"nofollow noopener\">orosz k\u00e9mtev\u00e9kenys\u00e9get<\/a>, valamint inform\u00e1ci\u00f3kat adtak \u00e1t azokr\u00f3l a v\u00e1llalatokr\u00f3l, k\u00f6zt\u00fck a Proco Airr\u0151l, amelyekr\u0151l felt\u00e9telezik, hogy seg\u00edtik az orosz \u00fcgyn\u00f6k\u00f6ket szankcion\u00e1lt \u00e1ruk Oroszorsz\u00e1gba sz\u00e1ll\u00edt\u00e1s\u00e1ban. B\u00e1r kifejezetten Makszim Filcsenkov ellen nem l\u00e9ptek fel, a jap\u00e1n tisztvisel\u0151k egy\u00e1ltal\u00e1n nem k\u00f6z\u00f6mb\u00f6sek Ukrajna ir\u00e1nt. A h\u00e1bor\u00fa kezdet\u00e9n Jap\u00e1n csatlakozott az Egyes\u00fclt \u00c1llamok \u00e9s az Eur\u00f3pai Uni\u00f3 \u00e1ltal bevezetett szankci\u00f3khoz, majd k\u00e9s\u0151bb katonai t\u00e1mogat\u00e1st is k\u00fcld\u00f6tt Kijevnek.<\/p>\n<p><a href=\"https:\/\/index.hu\/kulfold\/2025\/10\/21\/japan-miniszterelnok-valasztas-takaicsi-szanae-liberalis-demokrata-part\/\" id=\"hyperlink_8be690ad2bc457cdf2dce3ebfe058e7f\" target=\"_blank\" title=\"T\u00f6rt\u00e9nelmi pillanat Jap\u00e1nban: el\u0151sz\u00f6r lett n\u0151 a minisztereln\u00f6k\" rel=\"nofollow noopener\">Takaicsi Szana\u00e9<\/a>\u00a0jap\u00e1n minisztereln\u00f6k vezet\u00e9s\u00e9vel az orsz\u00e1g nagyszab\u00e1s\u00fa programot ind\u00edtott h\u00edrszerz\u00e9si k\u00e9pess\u00e9geinek meger\u0151s\u00edt\u00e9s\u00e9re, r\u00e9szben az\u00e9rt, hogy jobban ellen\u0151rizhesse az illeg\u00e1lis exportot, valamint megakad\u00e1lyozhassa a k\u00e9mked\u00e9st. Janu\u00e1rban a toki\u00f3i rend\u0151rs\u00e9g bejelentette, hogy lelepleztek egy orosz k\u00e9met, aki ukr\u00e1nnak adta ki mag\u00e1t, \u00e9s megpr\u00f3b\u00e1lt \u00fczleti titkokat ellopni egy jap\u00e1n munkav\u00e1llal\u00f3t\u00f3l. K\u00e9mked\u00e9sre vonatkoz\u00f3 t\u00f6rv\u00e9ny hi\u00e1ny\u00e1ban a rend\u0151rs\u00e9g versenyjogi szab\u00e1lyok megs\u00e9rt\u00e9se miatt ind\u00edtott csak elj\u00e1r\u00e1st, az orosz \u00fcgyn\u00f6k azonban m\u00e9g a v\u00e1demel\u00e9s el\u0151tt elhagyta a szigetorsz\u00e1got.<\/p>\n<p>\n                          (Bor\u00edt\u00f3k\u00e9p: Toki\u00f3. Fot\u00f3:\u00a0MHLai \/ Shutterstock)\n                        <\/p>\n<p><a href=\"https:\/\/dex.hu\/x.php?id=googlepref_desktop&amp;url=https:\/\/google.com\/preferences\/source?q=https:\/\/index.hu\" class=\"google-pref-banner \" id=\"googlePrefBanner\" rel=\"nofollow noopener\" target=\"_blank\"><\/p>\n<p>    Itt \u00e1ll\u00edtsa be, hogy az Index az els\u0151k k\u00f6z\u00f6tt legyen a Google-tal\u00e1latokban!<\/p>\n<p><\/a><\/p>\n<p>    <img decoding=\"async\" src=\"https:\/\/index.hu\/assets\/images\/social-follow\/logo-big.svg\" alt=\"Index.hu logo\"\/><\/p>\n<p>K\u00f6vesse az Indexet Facebookon is!<\/p>\n<p>    <a href=\"https:\/\/facebook.com\/Indexhu\" target=\"_blank\" rel=\"nofollow noopener\"><\/p>\n<p>        K\u00f6vetem!<br \/>\n    <\/a><\/p>\n","protected":false},"excerpt":{"rendered":"Nem sokkal az ukrajnai h\u00e1bor\u00fa kezdete ut\u00e1n a nyugati orsz\u00e1gok t\u00f6bb sz\u00e1z orosz k\u00e9met utas\u00edtottak ki a f\u0151v\u00e1rosaikb\u00f3l,&hellip;\n","protected":false},"author":2,"featured_media":177898,"comment_status":"","ping_status":"","sticky":false,"template":"","format":"standard","meta":{"footnotes":"","_share_on_mastodon":"0"},"categories":[8],"tags":[152,297,42,503,11879,64,43,34,1616,3642,58,94,93,92],"class_list":["post-177897","post","type-post","status-publish","format-standard","has-post-thumbnail","category-vilag","tag-ce-napi","tag-hirszerzes","tag-hungarian","tag-japan","tag-kem","tag-kulfold","tag-magyar","tag-news","tag-orosz","tag-tokio","tag-ukrajna","tag-vilag","tag-world","tag-world-news"],"share_on_mastodon":{"url":"https:\/\/pubeurope.com\/@hu\/116945442910013527","error":""},"_links":{"self":[{"href":"https:\/\/www.europesays.com\/hu\/wp-json\/wp\/v2\/posts\/177897","targetHints":{"allow":["GET"]}}],"collection":[{"href":"https:\/\/www.europesays.com\/hu\/wp-json\/wp\/v2\/posts"}],"about":[{"href":"https:\/\/www.europesays.com\/hu\/wp-json\/wp\/v2\/types\/post"}],"author":[{"embeddable":true,"href":"https:\/\/www.europesays.com\/hu\/wp-json\/wp\/v2\/users\/2"}],"replies":[{"embeddable":true,"href":"https:\/\/www.europesays.com\/hu\/wp-json\/wp\/v2\/comments?post=177897"}],"version-history":[{"count":0,"href":"https:\/\/www.europesays.com\/hu\/wp-json\/wp\/v2\/posts\/177897\/revisions"}],"wp:featuredmedia":[{"embeddable":true,"href":"https:\/\/www.europesays.com\/hu\/wp-json\/wp\/v2\/media\/177898"}],"wp:attachment":[{"href":"https:\/\/www.europesays.com\/hu\/wp-json\/wp\/v2\/media?parent=177897"}],"wp:term":[{"taxonomy":"category","embeddable":true,"href":"https:\/\/www.europesays.com\/hu\/wp-json\/wp\/v2\/categories?post=177897"},{"taxonomy":"post_tag","embeddable":true,"href":"https:\/\/www.europesays.com\/hu\/wp-json\/wp\/v2\/tags?post=177897"}],"curies":[{"name":"wp","href":"https:\/\/api.w.org\/{rel}","templated":true}]}}