{"id":177969,"date":"2026-07-19T08:47:15","date_gmt":"2026-07-19T08:47:15","guid":{"rendered":"https:\/\/www.europesays.com\/hu\/177969\/"},"modified":"2026-07-19T08:47:15","modified_gmt":"2026-07-19T08:47:15","slug":"index-belfold-villamosok-utkoztek-budapesten-tobben-megserultek","status":"publish","type":"post","link":"https:\/\/www.europesays.com\/hu\/177969\/","title":{"rendered":"Index &#8211; Belf\u00f6ld &#8211; Villamosok \u00fctk\u00f6ztek Budapesten, t\u00f6bben megs\u00e9r\u00fcltek"},"content":{"rendered":"<p>                <a href=\"https:\/\/index.hu\/szerzo\/olah_zsanett\" rel=\"nofollow noopener\" target=\"_blank\"><br \/>\n                        <img decoding=\"async\" class=\"szerzo-kep\" src=\"https:\/\/www.europesays.com\/hu\/wp-content\/uploads\/2026\/07\/1784450832_837_68042483_5023425_6c25dbf93ee8e9917e996ebccc7002db_wm.jpg\" alt=\"Ol\u00e1h Zsanett\"\/><br \/>\n                <\/a><\/p>\n<p>\n                A K\u00f6nyves K\u00e1lm\u00e1n k\u00f6r\u00faton \u00e9s a Szabads\u00e1g h\u00edd l\u00e1b\u00e1n\u00e1l is baleset t\u00f6rt\u00e9nt vas\u00e1rnap Budapesten, el\u0151bbin\u00e9l k\u00e9t kocsisz\u00ednbe tart\u00f3 villamos \u00fctk\u00f6z\u00f6tt, az egyik vezet\u0151 megs\u00e9r\u00fclt. A Szent Gell\u00e9rt t\u00e9ren egy szem\u00e9lyg\u00e9pkocsi \u00e9s egy villamos karambolozott, az aut\u00f3 vezet\u0151j\u00e9hez ment\u0151 \u00e9rkezett.            <\/p>\n<p>Vas\u00e1rnap hajnalban, f\u00e9l egy k\u00f6r\u00fcl k\u00e9t villamos \u00fctk\u00f6z\u00f6tt \u00f6ssze a K\u00f6nyves K\u00e1lm\u00e1n k\u00f6r\u00faton, amelyek a kocsisz\u00ednbe tartottak\u00a0\u2013 k\u00f6z\u00f6lte Facebook-oldal\u00e1n a Csepel Info.<\/p>\n<p>A 2037-es p\u00e1lyasz\u00e1m\u00fa Siemens Combin\u00f3nak \u00fctk\u00f6z\u00f6tt a 2288-as CAF Urbos. A balesetben a CAF Urbos vezet\u0151je megs\u00e9r\u00fclt<\/p>\n<p>\u2013 \u00edrt\u00e1k.<\/p>\n<p>                        M\u00e1sik villamossal kapcsolatos baleset is t\u00f6rt\u00e9nt<\/p>\n<p>\u00d6ssze\u00fctk\u00f6z\u00f6tt egy villamos \u00e9s egy szem\u00e9lykocsi Budapesten, a Szent Gell\u00e9rt t\u00e9ren, a Szabads\u00e1g h\u00edd l\u00e1b\u00e1n\u00e1l\u00a0\u2013 k\u00f6z\u00f6lte vas\u00e1rnap honlapj\u00e1n a katasztr\u00f3fav\u00e9delem.<\/p>\n<p>Azt \u00edrt\u00e1k, a villamoson mintegy \u00f6tvenen utaztak, nekik nem esett bajuk, de az aut\u00f3 vezet\u0151j\u00e9hez ment\u0151 \u00e9rkezett.<\/p>\n<p>A balesethez a f\u0151v\u00e1rosi hivat\u00e1sos t\u0171zolt\u00f3k \u00e9s a k\u00f6zleked\u00e9si t\u00e1rsas\u00e1g szakemberei vonultak.<\/p>\n<p><a href=\"https:\/\/dex.hu\/x.php?id=googlepref_desktop&amp;url=https:\/\/google.com\/preferences\/source?q=https:\/\/index.hu\" class=\"google-pref-banner \" id=\"googlePrefBanner\" rel=\"nofollow noopener\" target=\"_blank\"><\/p>\n<p>    Itt \u00e1ll\u00edtsa be, hogy az Index az els\u0151k k\u00f6z\u00f6tt legyen a Google-tal\u00e1latokban!<\/p>\n<p><\/a><\/p>\n<p>                <a href=\"https:\/\/konyvek.index.hu\/\" target=\"_blank\" rel=\"nofollow noopener\"><br \/>\n                <img decoding=\"async\" src=\"https:\/\/index.hu\/assets\/images\/konyvajanlo\/book_indapress\/book_indapress_logo.svg\" loading=\"lazy\" alt=\"Inda Press Kiad\u00f3\"\/><br \/>\n                <\/a><\/p>\n<p>                <img decoding=\"async\" src=\"https:\/\/www.europesays.com\/hu\/wp-content\/uploads\/2026\/07\/1784450834_425_budapest.png\" loading=\"lazy\" alt=\"23 \u2013 Nagy budapesti ker\u00fclethat\u00e1roz\u00f3\"\/><\/p>\n<p>Izgalmas t\u00f6rt\u00e9netek, rejtett kincsek, \u00e9rdekes \u00e9p\u00fcletek &#8211; nem csak budapestieknek.<\/p>\n<p>                <a class=\"book_index_btn\" href=\"https:\/\/indexadhu.hit.gemius.pl\/hitredir?id=nSCbubuYpDWJZLZs0TssLrbt33Lk5kbipuiZrkg89G3.g7&amp;stparam=yoojcxjrby&amp;fastid=maqqjzmjjiorpyjhphrcutrnpkmz&amp;nc=0&amp;url=https:\/\/www.indapresskiado.hu\/products\/23-nagy-budapesti-ker-hat\" target=\"_blank\" rel=\"nofollow noopener\">MEGVESZEM<\/a><\/p>\n<p>    <img decoding=\"async\" src=\"https:\/\/www.europesays.com\/hu\/wp-content\/uploads\/2026\/07\/1784450835_735_redot.gif\"\/><\/p>\n<p>    <img decoding=\"async\" src=\"https:\/\/index.hu\/assets\/images\/social-follow\/logo-big.svg\" alt=\"Index.hu logo\"\/><\/p>\n<p>K\u00f6vesse az Indexet Facebookon is!<\/p>\n<p>    <a href=\"https:\/\/facebook.com\/Indexhu\" target=\"_blank\" rel=\"nofollow noopener\"><\/p>\n<p>        K\u00f6vetem!<br \/>\n    <\/a><\/p>\n","protected":false},"excerpt":{"rendered":"A K\u00f6nyves K\u00e1lm\u00e1n k\u00f6r\u00faton \u00e9s a Szabads\u00e1g h\u00edd l\u00e1b\u00e1n\u00e1l is baleset t\u00f6rt\u00e9nt vas\u00e1rnap Budapesten, el\u0151bbin\u00e9l k\u00e9t kocsisz\u00ednbe tart\u00f3&hellip;\n","protected":false},"author":2,"featured_media":177970,"comment_status":"","ping_status":"","sticky":false,"template":"","format":"standard","meta":{"footnotes":"","_share_on_mastodon":"0"},"categories":[6],"tags":[469,80,73,152,44,42,40,15728,51307,43,41,12210,13413,1499,1202],"class_list":["post-177969","post","type-post","status-publish","format-standard","has-post-thumbnail","category-magyarorszag","tag-baleset","tag-belfold","tag-budapest","tag-ce-napi","tag-hu","tag-hungarian","tag-hungary","tag-kocsiszin","tag-konyves-kalman-korut","tag-magyar","tag-magyarorszag","tag-szabadsag-hid","tag-szent-gellert-ter","tag-utkozes","tag-villamos"],"share_on_mastodon":{"url":"https:\/\/pubeurope.com\/@hu\/116945777235171268","error":""},"_links":{"self":[{"href":"https:\/\/www.europesays.com\/hu\/wp-json\/wp\/v2\/posts\/177969","targetHints":{"allow":["GET"]}}],"collection":[{"href":"https:\/\/www.europesays.com\/hu\/wp-json\/wp\/v2\/posts"}],"about":[{"href":"https:\/\/www.europesays.com\/hu\/wp-json\/wp\/v2\/types\/post"}],"author":[{"embeddable":true,"href":"https:\/\/www.europesays.com\/hu\/wp-json\/wp\/v2\/users\/2"}],"replies":[{"embeddable":true,"href":"https:\/\/www.europesays.com\/hu\/wp-json\/wp\/v2\/comments?post=177969"}],"version-history":[{"count":0,"href":"https:\/\/www.europesays.com\/hu\/wp-json\/wp\/v2\/posts\/177969\/revisions"}],"wp:featuredmedia":[{"embeddable":true,"href":"https:\/\/www.europesays.com\/hu\/wp-json\/wp\/v2\/media\/177970"}],"wp:attachment":[{"href":"https:\/\/www.europesays.com\/hu\/wp-json\/wp\/v2\/media?parent=177969"}],"wp:term":[{"taxonomy":"category","embeddable":true,"href":"https:\/\/www.europesays.com\/hu\/wp-json\/wp\/v2\/categories?post=177969"},{"taxonomy":"post_tag","embeddable":true,"href":"https:\/\/www.europesays.com\/hu\/wp-json\/wp\/v2\/tags?post=177969"}],"curies":[{"name":"wp","href":"https:\/\/api.w.org\/{rel}","templated":true}]}}