{"id":178085,"date":"2026-07-19T11:21:08","date_gmt":"2026-07-19T11:21:08","guid":{"rendered":"https:\/\/www.europesays.com\/hu\/178085\/"},"modified":"2026-07-19T11:21:08","modified_gmt":"2026-07-19T11:21:08","slug":"telex-kocsiszinbe-tarto-villamosok-utkoztek-budapesten-az-egyik-jarmu-vezetoje-megserult","status":"publish","type":"post","link":"https:\/\/www.europesays.com\/hu\/178085\/","title":{"rendered":"Telex: Kocsisz\u00ednbe tart\u00f3 villamosok \u00fctk\u00f6ztek Budapesten, az egyik j\u00e1rm\u0171 vezet\u0151je megs\u00e9r\u00fclt"},"content":{"rendered":"<p><a href=\"https:\/\/telex.hu\/szerzo\/vida-benjamin\" class=\"author__avatar\" rel=\"nofollow noopener\" target=\"_blank\"><img decoding=\"async\" src=\"https:\/\/www.europesays.com\/hu\/wp-content\/uploads\/2026\/07\/1784339049_71_1779968758-temp-d13es9pehhag0mlfahk_avatar@4x.jpg\" alt=\"Vida Benj\u00e1min\" class=\"avatar\" loading=\"lazy\"\/><\/a><\/p>\n<p>\u00c1ll\u00edtsd be a Telexet megb\u00edzhat\u00f3 forr\u00e1snak!<\/p>\n<p>Kocsisz\u00ednbe tart\u00f3 villamosok \u00fctk\u00f6ztek szombatr\u00f3l vas\u00e1rnapra virrad\u00f3 \u00e9jszaka a IX. ker\u00fcleti K\u00f6nyves K\u00e1lm\u00e1n k\u00f6r\u00faton, a Mester utca meg\u00e1ll\u00f3n\u00e1l \u2013 k\u00f6z\u00f6lte a BKV az MTI-vel.<\/p>\n<p>Azt \u00edrt\u00e1k, hogy \u00e9jjel egykor a 2288-as p\u00e1lyasz\u00e1m\u00fa 56-os, CAF villamos h\u00e1tulr\u00f3l \u00fctk\u00f6z\u00f6tt neki a 2037-es Combin\u00f3nak, ami az 1-es vonalr\u00f3l t\u00e9rt vissza. A Combin\u00f3n utaz\u00f3 k\u00e9t utas nem s\u00e9r\u00fclt meg, de a CAF vezet\u0151je k\u00f6nnyebb s\u00e9r\u00fcl\u00e9st szenvedett. A BKV szerint a helysz\u00ednel\u00e9s ut\u00e1n a CAF villamos a szomsz\u00e9dos Ferencv\u00e1ros kocsisz\u00ednbe k\u00f6zlekedett, a Combino villamost f\u00e9l n\u00e9gykor elsz\u00e1ll\u00edtott\u00e1k, majd a p\u00e1lya ism\u00e9t szabadd\u00e1 v\u00e1lt, \u00e9s a reggeli \u00fczemkezdet a menetrendnek megfelel\u0151en indult.<\/p>\n<p><img decoding=\"async\" src=\"https:\/\/www.europesays.com\/hu\/wp-content\/uploads\/2026\/07\/1784455783-temp-fqf5uku1mq518bhnkhk_cikktorzs:xl.jpg\"  loading=\"lazy\" alt=\"Az \u00f6sszeroncsol\u00f3dott villamos, amelyik \u00f6ssze\u00fctk\u00f6z\u00f6tt egy m\u00e1sik, szint\u00e9n kocsisz\u00ednbe tart\u00f3 villamossal szombatr\u00f3l vas\u00e1rnapra virrad\u00f3 \u00e9jszaka a IX. ker\u00fcleti K\u00f6nyves K\u00e1lm\u00e1n k\u00f6r\u00faton \u2013 Fot\u00f3: Mih\u00e1d\u00e1k Zolt\u00e1n \/ MTI\" class=\"placeholder_\"\/><\/p>\n<p>Az \u00f6sszeroncsol\u00f3dott villamos, amelyik \u00f6ssze\u00fctk\u00f6z\u00f6tt egy m\u00e1sik, szint\u00e9n kocsisz\u00ednbe tart\u00f3 villamossal szombatr\u00f3l vas\u00e1rnapra virrad\u00f3 \u00e9jszaka a IX. ker\u00fcleti K\u00f6nyves K\u00e1lm\u00e1n k\u00f6r\u00faton \u2013 Fot\u00f3: Mih\u00e1d\u00e1k Zolt\u00e1n \/ MTI<\/p>\n<p>A Budapesti Rend\u0151r-f\u0151kapit\u00e1nys\u00e1g (BRFK) arr\u00f3l t\u00e1j\u00e9koztatta az MTI-t, hogy a ment\u0151k k\u00f3rh\u00e1zba sz\u00e1ll\u00edtott\u00e1k a s\u00e9r\u00fcltet, a rend\u0151r\u00f6k pedig szab\u00e1lys\u00e9rt\u00e9si elj\u00e1r\u00e1st ind\u00edtottak a helysz\u00edni szemle ut\u00e1n.<\/p>\n<p>Partnereinkt\u0151l<\/p>\n<p>\u00c1ll\u00edtsd be a Telexet megb\u00edzhat\u00f3 forr\u00e1snak!<\/p>\n<p>K\u00f6vess minket Facebookon is!<\/p>\n<p> Tov\u00e1bbi \u00e9l\u0151 \u00e1rfolyamok! <\/p>\n","protected":false},"excerpt":{"rendered":"\u00c1ll\u00edtsd be a Telexet megb\u00edzhat\u00f3 forr\u00e1snak! Kocsisz\u00ednbe tart\u00f3 villamosok \u00fctk\u00f6ztek szombatr\u00f3l vas\u00e1rnapra virrad\u00f3 \u00e9jszaka a IX. ker\u00fcleti K\u00f6nyves&hellip;\n","protected":false},"author":2,"featured_media":178086,"comment_status":"","ping_status":"","sticky":false,"template":"","format":"standard","meta":{"footnotes":"","_share_on_mastodon":"0"},"categories":[6],"tags":[80,990,44,42,40,8279,51307,43,41,1499,1202],"class_list":["post-178085","post","type-post","status-publish","format-standard","has-post-thumbnail","category-magyarorszag","tag-belfold","tag-bkk","tag-hu","tag-hungarian","tag-hungary","tag-ix-kerulet","tag-konyves-kalman-korut","tag-magyar","tag-magyarorszag","tag-utkozes","tag-villamos"],"share_on_mastodon":{"url":"https:\/\/pubeurope.com\/@hu\/116946382646186962","error":""},"_links":{"self":[{"href":"https:\/\/www.europesays.com\/hu\/wp-json\/wp\/v2\/posts\/178085","targetHints":{"allow":["GET"]}}],"collection":[{"href":"https:\/\/www.europesays.com\/hu\/wp-json\/wp\/v2\/posts"}],"about":[{"href":"https:\/\/www.europesays.com\/hu\/wp-json\/wp\/v2\/types\/post"}],"author":[{"embeddable":true,"href":"https:\/\/www.europesays.com\/hu\/wp-json\/wp\/v2\/users\/2"}],"replies":[{"embeddable":true,"href":"https:\/\/www.europesays.com\/hu\/wp-json\/wp\/v2\/comments?post=178085"}],"version-history":[{"count":0,"href":"https:\/\/www.europesays.com\/hu\/wp-json\/wp\/v2\/posts\/178085\/revisions"}],"wp:featuredmedia":[{"embeddable":true,"href":"https:\/\/www.europesays.com\/hu\/wp-json\/wp\/v2\/media\/178086"}],"wp:attachment":[{"href":"https:\/\/www.europesays.com\/hu\/wp-json\/wp\/v2\/media?parent=178085"}],"wp:term":[{"taxonomy":"category","embeddable":true,"href":"https:\/\/www.europesays.com\/hu\/wp-json\/wp\/v2\/categories?post=178085"},{"taxonomy":"post_tag","embeddable":true,"href":"https:\/\/www.europesays.com\/hu\/wp-json\/wp\/v2\/tags?post=178085"}],"curies":[{"name":"wp","href":"https:\/\/api.w.org\/{rel}","templated":true}]}}