{"id":178105,"date":"2026-07-19T11:44:11","date_gmt":"2026-07-19T11:44:11","guid":{"rendered":"https:\/\/www.europesays.com\/hu\/178105\/"},"modified":"2026-07-19T11:44:11","modified_gmt":"2026-07-19T11:44:11","slug":"infantino-siman-meguszhatja-a-balogun-botranyt","status":"publish","type":"post","link":"https:\/\/www.europesays.com\/hu\/178105\/","title":{"rendered":"Infantino sim\u00e1n meg\u00faszhatja a Balogun-botr\u00e1nyt"},"content":{"rendered":"<p class=\"\">\n    Hi\u00e1ba \u00e9rkezett ellene panasz, v\u00e1rhat\u00f3an semmilyen szankci\u00f3val nem s\u00fajtj\u00e1k Gianni Infantino FIFA-eln\u00f6k\u00f6t a Balogun-botr\u00e1ny miatt.\n  <\/p>\n<p class=\"\">\n    Infantino ellen a FairSquare ny\u00fajtott be panaszt a Nemzetk\u00f6zi Olimpiai Bizotts\u00e1ghoz (NOB), mivel \u00e1ll\u00e1spontjuk szerint a FIFA eln\u00f6ke megs\u00e9rtette a politikai semlegess\u00e9gre vonatkoz\u00f3 szab\u00e1lyokat Folarin Balogun eltilt\u00e1sa \u00fcgy\u00e9ben. <a href=\"https:\/\/www.theguardian.com\/football\/2026\/jul\/18\/gianni-infantino-unlikely-to-face-ioc-sanctions-over-balogun-red-card-scandal\" target=\"_blank\" rel=\"nofollow noopener\">A Guardian \u00fagy tudja<\/a>, nem indul fegyelmi elj\u00e1r\u00e1s.\n  <\/p>\n<p>    <a href=\"https:\/\/www.europesays.com\/hu\/wp-content\/uploads\/2026\/07\/8MXuiVd6oUfQGWBjs.jpeg\" class=\"uwwrama _1chu0ywg _8b6bx65\" rel=\"nofollow\"><\/p>\n<p>  <img decoding=\"async\" loading=\"lazy\" src=\"https:\/\/www.europesays.com\/hu\/wp-content\/uploads\/2026\/07\/8MXuiVd6oUfQGWBjs.jpeg\"   class=\"_672m2jd _1chu0ywo ta3a4c1ey ta3a4c1aa he2knv4 ta3a4c1ey ta3a4czs\" style=\"--_672m2j6:1.41;--_672m2j5:1024px 727px\" alt=\"\"\/><\/p>\n<p>      <\/a><\/p>\n<p>\n              Ez volt a piros lapot \u00e9r\u0151 pillanat.\n            <\/p>\n<p>\n              Fot\u00f3:<br \/>\n                MICHAEL STEELE\/Getty Images via AFP\n            <\/p>\n<p class=\"\">\n    Balogun \u2013 az amerikai v\u00e1logatott csat\u00e1ra \u00e9s legjobb form\u00e1ban l\u00e9v\u0151 j\u00e1t\u00e9kosa \u2013 piros lapot kapott csapata Bosznia-Hercegovina elleni meccs\u00e9n, miut\u00e1n megtaposta ellenfel\u00e9t. A FIFA szab\u00e1lyai ilyen esetekben vil\u00e1gosak: piros lap eset\u00e9n a fegyelmi bizotts\u00e1g automatikusan eltiltja az \u00e9rintett j\u00e1t\u00e9kost, legal\u00e1bb egy meccsre Csakhogy Balogun eset\u00e9ben fel\u00fclb\u00edr\u00e1lt\u00e1k a d\u00f6nt\u00e9st, az eltilt\u00e1st pedig azzal f\u00fcggesztett\u00e9k fel egy \u00e9vre, hogy ha a j\u00e1t\u00e9kos hasonl\u00f3 szab\u00e1lytalans\u00e1got elk\u00f6vet, azonnal \u00e9rv\u00e9nyt szereznek neki.\n  <\/p>\n<p class=\"\">\n    A botr\u00e1ny azut\u00e1n pattant ki, hogy a New York Times a FIFA d\u00f6nt\u00e9se ut\u00e1n nem sokkal <a href=\"https:\/\/444.hu\/2026\/07\/05\/nyt-a-fifa-trump-keresere-fuggesztette-fel-az-amerikai-golvago-eltiltasat\" target=\"_blank\" rel=\"nofollow noopener\">meg\u00edrta<\/a>: Donald Trump amerikai eln\u00f6k p\u00e1r \u00f3r\u00e1val az amerikai-bosny\u00e1k meccs lef\u00faj\u00e1sa ut\u00e1n felh\u00edvta Infantin\u00f3t, \u00e9s m\u00e1r ekkor k\u00e9rte az eltilt\u00e1s visszavon\u00e1s\u00e1t.\n  <\/p>\n<p class=\"\">\n    Azt, hogy felh\u00edvta Infantin\u00f3t, ut\u00f3bb maga <a href=\"https:\/\/444.hu\/2026\/07\/06\/szerintem-nem-volt-szabalytalansag-mondta-trump-majd-elismerte-o-kerte-a-fifa-elnoket-az-eltiltas-visszavonasara\" target=\"_blank\" rel=\"nofollow noopener\">Trump is elismerte<\/a>, de \u00e1ll\u00edtotta, hogy nem gyakorolt nyom\u00e1st a FIFA eln\u00f6k\u00e9re, csak az \u00fcgy fel\u00fclvizsg\u00e1lat\u00e1t k\u00e9rte, mert szerinte nem t\u00f6rt\u00e9nt szab\u00e1lytalans\u00e1g, Infantin\u00f3nak pedig hosszan kellett bizonygatnia, hogy a fegyelmi bizotts\u00e1g f\u00fcggetlen, \u00e9s \u0151 csak meghallgatja az \u00e1llamf\u0151ket, \u00fczletembereket, mindenkit, mert ez a dolga.\n  <\/p>\n<p>    <a href=\"https:\/\/www.europesays.com\/hu\/wp-content\/uploads\/2026\/07\/8MTlC2HVcfXb1WF10rs.jpeg\" class=\"uwwrama _1chu0ywg _8b6bx65\" rel=\"nofollow\"><\/p>\n<p>  <img decoding=\"async\" loading=\"lazy\" src=\"https:\/\/www.europesays.com\/hu\/wp-content\/uploads\/2026\/07\/8MTlC2HVcfXb1WF10rs.jpeg\"   class=\"_672m2jd _1chu0ywo ta3a4c1ey ta3a4c1aa he2knv4 ta3a4c1ey ta3a4czs\" style=\"--_672m2j6:1.50;--_672m2j5:2560px 1707px\" alt=\"\"\/><\/p>\n<p>      <\/a><\/p>\n<p>\n              \u00d3, de sz\u00e9pen csillog az a b\u00e9ke-d\u00edj.\n            <\/p>\n<p>\n              Fot\u00f3:<br \/>\n                WILLIAM VOLCOV\/Brazil Photo Press via AFP\n            <\/p>\n<p class=\"\">\n    Tegy\u00fck hozz\u00e1: Infantino az elm\u00falt \u00e9vekben <a href=\"https:\/\/www.nytimes.com\/2026\/06\/09\/world\/europe\/world-cup-infantino-trump.html\" target=\"_blank\" rel=\"nofollow noopener\">rengeteget tett az\u00e9rt<\/a>, hogy Trump kegyeibe f\u00e9rk\u0151zz\u00f6n, t\u00f6bbek k\u00f6zt aranyozott t\u00e1rgyakkal aj\u00e1nd\u00e9kozta meg <a href=\"https:\/\/444.hu\/2025\/09\/06\/trump-aranyba-ontotte-a-feher-hazat-es-szort-ra-meg-egy-kis-aranyport\" target=\"_blank\" rel=\"nofollow noopener\">az aranyoz\u00e1s\u00e9rt egy\u00e9bk\u00e9nt is rajong\u00f3<\/a> amerikai eln\u00f6k\u00f6t, amikor pedig nem Trump kapta a Nobel-b\u00e9ked\u00edjat, kital\u00e1lta \u00e9s neki adta a FIFA B\u00e9ke-d\u00edj\u00e1t, amit lelkesen vett \u00e1t a nem sokkal k\u00e9s\u0151bb k\u00f6zel-keleti h\u00e1bor\u00fat ind\u00edt\u00f3 eln\u00f6k.\n  <\/p>\n<p>    <a href=\"https:\/\/www.europesays.com\/hu\/wp-content\/uploads\/2026\/07\/8FwMuwHWOCUy1Thz7s.jpeg\" class=\"uwwrama _1chu0ywg _8b6bx65\" rel=\"nofollow\"><\/p>\n<p>  <img decoding=\"async\" loading=\"lazy\" src=\"https:\/\/www.europesays.com\/hu\/wp-content\/uploads\/2026\/07\/8FwMuwHWOCUy1Thz7s.jpeg\"   class=\"_672m2jd _1chu0ywo ta3a4c1ey ta3a4c1aa he2knv4 ta3a4c1ey ta3a4czs\" style=\"--_672m2j6:1.50;--_672m2j5:2560px 1706px\" alt=\"\"\/><\/p>\n<p>      <\/a><\/p>\n<p>\n              A v\u00e9b\u00e9-tr\u00f3fe\u00e1t is megmutatta neki, de azt nem tarthatta meg.\n            <\/p>\n<p>\n              Fot\u00f3:<br \/>\n                CHIP SOMODEVILLA\/Getty Images via AFP\n            <\/p>\n<p class=\"\">\n    <a href=\"https:\/\/444.hu\/2026\/07\/06\/a-vilagbajnoksag-botranya-lett-abbol-hogy-trump-kozbenjarasa-utan-vonta-vissza-az-amerikai-csatar-eltiltasat-a-fifa\" target=\"_blank\" rel=\"nofollow noopener\">Mint kider\u00fclt<\/a>, Trump azut\u00e1n is felh\u00edvta Infantin\u00f3t, hogy a FIFA d\u00f6nt\u00e9se Balogun megment\u00e9s\u00e9r\u0151l nyilv\u00e1noss\u00e1gra ker\u00fclt, \u00e9s k\u00f6z\u00f6lte a FIFA vezet\u0151j\u00e9vel, hogy szerinte helyes d\u00f6nt\u00e9st hoztak. Ennek a besz\u00e9lget\u00e9snek a t\u00e9ny\u00e9t a Feh\u00e9r H\u00e1z is meger\u0151s\u00edtette, k\u00f6zlem\u00e9ny\u00fck szerint egy f\u00fcggetlen vizsg\u00e1lat ut\u00e1n sz\u00fcletett meg \u201ea helyes \u00e9s megfelel\u0151 eredm\u00e9ny\u201d. Hozz\u00e1tett\u00e9k, hogy az elj\u00e1r\u00e1shoz az amerikai korm\u00e1ny is szolg\u00e1ltatott inform\u00e1ci\u00f3kat, de err\u0151l nem \u00e1rultak el tov\u00e1bbi r\u00e9szleteket.\n  <\/p>\n<p class=\"\">\n    Mindenesetre Balogun j\u00e1tszhatott a belg\u00e1k elleni meccsen, m\u00e1s k\u00e9rd\u00e9s, hogy ott az amerikaiak <a href=\"https:\/\/444.hu\/2026\/07\/07\/ezt-valtoztassatok-meg-hiaba-a-fifa-es-trump-kavarasa-belgium-kiutotte-az-egyesult-allamokat\" target=\"_blank\" rel=\"nofollow noopener\">cs\u00fafosan leszerepeltek<\/a>. A ked\u00e9lyek viszont nem csitultak ezut\u00e1n sem (j\u00f3 p\u00e9lda erre <a href=\"https:\/\/444.hu\/2026\/07\/08\/igazsagtalansagra-panaszkodnak-a-kieses-utan-az-egyiptomiak\" target=\"_blank\" rel=\"nofollow noopener\">az argentin-egyiptomi meccs ut\u00e1n kialakult hiszt\u00e9ria<\/a>, de l\u00e1that\u00f3, hogy a botr\u00e1ny <a href=\"https:\/\/444.hu\/2026\/07\/08\/trump-kiszabaditotta-a-szellemet-a-palackbol-es-ennek-a-vilagbajnoksag-latja-a-karat\" target=\"_blank\" rel=\"nofollow noopener\">m\u00e9lyebb sebeket is felt\u00e9pett<\/a>).\n  <\/p>\n<p class=\"\">\n    Nem v\u00e9letlen teh\u00e1t, hogy a FairSquare a NOB-hoz fordult panasszal, a nemzetk\u00f6zi szervezetnek Infantino 2020 \u00f3ta tagja, a szab\u00e1lyzat szerint pedig a tagoknak politikai \u00e9s \u00fczleti \u00e9rdekekt\u0151l f\u00fcggetlen\u00fcl kell tev\u00e9kenykedni\u00fck. Csakhogy azzal, hogy Trump felh\u00edvta Infantin\u00f3t, ez az elv s\u00e9r\u00fclhetett.\n  <\/p>\n<p class=\"\">\n    A FIFA vezet\u0151je teh\u00e1t tagadta, hogy Balogun eltilt\u00e1s\u00e1nak felf\u00fcggeszt\u00e9s\u00e9t befoly\u00e1solta volna az amerikai eln\u00f6k h\u00edv\u00e1sa, <a href=\"https:\/\/www.theguardian.com\/football\/2026\/jul\/18\/gianni-infantino-unlikely-to-face-ioc-sanctions-over-balogun-red-card-scandal\" target=\"_blank\" rel=\"nofollow noopener\">a Guardian pedig \u00fagy tudja<\/a>, hogy a NOB nem ind\u00edt hivatalos vizsg\u00e1latot az \u00fcgyben a panasz ellen\u00e9re sem. A szervezethez k\u00f6zel \u00e1ll\u00f3 forr\u00e1sok szerint a NOB kifejezetten vonakodik att\u00f3l, hogy beavatkozzon a FIFA bels\u0151 \u00fcgyeibe, k\u00fcl\u00f6n\u00f6sen addig, am\u00edg a bels\u0151 jogorvoslati lehet\u0151s\u00e9geket nem mer\u00edtett\u00e9k ki.\n  <\/p>\n<p class=\"\">\n    Csakhogy ennek a d\u00f6nt\u00e9snek a h\u00e1tter\u00e9ben is \u00e1llhatnak gazdas\u00e1gi szempontok: egy, a NOB m\u0171k\u00f6d\u00e9s\u00e9t ismer\u0151 forr\u00e1s szerint az elm\u00falt 20 \u00e9vben jelent\u0151sen \u00e1talakultak az er\u0151viszonyok a k\u00e9t szervezet k\u00f6z\u00f6tt, a NOB egyre jobban t\u00e1maszkodik a labdar\u00fag\u00e1sban rejl\u0151 kereskedelmi potenci\u00e1lra, s a fiatal n\u00e9z\u0151ke is beh\u00faz\u00f3 esem\u00e9nyekre. \u00c9s mivel a 2028-as ny\u00e1ri olimpi\u00e1nak Los Angeles ad helysz\u00ednt, a NOB-nak k\u00fcl\u00f6n\u00f6sen fontos, hogy fenntartsa az amerikai futballpiac lend\u00fclet\u00e9t, amihez jelent\u0151sen hozz\u00e1j\u00e1rulnak az idei vil\u00e1gbajnoks\u00e1g rekordbev\u00e9telei (err\u0151l i<a href=\"https:\/\/444.hu\/2026\/07\/19\/megerte-a-fifa-nak-lehajolni-minden-aproert-rekordbevetelt-hoz-a-vebe\" target=\"_blank\" rel=\"nofollow noopener\">tt \u00edrtunk b\u0151vebben<\/a>).\n  <\/p>\n<p class=\"\">\n    \u00c9s b\u00e1r az \u00fcgyben mindeddig sem az UEFA, sem a Belga Labdar\u00fag\u00f3-sz\u00f6vets\u00e9g nem ny\u00fajtott be hivatalos panaszt a FIF\u00c1-n\u00e1l (mindk\u00e9t szervezet \u00e9lesen b\u00edr\u00e1lta Balogun eltilt\u00e1s\u00e1nak felf\u00fcggeszt\u00e9s\u00e9t), a belg\u00e1k pedig jelezt\u00e9k, hogy ak\u00e1r a Nemzetk\u00f6zi Sportd\u00f6nt\u0151b\u00edr\u00f3s\u00e1gig (CAS) is hajland\u00f3ak elmenni az \u00fcgyben, viszont miut\u00e1n a negyedd\u00f6nt\u0151ben kiestek a spanyolok ellen, \u00fagy t\u0171nik, hogy elengedt\u00e9k a Balogun-botr\u00e1nyt is. Nem mellesleg a belga sz\u00f6vets\u00e9g eln\u00f6ke, Pascale Van Damme tagja a FIFA vezet\u0151 test\u00fclet\u00e9nek is. \u00c9s az UEFA is \u00fagy d\u00f6nt\u00f6tt, hogy nem viszi tov\u00e1bb az \u00fcgyet.\n  <\/p>\n<p class=\"\">\n    Id\u0151k\u00f6zben Infantino poz\u00edci\u00f3ja is tov\u00e1bb er\u0151s\u00f6d\u00f6tt, a FIFA 211 tagsz\u00f6vets\u00e9g\u00e9b\u0151l m\u00e1r t\u00f6bb mint 200 biztos\u00edtotta t\u00e1mogat\u00e1s\u00e1r\u00f3l a j\u00f6v\u0151 m\u00e1rciusban esed\u00e9kes eln\u00f6kv\u00e1laszt\u00e1s el\u0151tt.\n  <\/p>\n<p class=\"\">\n    A Times kor\u00e1bban azt \u00edrta, hogy a d\u00f6nt\u00e9st kiz\u00e1r\u00f3lag Mohammad al-Kamali, a fegyelmi bizotts\u00e1g eln\u00f6ke hozta meg. A Guardian FIFA-forr\u00e1sai szerint viszont elk\u00e9pzelhet\u0151, hogy al-Kamlival pr\u00f3b\u00e1lj\u00e1k meg elvitetni a balh\u00e9t. Ha ugyanis val\u00f3ban egyetlen ember d\u00f6nt\u00f6tt volna Balogun \u00fcgy\u00e9ben (m\u00e9g ha az a fegyelmi bizotts\u00e1g eln\u00f6ke is), az jelent\u0151sen elt\u00e9rne a FIFA kor\u00e1bbi gyakorlat\u00e1t\u00f3l, a vil\u00e1gbajnoks\u00e1gokon ugyanis a fegyelmi \u00fcgyeket h\u00e1romtag\u00fa test\u00fclet t\u00e1rgyalja, \u00e9s t\u00f6bbs\u00e9gi szavaz\u00e1ssal hozz\u00e1k meg a d\u00f6nt\u00e9seiket.\n  <\/p>\n<p class=\"\">\n    \u00c9rdekess\u00e9g, hogy a FIFA nem \u00e1rulja el, kik alkott\u00e1k azt a h\u00e1romtag\u00fa test\u00fcletet, amelynek Balogun \u00fcgy\u00e9ben kellett d\u00f6nt\u00e9st hoznia, \u00e9s a FIFA a d\u00f6nt\u00e9s r\u00e9szletes indokl\u00e1s\u00e1t sem hozta eddig nyilv\u00e1noss\u00e1gra, csak egy k\u00f6zlem\u00e9nyt adott ki, amiben azt \u00edrta, a hat\u00e1rozatot \u201eaz \u00fcgy valamennyi egyedi k\u00f6r\u00fclm\u00e9ny\u00e9nek \u00e9s a rendelkez\u00e9sre \u00e1ll\u00f3 bizony\u00edt\u00e9koknak a m\u00e9rlegel\u00e9se ut\u00e1n\u201d hozt\u00e1k meg, hozz\u00e1t\u00e9ve, hogy a piros lapok jogk\u00f6vetkezm\u00e9nyeinek fel\u00fclvizsg\u00e1lata a labdar\u00fag\u00e1sban kor\u00e1ntsem p\u00e9lda n\u00e9lk\u00fcli.\n  <\/p>\n<p class=\"\">\n    Ez egy\u00e9bk\u00e9nt \u00edgy van, hasonl\u00f3 okokb\u00f3l j\u00e1tszhatott a portug\u00e1lok els\u0151 k\u00e9t meccs\u00e9n Cristiano Ronaldo is, akit tavaly novemberben \u00cdrorsz\u00e1g ellen \u00e1ll\u00edtottak ki, ami\u00e9rt h\u00e1rom meccses eltilt\u00e1st kapott, amit v\u00e9g\u00fcl a FIFA egy meccsre m\u00e9rs\u00e9kelt, \u00edgy csak az \u00f6rm\u00e9nyek elleni selejtez\u0151t kellett kihagynia.\n  <\/p>\n<p class=\"\">\n    Ez ugyan nem c\u00e1folja azokat a konte\u00f3kat, miszerint a FIFA csak azokban az esetekben hoz ilyen d\u00f6nt\u00e9seket, ha 1. egy szt\u00e1rj\u00e1t\u00e9kost \u00e9s csapat\u00e1t kell kimenteni a slamasztik\u00e1b\u00f3l a milli\u00e1rdokat tejel\u0151 torna el\u0151tt, 2. egy focihoz vajmi keveset \u00e9rt\u0151 amerikai eln\u00f6k telefonh\u00edv\u00e1s\u00e1ra csicskul be.\n  <\/p>\n","protected":false},"excerpt":{"rendered":"Hi\u00e1ba \u00e9rkezett ellene panasz, v\u00e1rhat\u00f3an semmilyen szankci\u00f3val nem s\u00fajtj\u00e1k Gianni Infantino FIFA-eln\u00f6k\u00f6t a Balogun-botr\u00e1ny miatt. Infantino ellen a&hellip;\n","protected":false},"author":2,"featured_media":160592,"comment_status":"","ping_status":"","sticky":false,"template":"","format":"standard","meta":{"footnotes":"","_share_on_mastodon":"0"},"categories":[14],"tags":[2564,65,47892,4195,7631,42358,7573,8302,44,42,40,43,41,51331,1138,51330,45,131],"class_list":["post-178105","post","type-post","status-publish","format-standard","has-post-thumbnail","category-sport","tag-cristiano-ronaldo","tag-donald-trump","tag-fairsquare","tag-fifa","tag-foci-vb-2026","tag-folarin-balogun","tag-gianni-infantino","tag-guardian","tag-hu","tag-hungarian","tag-hungary","tag-magyar","tag-magyarorszag","tag-mohammad-al-kamali","tag-nemzetkozi-olimpiai-bizottsag","tag-pascale-van-damme","tag-sport","tag-sports"],"share_on_mastodon":{"url":"https:\/\/pubeurope.com\/@hu\/116946473396758697","error":""},"_links":{"self":[{"href":"https:\/\/www.europesays.com\/hu\/wp-json\/wp\/v2\/posts\/178105","targetHints":{"allow":["GET"]}}],"collection":[{"href":"https:\/\/www.europesays.com\/hu\/wp-json\/wp\/v2\/posts"}],"about":[{"href":"https:\/\/www.europesays.com\/hu\/wp-json\/wp\/v2\/types\/post"}],"author":[{"embeddable":true,"href":"https:\/\/www.europesays.com\/hu\/wp-json\/wp\/v2\/users\/2"}],"replies":[{"embeddable":true,"href":"https:\/\/www.europesays.com\/hu\/wp-json\/wp\/v2\/comments?post=178105"}],"version-history":[{"count":0,"href":"https:\/\/www.europesays.com\/hu\/wp-json\/wp\/v2\/posts\/178105\/revisions"}],"wp:featuredmedia":[{"embeddable":true,"href":"https:\/\/www.europesays.com\/hu\/wp-json\/wp\/v2\/media\/160592"}],"wp:attachment":[{"href":"https:\/\/www.europesays.com\/hu\/wp-json\/wp\/v2\/media?parent=178105"}],"wp:term":[{"taxonomy":"category","embeddable":true,"href":"https:\/\/www.europesays.com\/hu\/wp-json\/wp\/v2\/categories?post=178105"},{"taxonomy":"post_tag","embeddable":true,"href":"https:\/\/www.europesays.com\/hu\/wp-json\/wp\/v2\/tags?post=178105"}],"curies":[{"name":"wp","href":"https:\/\/api.w.org\/{rel}","templated":true}]}}