{"id":178289,"date":"2026-07-19T15:49:08","date_gmt":"2026-07-19T15:49:08","guid":{"rendered":"https:\/\/www.europesays.com\/hu\/178289\/"},"modified":"2026-07-19T15:49:08","modified_gmt":"2026-07-19T15:49:08","slug":"kocsiszinbe-tarto-villamosok-utkoztek-ossze-vasarnap-hajnalban","status":"publish","type":"post","link":"https:\/\/www.europesays.com\/hu\/178289\/","title":{"rendered":"Kocsisz\u00ednbe tart\u00f3 villamosok \u00fctk\u00f6ztek \u00f6ssze vas\u00e1rnap hajnalban"},"content":{"rendered":"<p>K\u00e9t, kocsisz\u00ednbe tart\u00f3 villamos \u00fctk\u00f6z\u00f6tt \u00f6ssze vas\u00e1rnap hajnalban Budapesten a K\u00f6nyves K\u00e1lm\u00e1n k\u00f6r\u00faton, az egyik j\u00e1rm\u0171 vezet\u0151je megs\u00e9r\u00fclt \u2013 \u00edrja a <a target=\"_blank\" href=\"https:\/\/www.facebook.com\/share\/14he3E5dQaL\/\" rel=\"nofollow noopener\">HBweb<\/a> k\u00f6z\u00f6ss\u00e9gi k\u00f6zleked\u00e9si weboldal.<\/p>\n<p>A port\u00e1l szerint a 2037-es p\u00e1lyasz\u00e1m\u00fa Siemens Combin\u00f3nak \u00fctk\u00f6z\u00f6tt a 2288-as p\u00e1lyasz\u00e1m\u00fa CAF Urbos villamos vas\u00e1rnap 0:30 perc k\u00f6r\u00fcl. A balesetben a CAF j\u00e1rm\u0171 vezet\u0151je megs\u00e9r\u00fclt. Az \u00fcgyben k\u00e9rd\u00e9seket k\u00fcldt\u00fcnk a Budapesti K\u00f6zleked\u00e9si K\u00f6zpontnak.<\/p>\n<p>\nFriss\u00edt\u00fcnk!\n<\/p>\n<p>A BKV r\u00e9szleteket k\u00f6z\u00f6lt a balesettel kapcsolatban, megkeres\u00e9s\u00fcnkre azt \u00edrta: kocsisz\u00ednbe tart\u00f3 villamosok \u00fctk\u00f6ztek szombatr\u00f3l vas\u00e1rnapra virrad\u00f3 hajnalban a IX. ker\u00fcleti K\u00f6nyves K\u00e1lm\u00e1n k\u00f6r\u00faton, a Mester utca meg\u00e1ll\u00f3helyen. \u00c9jjel f\u00e9l egykor a kocsisz\u00ednbe k\u00f6zleked\u0151 2288-as p\u00e1lyasz\u00e1m\u00fa 56-os, CAF villamos h\u00e1tulr\u00f3l neki\u00fctk\u00f6z\u00f6tt a szint\u00e9n kocsisz\u00ednbe k\u00f6zleked\u0151, 2037-es Combin\u00f3nak, amely az 1-es vonalr\u00f3l t\u00e9rt vissza. A Combin\u00f3n utaz\u00f3 k\u00e9t utas nem s\u00e9r\u00fclt meg, a CAF villamos vezet\u0151je k\u00f6nnyebb s\u00e9r\u00fcl\u00e9st szenvedett.<\/p>\n<p>A helysz\u00ednel\u00e9s ut\u00e1n a CAF villamos a szomsz\u00e9dos Ferencv\u00e1ros Kocsisz\u00ednbe k\u00f6zlekedett. A Combino villamost 3:30-kor vontatt\u00e1k el, ezt k\u00f6vet\u0151en a p\u00e1lya ism\u00e9t szabadd\u00e1 v\u00e1lt. A reggeli \u00fczemkezdet a menetrendnek megfelel\u0151en indult. Az \u00fctk\u00f6z\u00e9s k\u00f6r\u00fclm\u00e9nyeit a rend\u0151rs\u00e9g vizsg\u00e1lja, b\u0151vebb t\u00e1j\u00e9koztat\u00e1st a vizsg\u00e1lat lez\u00e1r\u00e1sa ut\u00e1n tudnak majd adni.<\/p>\n<p>V\u00edzi baleset is t\u00f6rt\u00e9nt szombatr\u00f3l vas\u00e1rnapra virrad\u00f3an<\/p>\n<p>Vas\u00e1rnap hajnalban <a target=\"_blank\" href=\"https:\/\/24.hu\/belfold\/2026\/07\/19\/baleset-duna-beesett-elmerult-budai-rakpart-breaking\/\" rel=\"nofollow noopener\">a Dun\u00e1ba esett \u00e9s elmer\u00fclt<\/a> egy k\u00f6z\u00e9pkor\u00fa n\u0151 a budai rakparton. A bejelent\u00e9s ut\u00e1n a ment\u0151k \u00e9s a rend\u0151r\u00f6k is a helysz\u00ednre \u00e9rkeztek, \u00e9s egy\u00fcttesen megkezdt\u00e9k a n\u0151 keres\u00e9s\u00e9t. Az akci\u00f3 sikeres volt: a rend\u0151r\u00f6k kih\u00fazt\u00e1k a v\u00edzb\u0151l az \u00e9letjeleket nem mutat\u00f3 s\u00e9r\u00fcltet, \u00e9s megkezdt\u00e9k az \u00fajra\u00e9leszt\u00e9st. A ment\u0151s\u00f6knek siker\u00fclt stabiliz\u00e1lniuk az \u00e1llapot\u00e1t: a n\u0151t stabil kering\u00e9ssel, l\u00e9legeztetve \u00e9s altatva adt\u00e1k \u00e1t a s\u00fcrg\u0151ss\u00e9gi oszt\u00e1lyon.<\/p>\n","protected":false},"excerpt":{"rendered":"K\u00e9t, kocsisz\u00ednbe tart\u00f3 villamos \u00fctk\u00f6z\u00f6tt \u00f6ssze vas\u00e1rnap hajnalban Budapesten a K\u00f6nyves K\u00e1lm\u00e1n k\u00f6r\u00faton, az egyik j\u00e1rm\u0171 vezet\u0151je megs\u00e9r\u00fclt&hellip;\n","protected":false},"author":2,"featured_media":178290,"comment_status":"","ping_status":"","sticky":false,"template":"","format":"standard","meta":{"footnotes":"","_share_on_mastodon":"0"},"categories":[6],"tags":[469,990,44,42,40,15728,43,41,1499,1202,10998],"class_list":["post-178289","post","type-post","status-publish","format-standard","has-post-thumbnail","category-magyarorszag","tag-baleset","tag-bkk","tag-hu","tag-hungarian","tag-hungary","tag-kocsiszin","tag-magyar","tag-magyarorszag","tag-utkozes","tag-villamos","tag-villamosbaleset"],"share_on_mastodon":{"url":"https:\/\/pubeurope.com\/@hu\/116947436531117264","error":""},"_links":{"self":[{"href":"https:\/\/www.europesays.com\/hu\/wp-json\/wp\/v2\/posts\/178289","targetHints":{"allow":["GET"]}}],"collection":[{"href":"https:\/\/www.europesays.com\/hu\/wp-json\/wp\/v2\/posts"}],"about":[{"href":"https:\/\/www.europesays.com\/hu\/wp-json\/wp\/v2\/types\/post"}],"author":[{"embeddable":true,"href":"https:\/\/www.europesays.com\/hu\/wp-json\/wp\/v2\/users\/2"}],"replies":[{"embeddable":true,"href":"https:\/\/www.europesays.com\/hu\/wp-json\/wp\/v2\/comments?post=178289"}],"version-history":[{"count":0,"href":"https:\/\/www.europesays.com\/hu\/wp-json\/wp\/v2\/posts\/178289\/revisions"}],"wp:featuredmedia":[{"embeddable":true,"href":"https:\/\/www.europesays.com\/hu\/wp-json\/wp\/v2\/media\/178290"}],"wp:attachment":[{"href":"https:\/\/www.europesays.com\/hu\/wp-json\/wp\/v2\/media?parent=178289"}],"wp:term":[{"taxonomy":"category","embeddable":true,"href":"https:\/\/www.europesays.com\/hu\/wp-json\/wp\/v2\/categories?post=178289"},{"taxonomy":"post_tag","embeddable":true,"href":"https:\/\/www.europesays.com\/hu\/wp-json\/wp\/v2\/tags?post=178289"}],"curies":[{"name":"wp","href":"https:\/\/api.w.org\/{rel}","templated":true}]}}