{"id":178631,"date":"2026-07-20T00:17:08","date_gmt":"2026-07-20T00:17:08","guid":{"rendered":"https:\/\/www.europesays.com\/hu\/178631\/"},"modified":"2026-07-20T00:17:08","modified_gmt":"2026-07-20T00:17:08","slug":"tiz-unios-tagallam-kongatja-a-veszharangot-brusszelben-magyarorszag-is-koztuk-van","status":"publish","type":"post","link":"https:\/\/www.europesays.com\/hu\/178631\/","title":{"rendered":"T\u00edz uni\u00f3s tag\u00e1llam kongatja a v\u00e9szharangot Br\u00fcsszelben, Magyarorsz\u00e1g is k\u00f6zt\u00fck van"},"content":{"rendered":"<p>K\u00e9t nappal azel\u0151tt, hogy az Eur\u00f3pai Bizotts\u00e1g bemutatta volna az uni\u00f3s kibocs\u00e1t\u00e1skereskedelmi rendszer (ETS) \u00e9vek \u00f3ta legnagyobb reformj\u00e1t, t\u00edz tag\u00e1llam k\u00f6z\u00f6s lev\u00e9lben k\u00e9rte a szab\u00e1lyok m\u00f3dos\u00edt\u00e1s\u00e1t. Az ETS enyh\u00edt\u00e9s\u00e9re ir\u00e1nyul\u00f3 kezdem\u00e9nyez\u00e9st Lengyelorsz\u00e1g \u00e9s Olaszorsz\u00e1g ind\u00edtotta, a dokumentumot G\u00f6r\u00f6gorsz\u00e1g, Csehorsz\u00e1g, Szlov\u00e1kia, Magyarorsz\u00e1g, Rom\u00e1nia, Bulg\u00e1ria, Ciprus \u00e9s \u00c9sztorsz\u00e1g is al\u00e1\u00edrta \u2013 foglalta \u00f6ssze a <a href=\"https:\/\/www.vg.hu\/nemzetkozi-gazdasag\/2026\/07\/ets-europai-bizottsag-szen-dioxid-kvotak-rendszere\" target=\"_blank\" rel=\"noopener nofollow\">vg.hu<\/a>.<\/p>\n<p>A kezdem\u00e9nyez\u0151 orsz\u00e1gok szerint m\u00e1r a jelenlegi ETS szab\u00e1lyok is t\u00fal nagy terhet r\u00f3nak az iparra \u00e9s a fogyaszt\u00f3kra, ez\u00e9rt a reform sor\u00e1n lassabb \u00e1t\u00e1ll\u00e1st \u00e9s kisz\u00e1m\u00edthat\u00f3bb sz\u00e9n-dioxid-\u00e1rakat s\u00fcrgetnek.<\/p>\n<p>\u00dagy l\u00e1tj\u00e1k, vesz\u00e9lyben lehet t\u00f6bb ipar\u00e1g j\u00f6v\u0151je, \u00edgy<\/p>\n<p>&#13;<br \/>\naz ac\u00e9lipar,&#13;<br \/>\na cementgy\u00e1rt\u00e1s,&#13;<br \/>\na vegyipar \u00e9s a&#13;<br \/>\nm\u0171tr\u00e1gyagy\u00e1rt\u00e1s&#13;<\/p>\n<p>versenyk\u00e9pess\u00e9ge is vesz\u00e9lybe ker\u00fclhet.<\/p>\n<p>A lev\u00e9l kit\u00e9r az ETS2 rendszerre is, amely a k\u00f6z\u00fati k\u00f6zleked\u00e9s \u00e9s az \u00e9p\u00fcletek energiafelhaszn\u00e1l\u00e1s\u00e1hoz kapcsol\u00f3d\u00f3 fosszilis t\u00fczel\u0151anyagokra vezetne be \u00faj kibocs\u00e1t\u00e1si ad\u00f3kat. A kezdem\u00e9nyez\u0151 orsz\u00e1gok szerint ezek az int\u00e9zked\u00e9sek tov\u00e1bb n\u00f6veln\u00e9k a h\u00e1ztart\u00e1sok \u00e9s a gazdas\u00e1g terheit, ugyanakkor a leg\u00e9lesebb vita a kibocs\u00e1t\u00e1scs\u00f6kkent\u00e9s \u00fctem\u00e9r\u0151l alakult ki.<\/p>\n<p>A kezdem\u00e9nyez\u00e9s m\u00e1sik fontos eleme az energiaintenz\u00edv v\u00e1llalatoknak j\u00e1r\u00f3 ingyenes kibocs\u00e1t\u00e1si kv\u00f3t\u00e1k meg\u0151rz\u00e9se. Az al\u00e1\u00edr\u00f3k szerint ezek a kedvezm\u00e9nyek seg\u00edtenek megel\u0151zni, hogy a termel\u00e9s olyan orsz\u00e1gokba k\u00f6lt\u00f6zz\u00f6n, ahol kev\u00e9sb\u00e9 szigor\u00faak a k\u00f6rnyezetv\u00e9delmi el\u0151\u00edr\u00e1sok.<\/p>\n<p>Emellett kisz\u00e1m\u00edthat\u00f3bb sz\u00e9n-dioxid-\u00e1rakat is s\u00fcrgetnek, hogy a v\u00e1llalatok hossz\u00fa t\u00e1vra tudjanak tervezni.<\/p>\n<p>A gazdas\u00e1gi lap eml\u00e9keztet: noha Magyarorsz\u00e1gon viszonylag kev\u00e9s v\u00e1llalat tartozik az ETS hat\u00e1lya al\u00e1, gazdas\u00e1gi jelent\u0151s\u00e9g\u00fck messze t\u00falmutat sz\u00e1moss\u00e1gukon. Az \u00e9rintett energiatermel\u0151k \u00e9s nagyipari szerepl\u0151k egy\u00fcttesen a magyar GDP mintegy 10\u201312 sz\u00e1zal\u00e9k\u00e1t \u00e1ll\u00edtj\u00e1k el\u0151 illetve meghat\u00e1roz\u00f3 szerepet t\u00f6ltenek be a magyar exportban \u00e9s az ipari termel\u00e9sben.<\/p>\n","protected":false},"excerpt":{"rendered":"K\u00e9t nappal azel\u0151tt, hogy az Eur\u00f3pai Bizotts\u00e1g bemutatta volna az uni\u00f3s kibocs\u00e1t\u00e1skereskedelmi rendszer (ETS) \u00e9vek \u00f3ta legnagyobb reformj\u00e1t,&hellip;\n","protected":false},"author":2,"featured_media":178632,"comment_status":"","ping_status":"","sticky":false,"template":"","format":"standard","meta":{"footnotes":"","_share_on_mastodon":"0"},"categories":[8],"tags":[33972,429,42,3048,12733,43,34,94,93,92],"class_list":["post-178631","post","type-post","status-publish","format-standard","has-post-thumbnail","category-vilag","tag-ets","tag-europai-unio","tag-hungarian","tag-ipar","tag-kibocsatas-csokkentes","tag-magyar","tag-news","tag-vilag","tag-world","tag-world-news"],"share_on_mastodon":{"url":"https:\/\/pubeurope.com\/@hu\/116949433923221635","error":""},"_links":{"self":[{"href":"https:\/\/www.europesays.com\/hu\/wp-json\/wp\/v2\/posts\/178631","targetHints":{"allow":["GET"]}}],"collection":[{"href":"https:\/\/www.europesays.com\/hu\/wp-json\/wp\/v2\/posts"}],"about":[{"href":"https:\/\/www.europesays.com\/hu\/wp-json\/wp\/v2\/types\/post"}],"author":[{"embeddable":true,"href":"https:\/\/www.europesays.com\/hu\/wp-json\/wp\/v2\/users\/2"}],"replies":[{"embeddable":true,"href":"https:\/\/www.europesays.com\/hu\/wp-json\/wp\/v2\/comments?post=178631"}],"version-history":[{"count":0,"href":"https:\/\/www.europesays.com\/hu\/wp-json\/wp\/v2\/posts\/178631\/revisions"}],"wp:featuredmedia":[{"embeddable":true,"href":"https:\/\/www.europesays.com\/hu\/wp-json\/wp\/v2\/media\/178632"}],"wp:attachment":[{"href":"https:\/\/www.europesays.com\/hu\/wp-json\/wp\/v2\/media?parent=178631"}],"wp:term":[{"taxonomy":"category","embeddable":true,"href":"https:\/\/www.europesays.com\/hu\/wp-json\/wp\/v2\/categories?post=178631"},{"taxonomy":"post_tag","embeddable":true,"href":"https:\/\/www.europesays.com\/hu\/wp-json\/wp\/v2\/tags?post=178631"}],"curies":[{"name":"wp","href":"https:\/\/api.w.org\/{rel}","templated":true}]}}