{"id":179461,"date":"2026-07-20T19:05:06","date_gmt":"2026-07-20T19:05:06","guid":{"rendered":"https:\/\/www.europesays.com\/hu\/179461\/"},"modified":"2026-07-20T19:05:06","modified_gmt":"2026-07-20T19:05:06","slug":"itthon-tanacs-zoltan-bodis-kriszta-retvari-bence-es-boka-janos-is-kommentaltak-mar-polgar-judit-donteset","status":"publish","type":"post","link":"https:\/\/www.europesays.com\/hu\/179461\/","title":{"rendered":"Itthon: Tan\u00e1cs Zolt\u00e1n, B\u00f3dis Kriszta, R\u00e9tv\u00e1ri Bence \u00e9s B\u00f3ka J\u00e1nos is komment\u00e1lt\u00e1k m\u00e1r Polg\u00e1r Judit d\u00f6nt\u00e9s\u00e9t"},"content":{"rendered":"<p>\u201eKedves Judit! Szerintem \u00d6n t\u00f6k\u00e9letes k\u00f6zt\u00e1rsas\u00e1gi eln\u00f6k lett volna, politik\u00e1n fel\u00fcl \u00e1ll\u00f3, fantasztikus teljes\u00edtm\u00e9nyt letev\u0151 emberk\u00e9nt, aki mindig sz\u00edv\u00e9n viselte a haz\u00e1ja \u00e9s a j\u00f6v\u0151 gener\u00e1ci\u00f3k sors\u00e1t. Sajn\u00e1lom, hogy \u00edgy alakult\u201d \u2013 <a href=\"https:\/\/www.facebook.com\/PolgarJuditSakk\/posts\/pfbid02xo3XUNAFbPVcAYJf88hJWKQeN6kaJxLq4jJuFb8UBPT8Zasps2YCtaHupL9ttpNql?comment_id=906509561841925\" target=\"_blank\" rel=\"nofollow noopener\">\u00edrja<\/a> Tan\u00e1cs Zolt\u00e1n tudom\u00e1nyos \u00e9s technol\u00f3giai miniszter Polg\u00e1r Judit posztja alatt.<\/p>\n<p>A sakknagymester h\u00e9tf\u0151 este jelentette be, hogy nem v\u00e1llalja az \u00e1llamf\u0151i felk\u00e9r\u00e9st, mint \u00edrta: nem \u00e9rez mag\u00e1ban elegend\u0151 er\u0151t ahhoz, hogy mag\u00e1ra v\u00e1llalja egy megosztott nemzet egyes\u00edt\u00e9s\u00e9nek t\u00f6rt\u00e9nelmi felel\u0151ss\u00e9g\u00e9t.<\/p>\n<p>Polg\u00e1r posztj\u00e1t t\u00f6bb politikai szerepl\u0151 is komment\u00e1lta, <a href=\"https:\/\/hvg.hu\/itthon\/20260720_polgar-judit-allamfoi-felkeres-magyar-peter\" target=\"_self\" rel=\"nofollow noopener\">t\u00f6bbek k\u00f6z\u00f6tt Magyar P\u00e9ter<\/a>, aki azt \u00edrta, hogy ha m\u00e1sk\u00e9nt is, de sz\u00e1m\u00edtanak Polg\u00e1rra.<\/p>\n<p>B\u00f3dis Kriszta korm\u00e1nybiztos is sajn\u00e1lja Polg\u00e1r Judit d\u00f6nt\u00e9s\u00e9t, de azt is hozz\u00e1tette, hogy meg\u00e9rti, mivel rengeteg b\u00e1nt\u00e1st kapott, amit egy\u00e1ltal\u00e1n nem \u00e9rdemelt meg.<\/p>\n<p><a href=\"https:\/\/www.facebook.com\/RetvariBence\/posts\/pfbid0bt3n8ZDdd9dg1SjmU3XzBdjfzD7UYxaDzuxP2JUbDv5oow1ncUe4aEuHjeXg51jjl\" target=\"_blank\" rel=\"nofollow noopener\">R\u00e9tv\u00e1ri Bence<\/a>, a KDNP frakci\u00f3vezet\u0151je <a href=\"https:\/\/hvg.hu\/itthon\/20260720_torok-gabor-polgar-judit-elutasitas-uj-kormany-elso-kudarc\" target=\"_self\" rel=\"nofollow noopener\">T\u00f6r\u00f6k G\u00e1bort<\/a> ism\u00e9telte meg, miszerint Polg\u00e1r Judit elutas\u00edt\u00e1sa Magyar P\u00e9ter els\u0151 l\u00e1tv\u00e1nyos kudarca. A politikus szerint Magyar P\u00e9ter er\u0151szakos st\u00edlusa sokakat megriaszt.<\/p>\n<p>\u201ePolg\u00e1r Judit az egyetlen j\u00f3 d\u00f6nt\u00e9st hozta\u201d \u2013 <a href=\"https:\/\/www.facebook.com\/BokaJanosMiniszter\/posts\/pfbid02PXjpHGenrZ2T3cb8FJao6zZ1LCfA5jFc7xEk4YLryhc6ZSPdYFTGoEefUN2pYzfnl\" target=\"_blank\" rel=\"nofollow noopener\">\u00edrja<\/a> B\u00f3ka J\u00e1nos, aki j\u00f3 es\u00e9llyel a Fidesz k\u00f6vetkez\u0151 frakci\u00f3vezet\u0151je lesz. B\u00f3ka szerint a \u201ekialakult m\u00e9ltatlan helyzet\u00e9rt\u201d a felel\u0151ss\u00e9g Magyar P\u00e9tert terheli.<\/p>\n<p> <a href=\"https:\/\/hvg.hu\/itthon\/20260720_polgar-judit-koztarsasagi-elnok-jeloles\" target=\"_self\" rel=\"nofollow noopener\"> <\/p>\n<p>https:\/\/hvg.hu\/itthon\/20260720_polgar-judit-koztarsasagi-elnok-jeloles<\/p>\n","protected":false},"excerpt":{"rendered":"\u201eKedves Judit! Szerintem \u00d6n t\u00f6k\u00e9letes k\u00f6zt\u00e1rsas\u00e1gi eln\u00f6k lett volna, politik\u00e1n fel\u00fcl \u00e1ll\u00f3, fantasztikus teljes\u00edtm\u00e9nyt letev\u0151 emberk\u00e9nt, aki mindig&hellip;\n","protected":false},"author":2,"featured_media":179462,"comment_status":"","ping_status":"","sticky":false,"template":"","format":"standard","meta":{"footnotes":"","_share_on_mastodon":"0"},"categories":[33],"tags":[12695,13103,38,35,37,44,42,40,43,944,41,34,16582,99,11039,5892,21707,36,39],"class_list":["post-179461","post","type-post","status-publish","format-standard","has-post-thumbnail","category-hirek","tag-bodis-kriszta","tag-boka-janos","tag-focimek","tag-headlines","tag-hirek","tag-hu","tag-hungarian","tag-hungary","tag-magyar","tag-magyar-peter","tag-magyarorszag","tag-news","tag-polgar-judit","tag-politika","tag-politikusok","tag-retvari-bence","tag-tanacs-zoltan","tag-top-stories","tag-vezeto-hirek"],"share_on_mastodon":{"url":"https:\/\/pubeurope.com\/@hu\/116953870032608209","error":""},"_links":{"self":[{"href":"https:\/\/www.europesays.com\/hu\/wp-json\/wp\/v2\/posts\/179461","targetHints":{"allow":["GET"]}}],"collection":[{"href":"https:\/\/www.europesays.com\/hu\/wp-json\/wp\/v2\/posts"}],"about":[{"href":"https:\/\/www.europesays.com\/hu\/wp-json\/wp\/v2\/types\/post"}],"author":[{"embeddable":true,"href":"https:\/\/www.europesays.com\/hu\/wp-json\/wp\/v2\/users\/2"}],"replies":[{"embeddable":true,"href":"https:\/\/www.europesays.com\/hu\/wp-json\/wp\/v2\/comments?post=179461"}],"version-history":[{"count":0,"href":"https:\/\/www.europesays.com\/hu\/wp-json\/wp\/v2\/posts\/179461\/revisions"}],"wp:featuredmedia":[{"embeddable":true,"href":"https:\/\/www.europesays.com\/hu\/wp-json\/wp\/v2\/media\/179462"}],"wp:attachment":[{"href":"https:\/\/www.europesays.com\/hu\/wp-json\/wp\/v2\/media?parent=179461"}],"wp:term":[{"taxonomy":"category","embeddable":true,"href":"https:\/\/www.europesays.com\/hu\/wp-json\/wp\/v2\/categories?post=179461"},{"taxonomy":"post_tag","embeddable":true,"href":"https:\/\/www.europesays.com\/hu\/wp-json\/wp\/v2\/tags?post=179461"}],"curies":[{"name":"wp","href":"https:\/\/api.w.org\/{rel}","templated":true}]}}