{"id":179610,"date":"2026-07-20T22:34:12","date_gmt":"2026-07-20T22:34:12","guid":{"rendered":"https:\/\/www.europesays.com\/hu\/179610\/"},"modified":"2026-07-20T22:34:12","modified_gmt":"2026-07-20T22:34:12","slug":"regen-a-parlament-mellett-is-volt-strand","status":"publish","type":"post","link":"https:\/\/www.europesays.com\/hu\/179610\/","title":{"rendered":"R\u00e9gen a Parlament mellett is volt strand"},"content":{"rendered":"<p>        Hihetetlennek t\u0171nik ma m\u00e1r szinte, de Budapest belv\u00e1ros\u00e1ban egykor t\u00f6bb dunai f\u00fcrd\u0151 m\u0171k\u00f6d\u00f6tt, az egyik k\u00f6zvetlen\u00fcl az Orsz\u00e1gh\u00e1z mellett.<\/p>\n<p class=\"text-left\" data-alignment=\"left\" data-block-key=\"ixbex\">A Scholtz-f\u00e9le uszod\u00e1ban nemcsak a pesti polg\u00e1rok m\u00e1rt\u00f3zhattak meg, hanem itt tanult \u00faszni a k\u00e9s\u0151bbi olimpiai bajnok, Haj\u00f3s Alfr\u00e9d is. <a href=\"https:\/\/24.hu\/elet-stilus\/2026\/07\/12\/duna-folyami-furdohazak-strand-parlament\/\" rel=\"noopener noreferrer nofollow\" target=\"_blank\">A 24.hu<\/a> cikke nyom\u00e1n betekinthet\u00fcnk a f\u0151v\u00e1rosi dunai f\u00fcrd\u0151z\u00e9s m\u00faltj\u00e1ba.<\/p>\n<p>      F\u00fcrd\u0151h\u00e1zak \u00fasztak a Dun\u00e1n a f\u0151v\u00e1ros sz\u00edv\u00e9ben<\/p>\n<p class=\"text-left\" data-alignment=\"left\" data-block-key=\"fum76\">A dunai f\u00fcrd\u0151z\u00e9s t\u00f6rt\u00e9nete j\u00f3val r\u00e9gebbre ny\u00falik vissza, mint a klasszikus <a href=\"https:\/\/divany.hu\/szuloseg\/2026\/06\/01\/vadallat-tetem-magyar-furdo-medence-lezaras\/?utm_source=divany&amp;utm_medium=cikklink&amp;utm_campaign=cikklink_belso\" rel=\"noopener noreferrer nofollow\" target=\"_blank\">budapesti strandok\u00e9.<\/a> Moh\u00e1csi Gergely tanulm\u00e1nya szerint Pesten m\u00e1r 1788-ban l\u00e9tezhetett \u201eDunafolyami f\u00fcrd\u0151\u201d, 1817-ben pedig a Margitszigettel szemben, a budai oldalon megny\u00edlt a Habsburg Birodalom katon\u00e1inak sz\u00e1nt \u201ekatonai \u00fasz\u00f3 int\u00e9zet\u201d.<\/p>\n<p>    <a href=\"https:\/\/divany.hu\/galeria\/offline\/2026\/07\/17\/igy-furodtunk-regen-a-dunaban-a-parlament-mellett-is-volt-strand\/1\" data-parent-id=\"96001\" data-image-index=\"1\" class=\"!no-underline\" rel=\"nofollow noopener\" target=\"_blank\"><\/p>\n<p>              <img decoding=\"async\" alt=\"Dunai uszoda az Erzs\u00e9bet h\u00edd k\u00f6zel\u00e9ben, a h\u00e1tt\u00e9rben balra a Belgr\u00e1d rakpart h\u00e1zsora.\" class=\"w-full h-auto\" height=\"278\" loading=\"lazy\"  src=\"https:\/\/www.europesays.com\/hu\/wp-content\/uploads\/2026\/07\/fortepan_86704.2e16d0ba.format-jpeg.fill-370x278.jpg\"  width=\"370\"\/><\/p>\n<p>  <img decoding=\"async\" src=\"https:\/\/divany.hu\/neon\/static\/images\/index\/gallery.svg\" alt=\"Gal\u00e9ria ikon\" class=\"h-[35px] w-[35px]\"\/><\/p>\n<p class=\"!text-sm !mb-0\">\n    5\n  <\/p>\n<p>\n        Ma m\u00e1r szinte hihetetlennek t\u0171nik, de Budapest belv\u00e1ros\u00e1ban egykor t\u00f6bb Dun\u00e1n \u00fasz\u00f3 f\u00fcrd\u0151 m\u0171k\u00f6d\u00f6tt, ahol nemcsak a pesti polg\u00e1rok m\u00e1rt\u00f3zhattak meg, hanem itt tanult \u00faszni a k\u00e9s\u0151bbi olimpiai bajnok, Haj\u00f3s Alfr\u00e9d is.\n      <\/p>\n<p>\n        Gal\u00e9ria: \u00cdgy f\u00fcr\u00f6dt\u00fcnk r\u00e9gen a Dun\u00e1ban: a Parlament mellett is volt strand\n      <\/p>\n<p>    Fot\u00f3: Fortepan \/ Magyar F\u00f6ldrajzi M\u00fazeum \/ Erd\u00e9lyi M\u00f3r c\u00e9ge<\/p>\n<p>    <\/a><\/p>\n<p data-alignment=\"left\" class=\"text-left\" data-block-key=\"5q9wa\">Kattints a fenti k\u00e9pre \u00e9s lapozd v\u00e9gig a gal\u00e9ri\u00e1nkat, amiben r\u00e9g elfelejtett fot\u00f3k mutatj\u00e1k be, hogy n\u00e9ztek ki a Dun\u00e1n \u00fasz\u00f3 strandok.<\/p>\n<p class=\"text-left\" data-alignment=\"left\" data-block-key=\"ixbex\">A 19. sz\u00e1zadban azt\u00e1n sorra jelentek meg a foly\u00f3ra telep\u00edtett f\u00fcrd\u0151h\u00e1zak. Ezek t\u00f6bbnyire f\u00e1b\u00f3l \u00e9p\u00fclt, v\u00edzen lebeg\u0151 l\u00e9tes\u00edtm\u00e9nyek voltak, kabinsorokkal, pihen\u0151helyekkel, kisebb-nagyobb medenc\u00e9kkel \u00e9s f\u00fcrd\u0151kosarakkal. <a href=\"https:\/\/drive.google.com\/file\/d\/12w0mPp3_mGz-RJZrN3l53gsWSFZ5DrPy\/view\" rel=\"noopener noreferrer nofollow\" target=\"_blank\">A Valyo tanulm\u00e1nya<\/a> szerint rendszerint m\u00e1jus elej\u00e9t\u0151l szeptemberig m\u0171k\u00f6dtek,<\/p>\n<p>        <img decoding=\"async\" src=\"https:\/\/divany.hu\/neon\/static\/images\/divany\/divany_quote.svg\" class=\"left-5 w-[20px] h-[20px] md:w-[42px] md:h-[42px] mb-4\" alt=\"Id\u00e9z\u0151jel ikon\"\/><\/p>\n<p x-data=\"quoteAnimation\" x-init=\"init()\">\n          majd \u0151sszel elvontatt\u00e1k vagy sz\u00e9tszerelt\u00e9k ezeket, a faelemeket pedig a k\u00f6vetkez\u0151 szezonig rakt\u00e1rban \u0151rizt\u00e9k.\n        <\/p>\n<p class=\"text-left\" data-alignment=\"left\" data-block-key=\"ixbex\"><a data-link-preview=\"true\" data-og-column=\"\u00c9des otthon\" data-og-description=\"Eg\u00e9szen elk\u00e9peszt\u0151 l\u00e1tv\u00e1nyt ny\u00fajt az \u00e9ppen csak \u00e9p\u00fcl\u0151 parlament fel\u00e1llv\u00e1nyozott \u00e9p\u00fclete a Batthy\u00e1ny t\u00e9rr\u0151l. A r\u00e9gi fot\u00f3n azt is l\u00e1thatjuk, milyen \u00fctemben n\u0151ttek a falak.\" data-og-image=\"https:\/\/divany.hu\/neon\/media\/images\/61475013_4547711_3ac2743511ca45.format-avif.max-600x400.avif\" data-og-image-small=\"https:\/\/divany.hu\/neon\/media\/images\/61475013_4547711_3ac2743511ca45.format-avif.max-370x278.avif\" data-og-tags=\"[\" otthon=\"\" imre=\"\" t=\"\" data-og-title=\"\u00cdgy \u00e9p\u00fclt a Parlament: ritk\u00e1n l\u00e1tott fot\u00f3 1893-b\u00f3l\" href=\"https:\/\/divany.hu\/edesotthon\/2025\/04\/20\/parlament-epitese\/?utm_source=divany&amp;utm_medium=cikklink&amp;utm_campaign=cikklink_belso\" rel=\"noopener noreferrer nofollow\" target=\"_blank\">A Parlament<\/a> m\u00f6g\u00f6tt \u00e1ll\u00f3 Scholtz-uszoda a korabeli sajt\u00f3 szerint k\u00fcl\u00f6n\u00f6sen n\u00e9pszer\u0171 volt. A Friss \u00dajs\u00e1g 1913 szeptember\u00e9ben arr\u00f3l \u00edrt, hogy a k\u00e1nikula idej\u00e9n az uszod\u00e1k azonnal megteltek, a Parlament m\u00f6g\u00f6tti f\u00fcrd\u0151ben pedig naponta val\u00f3s\u00e1gos \u201eb\u00e1lt\u201d rendeztek a Duna-v\u00edz \u00e9s a naps\u00fct\u00e9s kedvel\u0151i.<\/p>\n<p class=\"text-left\" data-alignment=\"left\" data-block-key=\"ixbex\">Az uszod\u00e1t a parlamenti \u00e9let is saj\u00e1tos m\u00f3don haszn\u00e1lta. A Pesti Napl\u00f3 1912-es riportja szerint a k\u00e9pvisel\u0151k ny\u00e1ri \u00fcl\u00e9sek idej\u00e9n turnusokban j\u00e1rtak le f\u00fcrdeni, \u00e9s ha sz\u00fcks\u00e9g volt r\u00e1juk,<\/p>\n<p>        <img decoding=\"async\" src=\"https:\/\/divany.hu\/neon\/static\/images\/divany\/divany_quote.svg\" class=\"left-5 w-[20px] h-[20px] md:w-[42px] md:h-[42px] mb-4\" alt=\"Id\u00e9z\u0151jel ikon\"\/><\/p>\n<p x-data=\"quoteAnimation\" x-init=\"init()\">\n          az erk\u00e9lyr\u0151l sz\u00f3ltak le nekik, hogy siessenek vissza.\n        <\/p>\n<p>      Az els\u0151 vil\u00e1gh\u00e1bor\u00fa ut\u00e1n egyre kevesebb dunai uszoda maradt<\/p>\n<p class=\"text-left\" data-alignment=\"left\" data-block-key=\"2487t\">Az Ujs\u00e1g 1923-ban m\u00e1r arr\u00f3l sz\u00e1molt be, hogy a kor\u00e1bbi nyolc helyett csup\u00e1n h\u00e1rom m\u0171k\u00f6d\u00f6tt, mik\u00f6zben sokan a szabad Dun\u00e1ban f\u00fcr\u00f6dtek. A megmaradt f\u00fcrd\u0151k a <a href=\"https:\/\/femina.hu\/utazas\/hitler-farkasverem\/\" rel=\"noopener noreferrer nofollow\" target=\"_blank\">m\u00e1sodik vil\u00e1gh\u00e1bor\u00faban<\/a> s\u00falyosan megs\u00e9r\u00fcltek, helyre\u00e1ll\u00edt\u00e1suk elmaradt, 1973-ban pedig a rossz v\u00edzmin\u0151s\u00e9gre hivatkozva betiltott\u00e1k a f\u00fcrd\u0151z\u00e9st Budapest ter\u00fclet\u00e9n.<\/p>\n<p class=\"text-left\" data-alignment=\"left\" data-block-key=\"9xlfq\">Id\u00e9n Budapesten k\u00e9t ingyenesen haszn\u00e1lhat\u00f3 <a data-link-preview=\"true\" data-og-column=\"\u00c9letem\" data-og-description=\"M\u00e1r jav\u00e1ban zajlanak az el\u0151k\u00e9sz\u00fcletek, hogy ism\u00e9t megnyisson a dunai szabadstrand a f\u0151v\u00e1rosban.\" data-og-image=\"https:\/\/divany.hu\/neon\/media\/images\/strand.format-avif.max-600x400.avif\" data-og-image-small=\"https:\/\/divany.hu\/neon\/media\/images\/strand.format-avif.max-370x278.avif\" data-og-tags=\"[\" data-og-title=\"\u00dajra megny\u00edlik Budapest egyik legk\u00fcl\u00f6nlegesebb strandja \u2013\u00a0bel\u00e9p\u0151t sem kell fizetni\" href=\"https:\/\/divany.hu\/eletem\/2026\/06\/10\/budapest-szabadstrand-ingyenes-araszto-part\/?utm_source=divany&amp;utm_medium=cikklink&amp;utm_campaign=cikklink_belso\" rel=\"noopener noreferrer nofollow\" target=\"_blank\">dunai szabadstrandon<\/a> is f\u00fcrd\u0151zhet\u00fcnk.<\/p>\n<p><a href=\"https:\/\/google.com\/preferences\/source?q=https%3A\/\/divany.hu\" rel=\"noopener nofollow\" referrerpolicy=\"no-referrer-when-downgrade\" class=\"!flex !items-center !gap-5 !py-2 !px-3 w-full !rounded-xl !font-bold cursor-pointer !no-underline relative !bg-white !text-[#202124] !border !border-[#858585] dark:!bg-[#323232] dark:!text-white dark:border-none mb-4 \" target=\"_blank\"><br \/>\n  <img decoding=\"async\" src=\"https:\/\/divany.hu\/neon\/static\/images\/favicons\/google_favicon.svg\" alt=\"Google\" class=\"shrink-0 w-7 h-7\"\/><br \/>\n  \u00c1ll\u00edtsd be, hogy a D\u00edv\u00e1ny az els\u0151k k\u00f6z\u00f6tt legyen a Google-tal\u00e1latokban!<\/p>\n<p><\/a><\/p>\n","protected":false},"excerpt":{"rendered":"Hihetetlennek t\u0171nik ma m\u00e1r szinte, de Budapest belv\u00e1ros\u00e1ban egykor t\u00f6bb dunai f\u00fcrd\u0151 m\u0171k\u00f6d\u00f6tt, az egyik k\u00f6zvetlen\u00fcl az Orsz\u00e1gh\u00e1z&hellip;\n","protected":false},"author":2,"featured_media":179611,"comment_status":"","ping_status":"","sticky":false,"template":"","format":"standard","meta":{"footnotes":"","_share_on_mastodon":"0"},"categories":[6],"tags":[73,3649,51625,44,42,40,43,41,25568],"class_list":["post-179610","post","type-post","status-publish","format-standard","has-post-thumbnail","category-magyarorszag","tag-budapest","tag-duna","tag-dunai-uszoda","tag-hu","tag-hungarian","tag-hungary","tag-magyar","tag-magyarorszag","tag-uszoda"],"share_on_mastodon":{"url":"https:\/\/pubeurope.com\/@hu\/116954691821109819","error":""},"_links":{"self":[{"href":"https:\/\/www.europesays.com\/hu\/wp-json\/wp\/v2\/posts\/179610","targetHints":{"allow":["GET"]}}],"collection":[{"href":"https:\/\/www.europesays.com\/hu\/wp-json\/wp\/v2\/posts"}],"about":[{"href":"https:\/\/www.europesays.com\/hu\/wp-json\/wp\/v2\/types\/post"}],"author":[{"embeddable":true,"href":"https:\/\/www.europesays.com\/hu\/wp-json\/wp\/v2\/users\/2"}],"replies":[{"embeddable":true,"href":"https:\/\/www.europesays.com\/hu\/wp-json\/wp\/v2\/comments?post=179610"}],"version-history":[{"count":0,"href":"https:\/\/www.europesays.com\/hu\/wp-json\/wp\/v2\/posts\/179610\/revisions"}],"wp:featuredmedia":[{"embeddable":true,"href":"https:\/\/www.europesays.com\/hu\/wp-json\/wp\/v2\/media\/179611"}],"wp:attachment":[{"href":"https:\/\/www.europesays.com\/hu\/wp-json\/wp\/v2\/media?parent=179610"}],"wp:term":[{"taxonomy":"category","embeddable":true,"href":"https:\/\/www.europesays.com\/hu\/wp-json\/wp\/v2\/categories?post=179610"},{"taxonomy":"post_tag","embeddable":true,"href":"https:\/\/www.europesays.com\/hu\/wp-json\/wp\/v2\/tags?post=179610"}],"curies":[{"name":"wp","href":"https:\/\/api.w.org\/{rel}","templated":true}]}}