{"id":179856,"date":"2026-07-21T07:13:07","date_gmt":"2026-07-21T07:13:07","guid":{"rendered":"https:\/\/www.europesays.com\/hu\/179856\/"},"modified":"2026-07-21T07:13:07","modified_gmt":"2026-07-21T07:13:07","slug":"index-belfold-kapu-tibor-kifakadt-polgar-judit-elsoprese-miatt-kapitalis-hibat-kovettunk-el","status":"publish","type":"post","link":"https:\/\/www.europesays.com\/hu\/179856\/","title":{"rendered":"Index &#8211; Belf\u00f6ld &#8211; Kapu Tibor kifakadt Polg\u00e1r Judit els\u00f6pr\u00e9se miatt: Kapit\u00e1lis hib\u00e1t k\u00f6vett\u00fcnk el"},"content":{"rendered":"<p class=\"font-claude-response-body break-words whitespace-normal\">\n                          Kapu Tibor, a HUNOR program m\u00e1sodik magyar \u0171rhaj\u00f3sa \u2013 aki 2025 nyar\u00e1n az Axiom\u20134-misszi\u00f3 tagjak\u00e9nt 18 napot t\u00f6lt\u00f6tt a Nemzetk\u00f6zi \u0170r\u00e1llom\u00e1son (ISS) \u2013 ez\u00fattal nem az \u0171rkutat\u00e1sr\u00f3l sz\u00f3lalt meg.\n                        <\/p>\n<p class=\"font-claude-response-body break-words whitespace-normal\">A <a href=\"https:\/\/www.facebook.com\/permalink.php?story_fbid=pfbid0uktZuvK3QPXkNkjiktBtAjHfWq4489Z4CKyA7WxLLGSa8b6WqKFAgAha35Vkba3yl&amp;id=61560651626290\" id=\"hyperlink_e6504c386fc2c0434c5938793f415076\" rel=\"nofollow noopener\" target=\"_blank\">bejegyz\u00e9s<\/a> aprop\u00f3ja egy politikai fordulat volt: Polg\u00e1r Judit sakknagymester h\u00e9tf\u0151n k\u00f6z\u00f6ss\u00e9gi oldal\u00e1n jelentette be, hogy nem v\u00e1llalja a k\u00f6zt\u00e1rsas\u00e1gi eln\u00f6ki tiszts\u00e9get, amelyre Magyar P\u00e9ter minisztereln\u00f6k k\u00e9rte volna fel. Err\u0151l az <a href=\"https:\/\/index.hu\/belfold\/2026\/07\/20\/polgar-judit-tisza-part-koztarsasagi-elnok-felkeres-magyar-peter-megosztottsag\/\" id=\"hyperlink_997de579360cb8cbbd92b4c08ec0b7f7\" class=\"underline underline underline-offset-2 decoration-1 decoration-current\/40 hover:decoration-current focus:decoration-current\" target=\"_blank\" title=\"Polg\u00e1r Judit elutas\u00edtotta Magyar P\u00e9ter felk\u00e9r\u00e9s\u00e9t\" data-recommendation=\"bekezdes_utan\" data-recommendation-preview=\"{&quot;og:title&quot;:&quot;Polg\u00e1r Judit elutas\u00edtotta Magyar P\u00e9ter felk\u00e9r\u00e9s\u00e9t&quot;,&quot;og:description&quot;:&quot;A minisztereln\u00f6k m\u00e1ris reag\u00e1lt.&quot;,&quot;og:image&quot;:&quot;\\\/\\\/kep.cdn.indexvas.hu\\\/1\\\/0\\\/4444\\\/44447\\\/444478\\\/44447810_3391048_06625acc240a10caaa5f7bf463783c17_wm.jpg&quot;}\" data-recommendation-id=\"6250255\" rel=\"nofollow noopener\">Index is r\u00e9szletesen besz\u00e1molt<\/a>.<\/p>\n<p>                        \u00a0<br \/>\n                        Egy \u0171rhaj\u00f3s, aki tudja, milyen egyed\u00fcl \u00e1llni a z\u00e1szl\u00f3 mellett<\/p>\n<p class=\"font-claude-response-body break-words whitespace-normal\">Kapu Tibor abb\u00f3l a szem\u00e9lyes tapasztalatb\u00f3l sz\u00f3lalt meg, amit kevesen ismernek: milyen \u00e9rz\u00e9s nemzetk\u00f6zi sz\u00ednt\u00e9ren egyed\u00fcl k\u00e9pviselni egy orsz\u00e1got.<\/p>\n<p class=\"font-claude-response-body break-words whitespace-normal\">Az \u0171rhaj\u00f3s szerint egy k\u00f6zt\u00e1rsas\u00e1gi eln\u00f6knek is tudnia kell, milyen \u00e9get\u0151 a rengeteg figyel\u0151 tekintet s\u00falya, \u00e9s milyen teher egymag\u00e1ban oda\u00e1llni a magyar z\u00e1szl\u00f3 mell\u00e9.<\/p>\n<p class=\"font-claude-response-body break-words whitespace-normal\">Polg\u00e1r Juditnak ezt szerinte nem kell megtan\u00edtani \u2013 utalva arra, hogy a sakkoz\u00f3 \u00e9vtizedeken \u00e1t a vil\u00e1g \u00e9lvonal\u00e1ban k\u00e9pviselte Magyarorsz\u00e1got. Kapu k\u00fcl\u00f6n kiemelte a sakknagymester m\u00e9lt\u00f3s\u00e1g\u00e1t, amellyel a kialakult helyzetet kezelte, valamint kitart\u00e1s\u00e1t \u00e9s p\u00e1rtatlans\u00e1g\u00e1t is.<\/p>\n<p class=\"font-claude-response-body break-words whitespace-normal\"><a href=\"https:\/\/index.hu\/velemeny\/2026\/07\/20\/magyar-peter-polgar-judit-koztarsasagi-elnok\/\" id=\"hyperlink_72477219fa34e274a9333ef2dbe9cf9f\" target=\"_blank\" title=\"Mur\u00e1nyi Andr\u00e1s: Sakk, matt\" data-recommendation=\"bekezdes_utan\" data-recommendation-preview=\"{&quot;og:title&quot;:&quot;Mur\u00e1nyi Andr\u00e1s: Sakk, matt&quot;,&quot;og:description&quot;:&quot;\u00c1llamf\\u0151 kerestetik, avagy a kir\u00e1lyn\\u0151 k\u00f6nnyen gyalogg\u00e1 v\u00e1lhat a t\u00e1bl\u00e1n.&quot;,&quot;og:image&quot;:&quot;\\\/\\\/kep.cdn.indexvas.hu\\\/1\\\/0\\\/7055\\\/70555\\\/705554\\\/70555461_5204837_df7fe743184164e5951c46676afeb91e_wm.png&quot;}\" data-recommendation-id=\"6249813\" rel=\"nofollow noopener\">Polg\u00e1r Judit <\/a>val\u00f3ban rendk\u00edv\u00fcli p\u00e1ly\u00e1t futott be: 26 \u00e9ven \u00e1t vezette a n\u0151i vil\u00e1granglist\u00e1t, \u00e9s az abszol\u00fat vil\u00e1granglista legjobb t\u00edz j\u00e1t\u00e9kosa k\u00f6z\u00e9 is beker\u00fclt. \u00d6tsz\u00f6r\u00f6s sakkolimpiai bajnok, nemzetk\u00f6zi nagymester, \u00e9let\u00fatj\u00e1t nemr\u00e9g A sakk kir\u00e1lyn\u0151je c\u00edm\u0171 dokumentumfilm is bemutatta.<\/p>\n<p>                        \u00a0<br \/>\n                        \u201eNem vigy\u00e1ztunk a kir\u00e1lyn\u0151re\u201d<\/p>\n<p class=\"font-claude-response-body break-words whitespace-normal\">Kapu Tibor bejegyz\u00e9s\u00e9nek k\u00f6z\u00e9ppontj\u00e1ban egy kett\u0151s szimbolika \u00e1ll. R\u00e1mutatott: 1969-ben ezen a napon t\u00f6rt\u00e9nt a holdra sz\u00e1ll\u00e1s, \u00e9s ma van a sakk vil\u00e1gnapja is \u2013 amit \u0151 maga ironikusnak nevezett a t\u00f6rt\u00e9ntek f\u00e9ny\u00e9ben.<\/p>\n<p class=\"font-claude-response-body break-words whitespace-normal\">Az \u0171rhaj\u00f3s szerint a mai nap komoly tanuls\u00e1gokkal szolg\u00e1l. \u00dagy fogalmazott, hogy a j\u00f3akarat \u00e9s a sz\u00edntiszta logika nagyszer\u0171 dolgokhoz \u00f6nmag\u00e1ban nem mindig elegend\u0151.<\/p>\n<p class=\"font-claude-response-body break-words whitespace-normal\">Van, hogy megfontolts\u00e1gra \u00e9s \u00f6sszetart\u00e1sra is sz\u00fcks\u00e9g van. \u00c9s van, hogy ezek hi\u00e1ny\u00e1ban rendk\u00edv\u00fcli \u00e9rt\u00e9ket vesz\u00edt\u00fcnk.<\/p>\n<p class=\"font-claude-response-body break-words whitespace-normal\">A bejegyz\u00e9s cs\u00facspontja a sakkb\u00f3l vett z\u00e1r\u00f3mondat, amelyben Kapu az eg\u00e9sz \u00fcgyet egyetlen k\u00e9pbe s\u0171r\u00edtette:<\/p>\n<p>\u201eAzt hiszem, ma mindannyian v\u00e9tett\u00fcnk egy kapit\u00e1lis hib\u00e1t a sakkban: nem vigy\u00e1ztunk a kir\u00e1lyn\u0151re.\u201d<\/p>\n<p class=\"font-claude-response-body break-words whitespace-normal\">A megfogalmaz\u00e1s nem v\u00e9letlen: a sakkban a kir\u00e1lyn\u0151 (vez\u00e9r) a leger\u0151sebb b\u00e1bu, elveszt\u00e9se gyakran a parti sors\u00e1t pecs\u00e9teli meg. Kapu ezzel a Polg\u00e1r k\u00f6r\u00fcl kialakult helyzetet \u2013 a jel\u00f6l\u00e9s kudarc\u00e1t \u2013 egy elrontott j\u00e1tszm\u00e1hoz hasonl\u00edtotta.<\/p>\n<p>                        \u00a0<br \/>\n                        A h\u00e1tt\u00e9r: egy 48 \u00f3r\u00e1n \u00e1t tart\u00f3 politikai forgatag<\/p>\n<p class=\"font-claude-response-body break-words whitespace-normal\">Kapu Tibor nem k\u00edv\u00fcl\u00e1ll\u00f3k\u00e9nt \u00e9rintett az \u00fcgyben. Vas\u00e1rnap a tudom\u00e1ny, a kult\u00fara \u00e9s a sport tizenhat szerepl\u0151je \u2013 k\u00f6zt\u00fck maga az \u0171rhaj\u00f3s, valamint Rubik Ern\u0151 feltal\u00e1l\u00f3 \u00e9s Lov\u00e1sz L\u00e1szl\u00f3 matematikus \u2013 ny\u00edlt lev\u00e9lben javasolta Polg\u00e1r Juditot k\u00f6zt\u00e1rsas\u00e1gi eln\u00f6knek. A kezdem\u00e9nyez\u00e9st, mint ut\u00f3bb kider\u00fclt, Nagy T\u00edmea olimpiai bajnok v\u00edv\u00f3 ind\u00edtotta el.<\/p>\n<p class=\"font-claude-response-body break-words whitespace-normal\">A jel\u00f6l\u00e9st Magyar P\u00e9ter minisztereln\u00f6k is felkarolta, \u00e9s h\u00e9tf\u0151re tal\u00e1lkoz\u00f3t k\u00e9rt a sakknagymestert\u0151l. Az aj\u00e1nl\u00e1s azonban a Tisza-t\u00e1boron bel\u00fcl is <a href=\"https:\/\/index.hu\/belfold\/2026\/07\/20\/polgar-judit-tisza-part-koztarsasagi-elnok-felkeres-magyar-peter-megosztottsag\/\" id=\"hyperlink_997de579360cb8cbbd92b4c08ec0b7f7\" class=\"underline underline underline-offset-2 decoration-1 decoration-current\/40 hover:decoration-current focus:decoration-current\" target=\"_blank\" title=\"Polg\u00e1r Judit elutas\u00edtotta Magyar P\u00e9ter felk\u00e9r\u00e9s\u00e9t\" rel=\"nofollow noopener\">megosztotta a k\u00f6zv\u00e9lem\u00e9nyt<\/a>, t\u00f6bbek k\u00f6z\u00f6tt a t\u00e1rsadalmi egyeztet\u00e9s hi\u00e1nya miatt.<\/p>\n<p class=\"font-claude-response-body break-words whitespace-normal\">Polg\u00e1r Judit v\u00e9g\u00fcl nemet mondott. K\u00f6z\u00f6ss\u00e9gi oldal\u00e1n arr\u00f3l \u00edrt, hogy nem \u00e9rez mag\u00e1ban el\u00e9g er\u0151t egy megosztott nemzet egyes\u00edt\u00e9s\u00e9nek t\u00f6rt\u00e9nelmi felel\u0151ss\u00e9g\u00e9hez, de \u00edg\u00e9retet tett, hogy egy \u00faj, f\u00fcggetlen \u00e1llamf\u0151t a j\u00f6v\u0151ben minden erej\u00e9vel t\u00e1mogatni fog.<\/p>\n<p class=\"font-claude-response-body break-words whitespace-normal\">Kapu Tibor egy\u00e9bk\u00e9nt kor\u00e1bban maga is szembes\u00fclt a politikai szerepv\u00e1llal\u00e1s k\u00e9rd\u00e9s\u00e9vel: hazat\u00e9r\u00e9se ut\u00e1n egy\u00e9rtelm\u0171en lesz\u00f6gezte, hogy <a href=\"https:\/\/index.hu\/belfold\/2025\/08\/18\/kapu-tibor-hunor-magyar-urhajos-program-nemzetkozi-urallomas-magyar-urutazas-nasa-spacex-axiom-space\/\" id=\"hyperlink_d1c2a71741a4aa93ef9cc71ba8a24d5f\" class=\"underline underline underline-offset-2 decoration-1 decoration-current\/40 hover:decoration-current focus:decoration-current\" target=\"_blank\" title=\"Visszat\u00e9rt Magyarorsz\u00e1gra Kapu Tibor, a m\u00e1sodik magyar \u0171rhaj\u00f3s\" rel=\"nofollow noopener\">nem gondolkodik politikai p\u00e1ly\u00e1ban<\/a>.\u00a0<\/p>\n<p>\n                          (Bor\u00edt\u00f3k\u00e9p: Kapu Tibor 2026. janu\u00e1r 21-\u00e9n. Fot\u00f3:\u00a0Papajcsik P\u00e9ter \/ Index)\u00a0\n                        <\/p>\n<p><a href=\"https:\/\/dex.hu\/x.php?id=googlepref_desktop&amp;url=https:\/\/google.com\/preferences\/source?q=https:\/\/index.hu\" class=\"google-pref-banner \" id=\"googlePrefBanner\" rel=\"nofollow noopener\" target=\"_blank\"><\/p>\n<p>    Itt \u00e1ll\u00edtsa be, hogy az Index az els\u0151k k\u00f6z\u00f6tt legyen a Google-tal\u00e1latokban!<\/p>\n<p><\/a><\/p>\n<p>    <img decoding=\"async\" src=\"https:\/\/index.hu\/assets\/images\/social-follow\/logo-big.svg\" alt=\"Index.hu logo\"\/><\/p>\n<p>K\u00f6vesse az Indexet Facebookon is!<\/p>\n<p>    <a href=\"https:\/\/facebook.com\/Indexhu\" target=\"_blank\" rel=\"nofollow noopener\"><\/p>\n<p>        K\u00f6vetem!<br \/>\n    <\/a><\/p>\n","protected":false},"excerpt":{"rendered":"Kapu Tibor, a HUNOR program m\u00e1sodik magyar \u0171rhaj\u00f3sa \u2013 aki 2025 nyar\u00e1n az Axiom\u20134-misszi\u00f3 tagjak\u00e9nt 18 napot t\u00f6lt\u00f6tt&hellip;\n","protected":false},"author":2,"featured_media":179857,"comment_status":"","ping_status":"","sticky":false,"template":"","format":"standard","meta":{"footnotes":"","_share_on_mastodon":"0"},"categories":[33],"tags":[80,38,35,2181,37,44,42,40,15974,43,944,41,34,16582,945,36,39],"class_list":["post-179856","post","type-post","status-publish","format-standard","has-post-thumbnail","category-hirek","tag-belfold","tag-focimek","tag-headlines","tag-hiba","tag-hirek","tag-hu","tag-hungarian","tag-hungary","tag-kapu-tibor","tag-magyar","tag-magyar-peter","tag-magyarorszag","tag-news","tag-polgar-judit","tag-tisza-part","tag-top-stories","tag-vezeto-hirek"],"share_on_mastodon":{"url":"https:\/\/pubeurope.com\/@hu\/116956732606524967","error":""},"_links":{"self":[{"href":"https:\/\/www.europesays.com\/hu\/wp-json\/wp\/v2\/posts\/179856","targetHints":{"allow":["GET"]}}],"collection":[{"href":"https:\/\/www.europesays.com\/hu\/wp-json\/wp\/v2\/posts"}],"about":[{"href":"https:\/\/www.europesays.com\/hu\/wp-json\/wp\/v2\/types\/post"}],"author":[{"embeddable":true,"href":"https:\/\/www.europesays.com\/hu\/wp-json\/wp\/v2\/users\/2"}],"replies":[{"embeddable":true,"href":"https:\/\/www.europesays.com\/hu\/wp-json\/wp\/v2\/comments?post=179856"}],"version-history":[{"count":0,"href":"https:\/\/www.europesays.com\/hu\/wp-json\/wp\/v2\/posts\/179856\/revisions"}],"wp:featuredmedia":[{"embeddable":true,"href":"https:\/\/www.europesays.com\/hu\/wp-json\/wp\/v2\/media\/179857"}],"wp:attachment":[{"href":"https:\/\/www.europesays.com\/hu\/wp-json\/wp\/v2\/media?parent=179856"}],"wp:term":[{"taxonomy":"category","embeddable":true,"href":"https:\/\/www.europesays.com\/hu\/wp-json\/wp\/v2\/categories?post=179856"},{"taxonomy":"post_tag","embeddable":true,"href":"https:\/\/www.europesays.com\/hu\/wp-json\/wp\/v2\/tags?post=179856"}],"curies":[{"name":"wp","href":"https:\/\/api.w.org\/{rel}","templated":true}]}}