{"id":180326,"date":"2026-07-21T15:22:09","date_gmt":"2026-07-21T15:22:09","guid":{"rendered":"https:\/\/www.europesays.com\/hu\/180326\/"},"modified":"2026-07-21T15:22:09","modified_gmt":"2026-07-21T15:22:09","slug":"index-belfold-gulyas-gergely-megsem-vesz-reszt-tusvanyoson-elmarad-a-kelemen-hunorral-tervezett-beszelgetese","status":"publish","type":"post","link":"https:\/\/www.europesays.com\/hu\/180326\/","title":{"rendered":"Index &#8211; Belf\u00f6ld &#8211; Guly\u00e1s Gergely m\u00e9gsem vesz r\u00e9szt Tusv\u00e1nyoson, elmarad a Kelemen Hunorral tervezett besz\u00e9lget\u00e9se"},"content":{"rendered":"<p>Ahogy arr\u00f3l egy kor\u00e1bbi cikk\u00fcnkben besz\u00e1moltunk,\u00a0a B\u00e1lv\u00e1nyosi Ny\u00e1ri Szabadegyetem \u00e9s Di\u00e1kt\u00e1bor Guly\u00e1s Gergelyt is azok k\u00f6z\u00e9 a politikusok k\u00f6z\u00e9 sorolta, akik <a href=\"https:\/\/index.hu\/belfold\/2026\/07\/05\/orban-viktor-beszed-tusvanyos-tusnadfurdo-balvanyos-szabadegyetem-valasztas-fidesz\/\" id=\"hyperlink_521f674b52a43309fddcc8ee643d1742\" target=\"_blank\" title=\"Orb\u00e1n Viktor olyan besz\u00e9dre k\u00e9sz\u00fcl, amilyenre politikai p\u00e1lyafut\u00e1sa sor\u00e1n m\u00e9g nem volt p\u00e9lda\" rel=\"nofollow noopener\">biztosan r\u00e9szt vesznek Tusv\u00e1nyoson<\/a>. Az esem\u00e9nyen <a href=\"https:\/\/index.hu\/belfold\/2026\/07\/11\/orban-viktor-fidesz-tusvanyos-eloadas-beszed\/\" id=\"hyperlink_b4d5937476a70446ee209bb5186f0c9f\" target=\"_blank\" title=\"Szigor\u00fa szab\u00e1lyokat vezettek be Orb\u00e1n Viktor tusn\u00e1df\u00fcrd\u0151i el\u0151ad\u00e1sa el\u0151tt\" rel=\"nofollow noopener\">Orb\u00e1n Viktor is el\u0151ad<\/a>, ennek a pontos id\u0151pontj\u00e1t is nyilv\u00e1noss\u00e1gra hozt\u00e1k.<\/p>\n<p>A Magyarorsz\u00e1g \u00e9s Rom\u00e1nia helyzete a v\u00e1ltoz\u00f3 Eur\u00f3p\u00e1ban c\u00edm\u0171 panel kor\u00e1bban szerepelt a rendezv\u00e9ny programj\u00e1ban, k\u00e9s\u0151bb viszont elt\u0171nt onnan\u00a0\u2013 sz\u00farta ki a <a href=\"https:\/\/telex.hu\/transtelex\/2026\/07\/21\/gulyas-gergely-tusvanyos-kelemen-hunor-beszelgetes-elmarad\" id=\"hyperlink_65b562decc5b527023ce48204ba921e2\" rel=\"nofollow noopener\" target=\"_blank\">Transtelex<\/a>. Ennek keret\u00e9ben Guly\u00e1s Gergely Kelemen Hunorral, az RMDSZ eln\u00f6k\u00e9vel besz\u00e9lgetett volna.<\/p>\n<p>Guly\u00e1s Gergely nem tud elj\u00f6nni, emiatt okafogyott\u00e1 v\u00e1lt a tervezett panel<\/p>\n<p>\u2013 v\u00e1laszolta a port\u00e1l \u00e9rdekl\u0151d\u00e9s\u00e9re a Tusv\u00e1nyos sajt\u00f3f\u0151n\u00f6ke. Kider\u00fclt az is, hogy a besz\u00e9lget\u00e9st m\u00e1s form\u00e1ban vagy id\u0151pontban sem tartj\u00e1k meg.<\/p>\n<p>                        Kelemen Hunor reag\u00e1lt Guly\u00e1s t\u00e1volmarad\u00e1s\u00e1ra<\/p>\n<p>Az \u00e9rtes\u00fcl\u00e9st Kelemen Hunor is meger\u0151s\u00edtette, tov\u00e1bb\u00e1 elmondta, hogy egy nyilv\u00e1nos panelbesz\u00e9lget\u00e9sr\u0151l lett volna sz\u00f3. A besz\u00e9lget\u00e9st Pataky Istv\u00e1n, a Maszol f\u0151szerkeszt\u0151-helyettese moder\u00e1lta volna, \u0151 a lapt\u00f3l \u00e9rtes\u00fclt a besz\u00e9lget\u00e9s elmarad\u00e1s\u00e1r\u00f3l.<\/p>\n<p>\u201eGuly\u00e1s Gergely nem indokolta t\u00e1volmarad\u00e1s\u00e1t\u201d\u00a0\u2013 ezt pedig arra a k\u00e9rd\u00e9sre v\u00e1laszolta a sajt\u00f3f\u0151n\u00f6k, Guly\u00e1s mi\u00e9rt nem tud r\u00e9szt venni az esem\u00e9nyen.<\/p>\n<p>A kor\u00e1bbi Minisztereln\u00f6ks\u00e9get vezet\u0151 miniszter  <a href=\"https:\/\/dex.hu\/x.php?id=index_belfold_cikklink&amp;url=https%3A%2F%2Findex.hu%2Fbelfold%2F2026%2F07%2F13%2Fgulyas-gergely-fidesz-frakcio-parlament-orszaggyules-lemond%2F\" id=\"hyperlink_8e0e38d5b8b398d51761bdb5438ca354\" target=\"_self\" title=\"T\u00e1vozik Guly\u00e1s Gergely a Fidesz parlamenti frakci\u00f3j\u00e1nak \u00e9l\u00e9r\u0151l\" data-recommendation=\"bekezdes_utan\" data-recommendation-preview=\"{&quot;og:title&quot;:&quot;T\u00e1vozik Guly\u00e1s Gergely a Fidesz parlamenti frakci\u00f3j\u00e1nak \u00e9l\u00e9r\\u0151l&quot;,&quot;og:description&quot;:&quot;V\u00e1ratlan bejelent\u00e9st tett a volt miniszter.&quot;,&quot;og:image&quot;:&quot;\\\/\\\/kep.cdn.indexvas.hu\\\/1\\\/0\\\/7044\\\/70449\\\/704493\\\/70449339_5197299_69f1c0498f5e633f876e25902b92183f_wm.jpg&quot;}\" data-recommendation-id=\"6245489\" rel=\"nofollow noopener\">j\u00falius 13-\u00e1n jelentette be<\/a>,\u00a0hogy lemond a Fidesz frakci\u00f3vezet\u0151i tiszts\u00e9g\u00e9r\u0151l, ugyanakkor k\u00e9pvisel\u0151i mand\u00e1tum\u00e1r\u00f3l nem mondott le.<\/p>\n<p>\n                          (Bor\u00edt\u00f3k\u00e9p: Guly\u00e1s Gergely\u00a02026. j\u00fanius 13-\u00e1n. Fot\u00f3:\u00a0T\u00f6vissi Bence \/ Index)\n                        <\/p>\n<p><a href=\"https:\/\/dex.hu\/x.php?id=googlepref_desktop&amp;url=https:\/\/google.com\/preferences\/source?q=https:\/\/index.hu\" class=\"google-pref-banner \" id=\"googlePrefBanner\" rel=\"nofollow noopener\" target=\"_blank\"><\/p>\n<p>    Itt \u00e1ll\u00edtsa be, hogy az Index az els\u0151k k\u00f6z\u00f6tt legyen a Google-tal\u00e1latokban!<\/p>\n<p><\/a><\/p>\n<p>    <img decoding=\"async\" src=\"https:\/\/index.hu\/assets\/images\/social-follow\/logo-big.svg\" alt=\"Index.hu logo\"\/><\/p>\n<p>K\u00f6vesse az Indexet Facebookon is!<\/p>\n<p>    <a href=\"https:\/\/facebook.com\/Indexhu\" target=\"_blank\" rel=\"nofollow noopener\"><\/p>\n<p>        K\u00f6vetem!<br \/>\n    <\/a><\/p>\n","protected":false},"excerpt":{"rendered":"Ahogy arr\u00f3l egy kor\u00e1bbi cikk\u00fcnkben besz\u00e1moltunk,\u00a0a B\u00e1lv\u00e1nyosi Ny\u00e1ri Szabadegyetem \u00e9s Di\u00e1kt\u00e1bor Guly\u00e1s Gergelyt is azok k\u00f6z\u00e9 a politikusok&hellip;\n","protected":false},"author":2,"featured_media":180327,"comment_status":"","ping_status":"","sticky":false,"template":"","format":"standard","meta":{"footnotes":"","_share_on_mastodon":"0"},"categories":[6],"tags":[80,371,152,13444,5443,44,42,40,23788,43,41,28882],"class_list":["post-180326","post","type-post","status-publish","format-standard","has-post-thumbnail","category-magyarorszag","tag-belfold","tag-beszelgetes","tag-ce-napi","tag-elmarad","tag-gulyas-gergely","tag-hu","tag-hungarian","tag-hungary","tag-kelemen-hunor","tag-magyar","tag-magyarorszag","tag-tusvanyos"],"share_on_mastodon":{"url":"https:\/\/pubeurope.com\/@hu\/116958655712508523","error":""},"_links":{"self":[{"href":"https:\/\/www.europesays.com\/hu\/wp-json\/wp\/v2\/posts\/180326","targetHints":{"allow":["GET"]}}],"collection":[{"href":"https:\/\/www.europesays.com\/hu\/wp-json\/wp\/v2\/posts"}],"about":[{"href":"https:\/\/www.europesays.com\/hu\/wp-json\/wp\/v2\/types\/post"}],"author":[{"embeddable":true,"href":"https:\/\/www.europesays.com\/hu\/wp-json\/wp\/v2\/users\/2"}],"replies":[{"embeddable":true,"href":"https:\/\/www.europesays.com\/hu\/wp-json\/wp\/v2\/comments?post=180326"}],"version-history":[{"count":0,"href":"https:\/\/www.europesays.com\/hu\/wp-json\/wp\/v2\/posts\/180326\/revisions"}],"wp:featuredmedia":[{"embeddable":true,"href":"https:\/\/www.europesays.com\/hu\/wp-json\/wp\/v2\/media\/180327"}],"wp:attachment":[{"href":"https:\/\/www.europesays.com\/hu\/wp-json\/wp\/v2\/media?parent=180326"}],"wp:term":[{"taxonomy":"category","embeddable":true,"href":"https:\/\/www.europesays.com\/hu\/wp-json\/wp\/v2\/categories?post=180326"},{"taxonomy":"post_tag","embeddable":true,"href":"https:\/\/www.europesays.com\/hu\/wp-json\/wp\/v2\/tags?post=180326"}],"curies":[{"name":"wp","href":"https:\/\/api.w.org\/{rel}","templated":true}]}}