{"id":180700,"date":"2026-07-21T21:28:22","date_gmt":"2026-07-21T21:28:22","guid":{"rendered":"https:\/\/www.europesays.com\/hu\/180700\/"},"modified":"2026-07-21T21:28:22","modified_gmt":"2026-07-21T21:28:22","slug":"80-fokra-forrosodo-trafohazakon-mulik-a-magyar-aramellatas","status":"publish","type":"post","link":"https:\/\/www.europesays.com\/hu\/180700\/","title":{"rendered":"80 fokra forr\u00f3sod\u00f3 traf\u00f3h\u00e1zakon m\u00falik a magyar \u00e1ramell\u00e1t\u00e1s"},"content":{"rendered":"<p>A h\u0151hull\u00e1m cs\u00facsnapjain a gazdas\u00e1gi \u00e9s energetikai miniszter, Kapit\u00e1ny Istv\u00e1n arra k\u00e9rte a magyar lakoss\u00e1got, hogy cs\u00f6kkents\u00e9k az \u00e1ramfogyaszt\u00e1sukat 18 \u00e9s 21 \u00f3ra k\u00f6z\u00f6tt. Ezzel a k\u00e9r\u00e9ssel egy hasonl\u00f3, t\u00falterhel\u00e9s okozta \u00e1ramkimarad\u00e1st k\u00edv\u00e1nt megel\u0151zni, amely 2025-ben s\u00f6t\u00e9ts\u00e9gbe bor\u00edtotta Spanyolorsz\u00e1g \u00e9s Portug\u00e1lia h\u00e1ztart\u00e1sait.<\/p>\n<p>Hasonl\u00f3 c\u00e9llal alap\u00edtotta az Energrid Smart Technologiest Petr\u00f3 B\u00e1lint \u00e9s Ujlaki Bal\u00e1zs. Petr\u00f3 jelenleg kereskedelmi igazgat\u00f3, kor\u00e1bban pedig a Mavirn\u00e1l dolgozott, amely az MVM nagyfesz\u00fclts\u00e9g\u0171 h\u00e1l\u00f3zat\u00e9rt felel\u0151s r\u00e9szlege.<\/p>\n<p>\u201eKelet-Eur\u00f3pa nem tartott l\u00e9p\u00e9st a meg\u00faj\u00fal\u00f3er\u0151m\u0171-\u00e9p\u00edt\u00e9ssel, az itteni h\u00e1l\u00f3zatokat nem a kl\u00edmav\u00e1ltoz\u00e1s miatti fogyaszt\u00e1sn\u00f6veked\u00e9sre tervezt\u00e9k. A 19. sz\u00e1zadi alapokra \u00e9p\u00fclt magyar h\u00e1l\u00f3zat nem tud alkalmazkodni a termel\u00e9s \u00e9s a fogyaszt\u00e1s v\u00e1ltoz\u00e1saihoz\u201d \u2013 mondta a v\u00e1llalat keddi h\u00e1tt\u00e9rbesz\u00e9lget\u00e9s\u00e9n. Hozz\u00e1tette: a magyar alaper\u0151m\u0171vek id\u0151sek, fel\u00faj\u00edtand\u00f3k, de p\u00e9ld\u00e1ul egy g\u00e1zer\u0151m\u0171 fel\u00faj\u00edt\u00e1sa h\u00e1rom \u00e9s f\u00e9l, n\u00e9gy \u00e9v.<\/p>\n<p>&#13;<\/p>\n<p>A felmeleged\u00e9s miatt viszont egyre t\u00f6bb energi\u00e1t kell l\u00e9trehozni: p\u00e9ld\u00e1ul a h\u00e1ztart\u00e1sok k\u00f6zel 30 sz\u00e1zal\u00e9k\u00e1ban m\u00e1r van kl\u00edmaberendez\u00e9s.<\/p>\n<p>&#13;<\/p>\n<p>Az orosz-ukr\u00e1n h\u00e1bor\u00fa \u00e9s az ir\u00e1ni h\u00e1bor\u00fa hat\u00e1s\u00e1ra a fosszilis energiahordoz\u00f3k \u00e1ra megemelkedett, ami a meg\u00fajul\u00f3 forr\u00e1sok ir\u00e1ny\u00e1ba tereli a fejleszt\u00e9seket. Petr\u00f3 szerint az is t\u00e9nyez\u0151, hogy egy 100 megawattos naper\u0151m\u0171vet egy-k\u00e9t h\u00f3nap fel\u00e9p\u00edteni, m\u00edg egy ugyanilyen teljes\u00edtm\u00e9ny\u0171 g\u00e1zturbina \u00e9p\u00edt\u00e9se legal\u00e1bb egy-k\u00e9t \u00e9v.\u00a0<\/p>\n<p>                    <img decoding=\"async\" src=\"https:\/\/www.europesays.com\/hu\/wp-content\/uploads\/2026\/07\/egyre-tobben-fordulnak-a-napenergia-fele-a-dragulo-olaj-es-gaz-miatt_lgc.png\" alt=\"Egyre t\u00f6bben fordulnak a napenergia fel\u00e9 a dr\u00e1gul\u00f3 olaj \u00e9s g\u00e1z miatt\"\/><br \/>\n                    Egyre t\u00f6bben fordulnak a napenergia fel\u00e9 a dr\u00e1gul\u00f3 olaj \u00e9s g\u00e1z miatt<br \/>Fot\u00f3: Energrid<\/p>\n<p>80 fokos is lehet a traf\u00f3 a h\u0151s\u00e9gben<\/p>\n<p>Az Energrid okoseszk\u00f6z\u00f6kkel b\u0151v\u00edten\u00e9 a h\u00e1l\u00f3zati kapacit\u00e1st: fesz\u00fclts\u00e9g-szab\u00e1lyoz\u00f3t, kapcsol\u00f3t\u00e1bl\u00e1t \u00e9s transzform\u00e1torokat k\u00e9sz\u00edtenek. Az Mfor k\u00e9rd\u00e9s\u00e9re Petr\u00f3 elmondta, hogy a Budapest k\u00f6rny\u00e9ki agglomer\u00e1ci\u00f3 nagy r\u00e9sz\u00e9n ezekkel rugalmasabb\u00e1 tudj\u00e1k tenni az elektromos h\u00e1l\u00f3zatot, de vannak olyan k\u00f6rny\u00e9kek, ahova mindenk\u00e9ppen t\u00f6bb traf\u00f3k\u00f6rzetet kell elhelyezni. Az elm\u00e9let hasonl\u00f3, mintha a v\u00edzvezet\u00e9k f\u0151csapj\u00e1n a nyom\u00e1st tudn\u00e1k szab\u00e1lyozni.\u00a0<\/p>\n<p>Ujlaki szerint a h\u00e1l\u00f3zat hagyom\u00e1nyos b\u0151v\u00edt\u00e9s\u00e9re korl\u00e1tozott lehet\u0151s\u00e9gek vannak, \u00e9s id\u0151ig\u00e9nyes folyamat. P\u00e9ld\u00e1ul, egy \u00e1ramt\u00e1rol\u00f3 telep\u00edt\u00e9se egy-m\u00e1sf\u00e9l \u00e9v lenne, emellett k\u00f6lts\u00e9g- \u00e9s helyig\u00e9nyes is.<\/p>\n<p>Az Energrid-eszk\u00f6z\u00f6k automatiz\u00e1ltan vez\u00e9relhet\u0151k, \u00e9s egym\u00e1ssal is kommunik\u00e1lnak. A traf\u00f3 alatti eloszt\u00f3-szekr\u00e9ny \u00e1ramsz\u00fcnet eset\u00e9n h\u00e1rom percig tud m\u00e9g m\u0171k\u00f6dni, ezalatt jelzi a szolg\u00e1ltat\u00f3nak a probl\u00e9ma t\u00edpus\u00e1t \u00e9s a sz\u00fcks\u00e9ges karbantart\u00e1s k\u00f6r\u00fclm\u00e9nyeit.\u00a0A felhelyez\u00e9s\u00fckh\u00f6z csak a szolg\u00e1ltat\u00f3 enged\u00e9ly\u00e9re van sz\u00fcks\u00e9g, az \u00f6nkorm\u00e1nyzat, vagy a korm\u00e1ny \u00e9p\u00edt\u00e9si enged\u00e9ly\u00e9re nincs.<\/p>\n<p>                    <img decoding=\"async\" src=\"https:\/\/www.europesays.com\/hu\/wp-content\/uploads\/2026\/07\/a-rugalmassagnak-is-van-hatara-az-okoseszkozok-segithetnek-de-uj-trafokorzeteket-is-ki-kell-jelolni_.jpeg\" alt=\"A rugalmass\u00e1gnak is van hat\u00e1ra: az okoseszk\u00f6z\u00f6k seg\u00edthetnek, de \u00faj traf\u00f3k\u00f6rzeteket is ki kell jel\u00f6lni\"\/><br \/>\n                    A rugalmass\u00e1gnak is van hat\u00e1ra: az okoseszk\u00f6z\u00f6k seg\u00edthetnek, de \u00faj traf\u00f3k\u00f6rzeteket is ki kell jel\u00f6lni<br \/>Fot\u00f3: Pexels<\/p>\n<p>\u201eMagyarorsz\u00e1gon 69 ezer traf\u00f3k\u00f6rzet van, ezeknek az eszk\u00f6z\u00f6knek minimum a fele r\u00e9gi, fel\u00faj\u00edtand\u00f3, \u00e9s alacsonyabbra tervezt\u00e9k az \u00fczemi h\u0151m\u00e9rs\u00e9klet\u00e9t. 40 fokos k\u00fcls\u0151 h\u0151m\u00e9rs\u00e9klet eset\u00e9n egy transzform\u00e1tor ak\u00e1r 80 fokos m\u0171k\u00f6d\u00e9si h\u0151m\u00e9rs\u00e9kletet is el\u00e9rhet\u201d \u2013 tette hozz\u00e1 Petr\u00f3.\u00a0<\/p>\n<p>A korm\u00e1ny id\u00e9n 486 milli\u00e1rd forintot k\u00f6lt a Helyre\u00e1ll\u00edt\u00e1si Alap (RRF) forr\u00e1saib\u00f3l az elektromos h\u00e1l\u00f3zat fejleszt\u00e9s\u00e9re, az RRF-tenderekben az Energrid is szeretne r\u00e9szt venni. Emellett a magyar, a rom\u00e1niai \u00e9s a szlov\u00e1kiai piacon is megvetn\u00e9k a l\u00e1bukat az \u00e9v v\u00e9g\u00e9ig, j\u00f6v\u0151re pedig Lengyelorsz\u00e1g, Csehorsz\u00e1g, Bulg\u00e1ria, Horv\u00e1torsz\u00e1g \u00e9s Szlov\u00e9nia a c\u00e9l.<\/p>\n<p>\u201eA v\u00e1llalat a spanyolorsz\u00e1gi-portug\u00e1liai \u00e1ramsz\u00fcnet el\u0151tt alakult, ezt azonban megel\u0151zte horv\u00e1torsz\u00e1gi, rom\u00e1niai, szerbiai lekapcsol\u00f3d\u00e1s is\u201d \u2013 v\u00e1laszolta az Mfor k\u00e9rd\u00e9s\u00e9re a kereskedelmi igazgat\u00f3.<\/p>\n<p>J\u00f6nnek a magyar sz\u00e9ler\u0151m\u0171vek<\/p>\n<p>A teljes magyarorsz\u00e1gi elektromos\u00e1ram-fogyaszt\u00e1s 27,1 sz\u00e1zal\u00e9ka sz\u00e1rmazott napenergi\u00e1b\u00f3l tavaly, ami 5000 megawatt teljes\u00edtm\u00e9nyt jelent. A h\u00e1ztart\u00e1si m\u00e9ret\u0171 naper\u0151m\u0171veken kereszt\u00fcl megjelentek a kistermel\u0151k is, a terhel\u00e9s azonban nem egyenletes.\u00a0Petr\u00f3 arr\u00f3l besz\u00e9lt, hogy ny\u00e1ron 12 \u00f3ra k\u00f6r\u00fcl tipikus a negat\u00edv \u00e1ram\u00e1r a magyar piacon: ilyenkor termel a legt\u00f6bb energi\u00e1t a nap, ami t\u00faltermel\u00e9st okoz.\u00a0<\/p>\n<p>\u201eA h\u00e1ztart\u00e1si kiser\u0151m\u0171vek 2280 megawattot termelnek, de ezt a Mavir nem tudja befoly\u00e1solni, nem is l\u00e1t r\u00e1. A j\u00f6v\u0151ben ink\u00e1bb a sz\u00e9lenergia ar\u00e1nya emelkedhet, ezt t\u00e1mogatja a korm\u00e1ny is, augusztusban j\u00f6n a sz\u00e9ler\u0151m\u0171-tender\u201d \u2013 tette hozz\u00e1. A korm\u00e1ny c\u00e9lja 4777 megawatt szabad kapacit\u00e1s megteremt\u00e9se Magyarorsz\u00e1gon, amelyet sz\u00e9lenergia termel\u00e9s\u00e9re ford\u00edtan\u00e1nak.<\/p>\n<p>A geotermikus energia jelenleg minim\u00e1lis r\u00e9sszel van jelen a magyar villamosenergia-termel\u00e9sben: a turai er\u0151m\u0171 mind\u00f6ssze 2,7 megawattos. Lapunk arr\u00f3l is k\u00e9rdezte az Energrid alap\u00edt\u00f3it, van-e j\u00f6v\u0151je ennek a t\u00edpus\u00fa energiaforr\u00e1snak.\u00a0<\/p>\n<p>\u201eA geotermikus er\u0151m\u0171nek magas a beruh\u00e1z\u00e1si k\u00f6lts\u00e9ge, \u00e9s csak akkor m\u0171k\u00f6dik j\u00f3l, ha lehet mell\u00e9 kieg\u00e9sz\u00edt\u0151 er\u0151m\u0171vet tenni. A f\u00f6ldb\u0151l felj\u00f6v\u0151 v\u00edz h\u0151m\u00e9rs\u00e9klete nem el\u00e9g egy nagynyom\u00e1s\u00fa gener\u00e1tor hajt\u00e1s\u00e1hoz, ez\u00e9rt mindenk\u00e9ppen sz\u00fcks\u00e9g van alaper\u0151m\u0171re is\u201d \u2013 v\u00e1laszolt\u00e1k.<\/p>\n","protected":false},"excerpt":{"rendered":"A h\u0151hull\u00e1m cs\u00facsnapjain a gazdas\u00e1gi \u00e9s energetikai miniszter, Kapit\u00e1ny Istv\u00e1n arra k\u00e9rte a magyar lakoss\u00e1got, hogy cs\u00f6kkents\u00e9k az&hellip;\n","protected":false},"author":2,"featured_media":180701,"comment_status":"","ping_status":"","sticky":false,"template":"","format":"standard","meta":{"footnotes":"","_share_on_mastodon":"0"},"categories":[22],"tags":[3768,73,622,25965,3074,44,42,40,1355,43,41,5175,9090,17992,8672,4735,19263],"class_list":["post-180700","post","type-post","status-publish","format-standard","has-post-thumbnail","category-budapest","tag-aram","tag-budapest","tag-elektromos-aram","tag-europai-unios-palyazatok","tag-globalis-felmelegedes","tag-hu","tag-hungarian","tag-hungary","tag-klimavaltozas","tag-magyar","tag-magyarorszag","tag-megujulo-energia","tag-napelem","tag-palyazatok","tag-szelsoseges-idojaras","tag-vallalatok","tag-villamos-energia"],"share_on_mastodon":{"url":"https:\/\/pubeurope.com\/@hu\/116960094318155339","error":""},"_links":{"self":[{"href":"https:\/\/www.europesays.com\/hu\/wp-json\/wp\/v2\/posts\/180700","targetHints":{"allow":["GET"]}}],"collection":[{"href":"https:\/\/www.europesays.com\/hu\/wp-json\/wp\/v2\/posts"}],"about":[{"href":"https:\/\/www.europesays.com\/hu\/wp-json\/wp\/v2\/types\/post"}],"author":[{"embeddable":true,"href":"https:\/\/www.europesays.com\/hu\/wp-json\/wp\/v2\/users\/2"}],"replies":[{"embeddable":true,"href":"https:\/\/www.europesays.com\/hu\/wp-json\/wp\/v2\/comments?post=180700"}],"version-history":[{"count":0,"href":"https:\/\/www.europesays.com\/hu\/wp-json\/wp\/v2\/posts\/180700\/revisions"}],"wp:featuredmedia":[{"embeddable":true,"href":"https:\/\/www.europesays.com\/hu\/wp-json\/wp\/v2\/media\/180701"}],"wp:attachment":[{"href":"https:\/\/www.europesays.com\/hu\/wp-json\/wp\/v2\/media?parent=180700"}],"wp:term":[{"taxonomy":"category","embeddable":true,"href":"https:\/\/www.europesays.com\/hu\/wp-json\/wp\/v2\/categories?post=180700"},{"taxonomy":"post_tag","embeddable":true,"href":"https:\/\/www.europesays.com\/hu\/wp-json\/wp\/v2\/tags?post=180700"}],"curies":[{"name":"wp","href":"https:\/\/api.w.org\/{rel}","templated":true}]}}