{"id":181367,"date":"2026-07-22T13:13:14","date_gmt":"2026-07-22T13:13:14","guid":{"rendered":"https:\/\/www.europesays.com\/hu\/181367\/"},"modified":"2026-07-22T13:13:14","modified_gmt":"2026-07-22T13:13:14","slug":"index-futball-futball-774","status":"publish","type":"post","link":"https:\/\/www.europesays.com\/hu\/181367\/","title":{"rendered":"Index &#8211; Futball &#8211; Futball"},"content":{"rendered":"<p>Malago elmondta, hogy fizet\u00e9s tekintet\u00e9ben hajland\u00f3k \u201ekiv\u00e9teleket\u201d is tenni az 55 \u00e9ves szt\u00e1redz\u0151 szerz\u0151dtet\u00e9se \u00e9rdek\u00e9ben. Konkr\u00e9t sz\u00e1mot nem eml\u00edtett, de biztos, hogy kiemelked\u0151 juttat\u00e1si csomagot kell a szakember el\u00e9 tenni, hogy egy\u00e1ltal\u00e1n elgondolkozzon a lehet\u0151s\u00e9gen.<\/p>\n<p>Guardiola a m\u00falt szezon v\u00e9g\u00e9n t\u00e1vozott a Manchester Cityt\u0151l, amellyel t\u00edz\u00e9ves regn\u00e1l\u00e1sa alatt<\/p>\n<p>                        hat Premier League-c\u00edmet,<br \/>\n                        h\u00e1rom FA-kup\u00e1t,<br \/>\n                        \u00f6t Ligakup\u00e1t \u00e9s<br \/>\n                        egy Bajnokok Lig\u00e1ja-tr\u00f3fe\u00e1t nyert.<\/p>\n<p>A spanyol tr\u00e9ner a Barcelon\u00e1val k\u00e9tszer gy\u0151z\u00f6tt a BL-ben, \u00e9s a Bayern M\u00fcnchennel is sz\u00e1mos c\u00edmet szerzett.<\/p>\n<p>Gennaro Gattuso \u00e1prilisban mondott le a sz\u00f6vets\u00e9gi kapit\u00e1nyi posztr\u00f3l, miut\u00e1n a n\u00e9gyszeres vil\u00e1gbajnok olasz csapat sorozatban harmadszor sem jutott ki a vil\u00e1gbajnoks\u00e1gra.<\/p>\n<p>Az olasz sajt\u00f3 szerint Guardiola mellett<\/p>\n<p>                        Roberto Mancini, akivel Olaszorsz\u00e1g megnyerte a 2020-as Eur\u00f3pa-bajnoks\u00e1got, \u00e9s<br \/>\n                        a kor\u00e1bbi kiv\u00e1l\u00f3 k\u00f6z\u00e9pp\u00e1ly\u00e1s, Andrea Pirlo is jel\u00f6lt.<\/p>\n<p>Malago err\u0151l azt mondta, vannak m\u00e9g m\u00e1sok is a list\u00e1n, de ez a k\u00e9t szakember abba a kateg\u00f3ri\u00e1ba tartozik, amelyben gondolkoznak.<\/p>\n<p><a href=\"https:\/\/dex.hu\/x.php?id=googlepref_desktop&amp;url=https:\/\/google.com\/preferences\/source?q=https:\/\/index.hu\" class=\"google-pref-banner \" id=\"googlePrefBanner\" rel=\"nofollow noopener\" target=\"_blank\"><\/p>\n<p>    Itt \u00e1ll\u00edtsa be, hogy az Index az els\u0151k k\u00f6z\u00f6tt legyen a Google-tal\u00e1latokban!<\/p>\n<p><\/a><\/p>\n<p>                <a href=\"https:\/\/konyvek.index.hu\/\" target=\"_blank\" rel=\"nofollow noopener\"><br \/>\n                <img decoding=\"async\" src=\"https:\/\/index.hu\/assets\/images\/konyvajanlo\/book_indapress\/book_indapress_logo.svg\" loading=\"lazy\" alt=\"Inda Press Kiad\u00f3\"\/><br \/>\n                <\/a><\/p>\n<p>                <img decoding=\"async\" src=\"https:\/\/www.europesays.com\/hu\/wp-content\/uploads\/2026\/07\/1784725992_690_rossi.png\" loading=\"lazy\" alt=\"Rossi\"\/><\/p>\n<p>Ismerd meg a magyar labdar\u00fag\u00e1s h\u0151s\u00e9nek eml\u00e9kezetes pillanatait!<br \/>Folytassa, Mister!<\/p>\n<p>                <a class=\"book_index_btn\" href=\"https:\/\/indexadhu.hit.gemius.pl\/hitredir\/id=nSCbubuYpDWJZLZs0TssLrbt33Lk5kbipuiZrkg89G3.g7\/stparam=uciklwjurk\/fastid=efdamtuhsxcjschvtzobuxredglq\/nc=0\/url=https:\/\/www.indapresskiado.hu\/products\/marco-rossi?_pos=1&amp;_psq=rossi&amp;_ss=e&amp;_v=1.0\" target=\"_blank\" rel=\"nofollow noopener\">MEGVESZEM<\/a><\/p>\n<p>    <img loading=\"lazy\" decoding=\"async\" src=\"https:\/\/www.europesays.com\/hu\/wp-content\/uploads\/2026\/07\/1784725994_120_nc=0.gif\" border=\"0\" height=\"0\" width=\"0\"\/><\/p>\n<p>    <img decoding=\"async\" src=\"https:\/\/index.hu\/assets\/images\/social-follow\/logo-big.svg\" alt=\"Index.hu logo\"\/><\/p>\n<p>K\u00f6vesse az Indexet Facebookon is!<\/p>\n<p>    <a href=\"https:\/\/facebook.com\/Indexhu\" target=\"_blank\" rel=\"nofollow noopener\"><\/p>\n<p>        K\u00f6vetem!<br \/>\n    <\/a><\/p>\n","protected":false},"excerpt":{"rendered":"Malago elmondta, hogy fizet\u00e9s tekintet\u00e9ben hajland\u00f3k \u201ekiv\u00e9teleket\u201d is tenni az 55 \u00e9ves szt\u00e1redz\u0151 szerz\u0151dtet\u00e9se \u00e9rdek\u00e9ben. Konkr\u00e9t sz\u00e1mot nem&hellip;\n","protected":false},"author":2,"featured_media":181368,"comment_status":"","ping_status":"","sticky":false,"template":"","format":"standard","meta":{"footnotes":"","_share_on_mastodon":"0"},"categories":[14],"tags":[1535,44,42,40,502,43,41,16615,428,14071,45,131],"class_list":["post-181367","post","type-post","status-publish","format-standard","has-post-thumbnail","category-sport","tag-fizetes","tag-hu","tag-hungarian","tag-hungary","tag-labdarugas","tag-magyar","tag-magyarorszag","tag-olasz-valogatott","tag-olaszorszag","tag-pep-guardiola","tag-sport","tag-sports"],"share_on_mastodon":{"url":"https:\/\/pubeurope.com\/@hu\/116963810132595466","error":""},"_links":{"self":[{"href":"https:\/\/www.europesays.com\/hu\/wp-json\/wp\/v2\/posts\/181367","targetHints":{"allow":["GET"]}}],"collection":[{"href":"https:\/\/www.europesays.com\/hu\/wp-json\/wp\/v2\/posts"}],"about":[{"href":"https:\/\/www.europesays.com\/hu\/wp-json\/wp\/v2\/types\/post"}],"author":[{"embeddable":true,"href":"https:\/\/www.europesays.com\/hu\/wp-json\/wp\/v2\/users\/2"}],"replies":[{"embeddable":true,"href":"https:\/\/www.europesays.com\/hu\/wp-json\/wp\/v2\/comments?post=181367"}],"version-history":[{"count":0,"href":"https:\/\/www.europesays.com\/hu\/wp-json\/wp\/v2\/posts\/181367\/revisions"}],"wp:featuredmedia":[{"embeddable":true,"href":"https:\/\/www.europesays.com\/hu\/wp-json\/wp\/v2\/media\/181368"}],"wp:attachment":[{"href":"https:\/\/www.europesays.com\/hu\/wp-json\/wp\/v2\/media?parent=181367"}],"wp:term":[{"taxonomy":"category","embeddable":true,"href":"https:\/\/www.europesays.com\/hu\/wp-json\/wp\/v2\/categories?post=181367"},{"taxonomy":"post_tag","embeddable":true,"href":"https:\/\/www.europesays.com\/hu\/wp-json\/wp\/v2\/tags?post=181367"}],"curies":[{"name":"wp","href":"https:\/\/api.w.org\/{rel}","templated":true}]}}