{"id":181893,"date":"2026-07-22T22:55:09","date_gmt":"2026-07-22T22:55:09","guid":{"rendered":"https:\/\/www.europesays.com\/hu\/181893\/"},"modified":"2026-07-22T22:55:09","modified_gmt":"2026-07-22T22:55:09","slug":"index-kultur-tom-hiddleston-valodi-pompeji-sorsokat-elevenit-fel-a-national-geographic-uj-sorozataban","status":"publish","type":"post","link":"https:\/\/www.europesays.com\/hu\/181893\/","title":{"rendered":"Index &#8211; Kult\u00far &#8211; Tom Hiddleston val\u00f3di pompeji sorsokat eleven\u00edt fel a National Geographic \u00faj sorozat\u00e1ban"},"content":{"rendered":"<p>A sorozat f\u0151szerepl\u0151je \u00e9s narr\u00e1tora Tom Hiddleston, aki klasszika-filol\u00f3gusk\u00e9nt v\u00e9gzett, \u00e9s tin\u00e9dzserkori pompeji l\u00e1togat\u00e1sa \u00f3ta rajong a t\u00e9m\u00e1\u00e9rt. A sz\u00edn\u00e9sz a forgat\u00e1s sor\u00e1n r\u00e9g\u00e9szekkel, t\u00f6rt\u00e9n\u00e9szekkel \u00e9s m\u00e1s szak\u00e9rt\u0151kkel besz\u00e9lget a helysz\u00edneken, hogy min\u00e9l hitelesebben rekonstru\u00e1lj\u00e1k a katasztr\u00f3fa \u00f3r\u00e1it.<\/p>\n<p>A sorozat egyik tudom\u00e1nyos tan\u00e1csad\u00f3ja, Steven Tuck t\u00f6rt\u00e9n\u00e9sz a <a href=\"https:\/\/divany.hu\/vilagom\/2026\/07\/21\/pompeji-tuleloinek-igaz-tortenete\/\" id=\"hyperlink_1236dcd8b624729cf47daf79c3725985\" rel=\"nofollow noopener\" target=\"_blank\">D\u00edv\u00e1nynak<\/a> nyilatkozott a produkci\u00f3r\u00f3l \u00e9s saj\u00e1t kutat\u00e1sair\u00f3l. Tuck egy \u00e9vtizedes munk\u00e1val \u00e1ll\u00edtotta \u00f6ssze azt az adatb\u00e1zist, amely Pompeji t\u00fal\u00e9l\u0151inek nyom\u00e1t k\u00f6veti: pompeji lakosok neveit vetette \u00f6ssze a Vez\u00fav kit\u00f6r\u00e9se ut\u00e1ni \u00e9vekben keletkezett, m\u00e1s r\u00f3mai v\u00e1rosokb\u00f3l sz\u00e1rmaz\u00f3 dokumentumokkal, \u00f6sszesen 48 telep\u00fcl\u00e9sen keresve. Mint elmondta,<\/p>\n<p>nagyon sok minden hi\u00e1nyzik Pompejib\u0151l ahhoz k\u00e9pest, hogy \u00fagy tudtuk, mindenkit maga al\u00e1 temetett a vulk\u00e1n<\/p>\n<p>\u2013 utalva az \u00fcresen tal\u00e1lt ist\u00e1ll\u00f3kra \u00e9s p\u00e1nc\u00e9lszekr\u00e9nyekre, amelyek arra utalnak, hogy sokan id\u0151ben elmenek\u00fcltek. Tuck szerint a r\u00e9g\u00e9szeti felt\u00e1r\u00e1s m\u00e9g kor\u00e1ntsem \u00e9rt v\u00e9get: Pompeji egyharmada, valamint a v\u00e1roson k\u00edv\u00fcli ter\u00fcletek nagy r\u00e9sze tov\u00e1bbra is felt\u00e1ratlan, \u00edgy \u201ebiztosan kider\u00fclnek m\u00e9g \u00fajdons\u00e1gok\u201d a j\u00f6v\u0151ben.<\/p>\n<p>A sorozat harmadik kulcsszerepl\u0151j\u00e9r\u0151l, Julia Felixr\u0151l Caitie Barrett amerikai r\u00e9g\u00e9sz besz\u00e9lt a <a href=\"http:\/\/femina.hu\/utazas\/pompeji-nok-tortenete-regesz-interju\/\" id=\"hyperlink_18e87e6cece1ebf21f2e08b99fad7e41\" rel=\"nofollow noopener\" target=\"_blank\" title=\"Nem \u00fagy \u00e9ltek a pompeji n\u0151k, ahogy sokan gondolj\u00e1k: exkluz\u00edv interj\u00fa a Tom Hiddleston-sorozat r\u00e9g\u00e9sz\u00e9vel\">Femin\u00e1nak<\/a>, aki a Casa della Regina Carolina \u00e1sat\u00e1s\u00e1nak t\u00e1rsigazgat\u00f3ja. Barrett szerint Julia egy fennmaradt felirat alapj\u00e1n ismerhet\u0151 meg, amelyben b\u00e9rbe adott helyis\u00e9geket hirdetett meg saj\u00e1t birtok\u00e1n \u2013 a sz\u00f6veg sz\u00f3haszn\u00e1lata pedig arra utalhat, hogy szabad sz\u00fclet\u00e9s\u0171 volt, de nem el\u0151kel\u0151 csal\u00e1db\u00f3l sz\u00e1rmazott. Ahogy Barrett fogalmazott, Julia \u201eegy\u00e9rtelm\u0171en rendk\u00edv\u00fcl sikeress\u00e9 v\u00e1lt\u201d \u00fagy, hogy k\u00f6zben nem arisztokrata h\u00e1tt\u00e9rb\u0151l \u00e9rkezett, \u00edgy a korabeli t\u00e1rsadalmi mobilit\u00e1s kiv\u00e1l\u00f3 p\u00e9ld\u00e1ja. Birtok\u00e1n egy \u00cdzisz istenn\u0151nek szentelt szent\u00e9lyt is tal\u00e1ltak, ami a r\u00e9g\u00e9sz szerint j\u00f3l mutatja, mennyire szoros kapcsolatban \u00e1llt Pompeji a t\u00e1gabb mediterr\u00e1n \u00e9s egyiptomi vil\u00e1ggal.<\/p>\n<p>Mind Tuck, mind Barrett hangs\u00falyozta: a sorozat a rendelkez\u00e9sre \u00e1ll\u00f3 r\u00e9g\u00e9szeti \u00e9s t\u00f6rt\u00e9nelmi bizony\u00edt\u00e9kokra \u00e9p\u00fcl, a hi\u00e1nyz\u00f3 r\u00e9szleteket pedig tudatosan jel\u00f6lt fikci\u00f3val eg\u00e9sz\u00edti ki, hogy az \u00e1ldozatok \u00e9s t\u00fal\u00e9l\u0151k t\u00f6rt\u00e9net\u00e9t min\u00e9l emberk\u00f6zelibb form\u00e1ban mutassa be a n\u00e9z\u0151knek.<\/p>\n<p>\n                          (Bor\u00edt\u00f3k\u00e9p:\u00a0Tom Hiddleston Pompeii: Egy v\u00e1ros titkos \u00e9lete c\u00edm\u0171 sorozat premierj\u00e9n. Fot\u00f3: Northfoto)\n                        <\/p>\n<p><a href=\"https:\/\/dex.hu\/x.php?id=googlepref_desktop&amp;url=https:\/\/google.com\/preferences\/source?q=https:\/\/index.hu\" class=\"google-pref-banner \" id=\"googlePrefBanner\" rel=\"nofollow noopener\" target=\"_blank\"><\/p>\n<p>    Itt \u00e1ll\u00edtsa be, hogy az Index az els\u0151k k\u00f6z\u00f6tt legyen a Google-tal\u00e1latokban!<\/p>\n<p><\/a><\/p>\n<p>    <img decoding=\"async\" src=\"https:\/\/index.hu\/assets\/images\/social-follow\/logo-big.svg\" alt=\"Index.hu logo\"\/><\/p>\n<p>K\u00f6vesse az Indexet Facebookon is!<\/p>\n<p>    <a href=\"https:\/\/facebook.com\/Indexhu\" target=\"_blank\" rel=\"nofollow noopener\"><\/p>\n<p>        K\u00f6vetem!<br \/>\n    <\/a><\/p>\n","protected":false},"excerpt":{"rendered":"A sorozat f\u0151szerepl\u0151je \u00e9s narr\u00e1tora Tom Hiddleston, aki klasszika-filol\u00f3gusk\u00e9nt v\u00e9gzett, \u00e9s tin\u00e9dzserkori pompeji l\u00e1togat\u00e1sa \u00f3ta rajong a t\u00e9m\u00e1\u00e9rt.&hellip;\n","protected":false},"author":2,"featured_media":181894,"comment_status":"","ping_status":"","sticky":false,"template":"","format":"standard","meta":{"footnotes":"","_share_on_mastodon":"0"},"categories":[21],"tags":[52082,198,3748,137,199,44,42,40,150,43,41,7033,22045,52081,138,52080],"class_list":["post-181893","post","type-post","status-publish","format-standard","has-post-thumbnail","category-hiressegek","tag-caitie-barrett","tag-celebrities","tag-disney","tag-entertainment","tag-hiressegek","tag-hu","tag-hungarian","tag-hungary","tag-kultur","tag-magyar","tag-magyarorszag","tag-national-geographic","tag-pompeji","tag-steven-tuck","tag-szorakozas","tag-tom-hiddleston"],"share_on_mastodon":{"url":"https:\/\/pubeurope.com\/@hu\/116966098637553717","error":""},"_links":{"self":[{"href":"https:\/\/www.europesays.com\/hu\/wp-json\/wp\/v2\/posts\/181893","targetHints":{"allow":["GET"]}}],"collection":[{"href":"https:\/\/www.europesays.com\/hu\/wp-json\/wp\/v2\/posts"}],"about":[{"href":"https:\/\/www.europesays.com\/hu\/wp-json\/wp\/v2\/types\/post"}],"author":[{"embeddable":true,"href":"https:\/\/www.europesays.com\/hu\/wp-json\/wp\/v2\/users\/2"}],"replies":[{"embeddable":true,"href":"https:\/\/www.europesays.com\/hu\/wp-json\/wp\/v2\/comments?post=181893"}],"version-history":[{"count":0,"href":"https:\/\/www.europesays.com\/hu\/wp-json\/wp\/v2\/posts\/181893\/revisions"}],"wp:featuredmedia":[{"embeddable":true,"href":"https:\/\/www.europesays.com\/hu\/wp-json\/wp\/v2\/media\/181894"}],"wp:attachment":[{"href":"https:\/\/www.europesays.com\/hu\/wp-json\/wp\/v2\/media?parent=181893"}],"wp:term":[{"taxonomy":"category","embeddable":true,"href":"https:\/\/www.europesays.com\/hu\/wp-json\/wp\/v2\/categories?post=181893"},{"taxonomy":"post_tag","embeddable":true,"href":"https:\/\/www.europesays.com\/hu\/wp-json\/wp\/v2\/tags?post=181893"}],"curies":[{"name":"wp","href":"https:\/\/api.w.org\/{rel}","templated":true}]}}