{"id":182565,"date":"2026-07-23T13:22:07","date_gmt":"2026-07-23T13:22:07","guid":{"rendered":"https:\/\/www.europesays.com\/hu\/182565\/"},"modified":"2026-07-23T13:22:07","modified_gmt":"2026-07-23T13:22:07","slug":"telex-a-rendorseg-segitsegevel-felallt-a-munkacsoport-ami-budapest-kozteruleti-problemait-kezelne","status":"publish","type":"post","link":"https:\/\/www.europesays.com\/hu\/182565\/","title":{"rendered":"Telex: A rend\u0151rs\u00e9g seg\u00edts\u00e9g\u00e9vel fel\u00e1llt a munkacsoport, ami Budapest k\u00f6zter\u00fcleti probl\u00e9m\u00e1it kezeln\u00e9"},"content":{"rendered":"<p>Hamarosan elindul a K\u00f6zter\u00fcleti Koordin\u00e1ci\u00f3s Munkacsoport, ami a f\u0151v\u00e1ros k\u00f6zter\u00fcletein tapasztalhat\u00f3 probl\u00e9m\u00e1kat orvosoln\u00e1 \u2013 <a href=\"https:\/\/www.facebook.com\/karacsonygergely\" target=\"_blank\" rel=\"nofollow noopener\">jelentette be<\/a> Kar\u00e1csony Gergely f\u0151polg\u00e1rmester. A munkacsoportban rendszeresen egyeztetnek majd az \u00e9rintett ker\u00fcletek, az \u00e1llami szervek, a rend\u0151rs\u00e9g, valamint a k\u00f6zter\u00fcleti, szoci\u00e1lis \u00e9s eg\u00e9szs\u00e9g\u00fcgyi szakmai szervezetek a v\u00e1ros k\u00f6zter\u00fcleti probl\u00e9m\u00e1inak kezel\u00e9s\u00e9r\u0151l, \u00edrta Kar\u00e1csony.<\/p>\n<p>A munkacsoport azut\u00e1n \u00e1ll fel, hogy a m\u00falt h\u00e9ten t\u00f6bb budapesti bels\u0151 ker\u00fclet polg\u00e1rmestere is felsz\u00f3lalt a t\u00e9m\u00e1val kapcsolatban. A k\u00e9rd\u00e9sk\u00f6rrel a h\u00e9ten <a href=\"https:\/\/telex.hu\/belfold\/2026\/07\/21\/budapest-kozbiztonsag-rendorseg\" class=\"\" rel=\"nofollow noopener\" target=\"_blank\">ebben a cikkben foglalkoztunk<\/a>.<\/p>\n<p>A ker\u00fcletek <a href=\"https:\/\/telex.hu\/belfold\/2026\/07\/15\/budapest-erzsebetvaros-niedermuller-peter-kozbiztonsag-kormany-szocialis-krizis\" class=\"\" rel=\"nofollow noopener\" target=\"_blank\">ny\u00edlt levelet \u00edrtak Kar\u00e1csony Gergelynek<\/a> azzal kapcsolatban, hogy egyre t\u00f6bb kiszolg\u00e1ltatott, szerhaszn\u00e1l\u00f3 ember v\u00e1lik l\u00e1that\u00f3v\u00e1 a k\u00f6zter\u00fcleteken, ami nem csak m\u00e9ly szoci\u00e1lis kr\u00edzisr\u0151l tan\u00faskodik, hanem a v\u00e1rosi lakoss\u00e1got is aggodalommal t\u00f6lti el. A VI., a VII., a VIII. \u00e9s a IX. ker\u00fclet vezet\u0151j\u00e9hez most <a href=\"https:\/\/www.facebook.com\/drtothjozsef\/posts\/pfbid02cypyxdeFic7BZFi2CTWzPbhcet44rZ7c169ong3NNegPd4NQJQdLM6R2biZYQRb1l?locale=hu_HU\" target=\"_blank\" rel=\"nofollow noopener\">csatlakozott<\/a> T\u00f3th J\u00f3zsef XIII. ker\u00fcleti polg\u00e1rmester is, szerint\u00fck romlik a k\u00f6zbiztons\u00e1g a f\u0151v\u00e1rosban.<\/p>\n<p>Kar\u00e1csony a m\u00falt h\u00e9ten <a href=\"https:\/\/telex.hu\/belfold\/2026\/07\/16\/karacsony-gergely-budapest-hajlektalansag-szocialis-problemak-orszagos-melyszegenyseg\" class=\"\" rel=\"nofollow noopener\" target=\"_blank\">\u00fagy reag\u00e1lt<\/a> a polg\u00e1rmesterek felvet\u00e9s\u00e9re, hogy: \u201eHa jav\u00edtani akarunk a budapesti k\u00f6zbiztons\u00e1got, akkor el\u0151sz\u00f6r meg kell \u00e9rten\u00fcnk, hogy a lakoss\u00e1got joggal zavar\u00f3 jelens\u00e9gek egy jelent\u0151s r\u00e9sze val\u00f3j\u00e1ban nem rend\u00e9szeti, hanem szoci\u00e1lis k\u00e9rd\u00e9s, \u00e9s els\u0151sorban nem is budapesti, hanem orsz\u00e1gos.\u201d<\/p>\n<p>A f\u0151polg\u00e1rmester szerint az elm\u00falt 16 \u00e9vben antiszoci\u00e1lis korm\u00e1nyz\u00e1s zajlott, aminek \u201etragikus k\u00f6vetkezm\u00e9nye, a m\u00e9lyszeg\u00e9nys\u00e9g, az \u00e1llami gondozott fiatalokat a hajl\u00e9ktalans\u00e1gba tasz\u00edt\u00f3 \u00bbgyermekv\u00e9delem\u00ab, a v\u00e9gtelen ostoba \u00e9s kudarcos drogpolitika, az addiktol\u00f3giai \u00e9s pszichi\u00e1triai ell\u00e1t\u00e1s \u00f6sszeoml\u00e1sa\u201d. Szerinte az el\u0151z\u0151 korm\u00e1ny hib\u00e1it most k\u00f6z\u00f6sen kell orvosolni.<\/p>\n","protected":false},"excerpt":{"rendered":"Hamarosan elindul a K\u00f6zter\u00fcleti Koordin\u00e1ci\u00f3s Munkacsoport, ami a f\u0151v\u00e1ros k\u00f6zter\u00fcletein tapasztalhat\u00f3 probl\u00e9m\u00e1kat orvosoln\u00e1 \u2013 jelentette be Kar\u00e1csony Gergely&hellip;\n","protected":false},"author":2,"featured_media":182566,"comment_status":"","ping_status":"","sticky":false,"template":"","format":"standard","meta":{"footnotes":"","_share_on_mastodon":"0"},"categories":[22],"tags":[80,73,44,42,40,457,27563,52199,43,41],"class_list":["post-182565","post","type-post","status-publish","format-standard","has-post-thumbnail","category-budapest","tag-belfold","tag-budapest","tag-hu","tag-hungarian","tag-hungary","tag-karacsony-gergely","tag-kozbiztonsag","tag-kozteruleti-koordinacios-munkacsoport","tag-magyar","tag-magyarorszag"],"share_on_mastodon":{"url":"https:\/\/pubeurope.com\/@hu\/116969507875771319","error":""},"_links":{"self":[{"href":"https:\/\/www.europesays.com\/hu\/wp-json\/wp\/v2\/posts\/182565","targetHints":{"allow":["GET"]}}],"collection":[{"href":"https:\/\/www.europesays.com\/hu\/wp-json\/wp\/v2\/posts"}],"about":[{"href":"https:\/\/www.europesays.com\/hu\/wp-json\/wp\/v2\/types\/post"}],"author":[{"embeddable":true,"href":"https:\/\/www.europesays.com\/hu\/wp-json\/wp\/v2\/users\/2"}],"replies":[{"embeddable":true,"href":"https:\/\/www.europesays.com\/hu\/wp-json\/wp\/v2\/comments?post=182565"}],"version-history":[{"count":0,"href":"https:\/\/www.europesays.com\/hu\/wp-json\/wp\/v2\/posts\/182565\/revisions"}],"wp:featuredmedia":[{"embeddable":true,"href":"https:\/\/www.europesays.com\/hu\/wp-json\/wp\/v2\/media\/182566"}],"wp:attachment":[{"href":"https:\/\/www.europesays.com\/hu\/wp-json\/wp\/v2\/media?parent=182565"}],"wp:term":[{"taxonomy":"category","embeddable":true,"href":"https:\/\/www.europesays.com\/hu\/wp-json\/wp\/v2\/categories?post=182565"},{"taxonomy":"post_tag","embeddable":true,"href":"https:\/\/www.europesays.com\/hu\/wp-json\/wp\/v2\/tags?post=182565"}],"curies":[{"name":"wp","href":"https:\/\/api.w.org\/{rel}","templated":true}]}}