{"id":182805,"date":"2026-07-23T17:18:07","date_gmt":"2026-07-23T17:18:07","guid":{"rendered":"https:\/\/www.europesays.com\/hu\/182805\/"},"modified":"2026-07-23T17:18:07","modified_gmt":"2026-07-23T17:18:07","slug":"magyar-peter-szembefordult-brusszellel-uj-ado-fenyegeti-az-autosokat-es-a-rezsicsokkentest-kirobbant-a-lazadas","status":"publish","type":"post","link":"https:\/\/www.europesays.com\/hu\/182805\/","title":{"rendered":"Magyar P\u00e9ter szembefordult Br\u00fcsszellel: \u00faj ad\u00f3 fenyegeti az aut\u00f3sokat \u00e9s a rezsics\u00f6kkent\u00e9st, kirobbant a l\u00e1zad\u00e1s"},"content":{"rendered":"<p data-alignment=\"left\" class=\"text-left\" data-block-key=\"5n9rb\">Magyarorsz\u00e1g kilenc m\u00e1sik uni\u00f3s tag\u00e1llammal k\u00f6z\u00f6sen <a href=\"https:\/\/www.reuters.com\/business\/energy\/ten-countries-urge-eu-rethink-new-carbon-price-fuel-2026-07-15\/\" target=\"_blank\" rel=\" noopener noreferrer nofollow\">azt k\u00f6veteli<\/a> az Eur\u00f3pai Uni\u00f3t\u00f3l, hogy gondolja \u00fajra az \u00e9p\u00fcletek \u00e9s a k\u00f6z\u00fati k\u00f6zleked\u00e9s kibocs\u00e1t\u00e1s\u00e1ra 2028-t\u00f3l kiterjed\u0151 \u00faj karbon\u00e1raz\u00e1si rendszert.<\/p>\n<p data-alignment=\"left\" class=\"text-left\" data-block-key=\"dtgln\">Az Olaszorsz\u00e1g, Lengyelorsz\u00e1g, Bulg\u00e1ria, Ciprus, Csehorsz\u00e1g, \u00c9sztorsz\u00e1g, G\u00f6r\u00f6gorsz\u00e1g, Magyarorsz\u00e1g, Rom\u00e1nia \u00e9s Szlov\u00e1kia \u00e1ltal al\u00e1\u00edrt k\u00f6z\u00f6s \u00e1ll\u00e1sfoglal\u00e1s szerint a jelenlegi gazdas\u00e1gi \u00e9s geopolitikai k\u00f6rnyezetben az eur\u00f3pai polg\u00e1rokat nem lehet \u00fajabb kl\u00edmaad\u00f3kkal terhelni. A t\u00edz orsz\u00e1g ez\u00e9rt azt k\u00e9rte, hogy az Eur\u00f3pai Bizotts\u00e1g az uni\u00f3s kibocs\u00e1t\u00e1skereskedelmi rendszer mostani fel\u00fclvizsg\u00e1lata sor\u00e1n az ETS2 eg\u00e9sz\u00e9t is nyissa \u00fajra.<\/p>\n<p>  <a rel=\"noopener nofollow\" href=\"https:\/\/indamediasales.hu\/2019\/06\/25\/quality_placement_minosegbiztositasi_tajekoztato_728\" target=\"_blank\" class=\"flex items-center\"><\/p>\n<p>      <img loading=\"lazy\" decoding=\"async\" src=\"https:\/\/www.economx.hu\/neon\/static\/images\/brand\/quality_placement_logo.svg\" alt=\"Quality Placement\" width=\"150\" height=\"15\"\/><\/p>\n<p>  <\/a><\/p>\n<p>\n  hirdet\u00e9s<\/p>\n<p>    X<\/p>\n<p data-alignment=\"left\" class=\"text-left\" data-block-key=\"crf7r\">A kezdem\u00e9nyez\u00e9s az\u00e9rt jelent komoly politikai kih\u00edv\u00e1st az Eur\u00f3pai Bizotts\u00e1gnak, mert a r\u00e9sztvev\u0151 orsz\u00e1goknak egy\u00fcttesen elegend\u0151 szavazati s\u00falyuk lehet ahhoz, hogy blokkolj\u00e1k az \u00e1ltaluk elfogadhatatlannak tartott m\u00f3dos\u00edt\u00e1sokat. A kialakul\u00f3 konfliktus r\u00e1ad\u00e1sul nem \u00edrhat\u00f3 le egyszer\u0171en kelet-nyugati t\u00f6r\u00e9svonalk\u00e9nt: a k\u00f6z\u00e9p- \u00e9s kelet-eur\u00f3pai orsz\u00e1gok mell\u00e9 Olaszorsz\u00e1g, G\u00f6r\u00f6gorsz\u00e1g \u00e9s Ciprus is felsorakozott, mik\u00f6zben az ETS2 leger\u0151sebb t\u00e1mogat\u00f3i k\u00f6z\u00f6tt N\u00e9metorsz\u00e1g \u00e9s Sv\u00e9dorsz\u00e1g tal\u00e1lhat\u00f3.<\/p>\n<p data-alignment=\"left\" class=\"text-left\" data-block-key=\"4ys0z\">Magyar P\u00e9ter korm\u00e1nya az uni\u00f3s kapcsolatok rendez\u00e9s\u00e9vel, a befagyasztott forr\u00e1sok megszerz\u00e9s\u00e9vel \u00e9s az Orb\u00e1n-korszak \u00e1lland\u00f3 v\u00e9t\u00f3politik\u00e1j\u00e1nak lez\u00e1r\u00e1s\u00e1val kamp\u00e1nyolt. N\u00e9h\u00e1ny h\u00f3nappal a hatalom\u00e1tv\u00e9tel ut\u00e1n azonban \u00e9ppen egy olyan k\u00e9rd\u00e9sben \u00e1llt egy Br\u00fcsszellel szemben szervez\u0151d\u0151 blokk \u00e9l\u00e9re, amely k\u00f6zvetlen\u00fcl \u00e9rintheti a magyar h\u00e1ztart\u00e1sok rezsisz\u00e1ml\u00e1it \u00e9s az aut\u00f3sok kiad\u00e1sait.<\/p>\n<p>      Nem klasszikus ad\u00f3, de a fogyaszt\u00f3 fizetheti meg<\/p>\n<p data-alignment=\"left\" class=\"text-left\" data-block-key=\"7to3i\">Az ETS2 az Eur\u00f3pai Uni\u00f3 jelenlegi kibocs\u00e1t\u00e1skereskedelmi rendszer\u00e9t\u0151l elk\u00fcl\u00f6n\u00fcl\u0151 \u00faj karbonpiac lenne. A jelenlegi ETS1-ben els\u0151sorban er\u0151m\u0171veknek, energiaintenz\u00edv ipari v\u00e1llalatoknak, l\u00e9git\u00e1rsas\u00e1goknak \u00e9s haj\u00f3z\u00e1si c\u00e9geknek kell kibocs\u00e1t\u00e1si egys\u00e9geket v\u00e1s\u00e1rolniuk az \u00e1ltaluk termelt sz\u00e9n-dioxid ut\u00e1n. Az <a href=\"https:\/\/climate.ec.europa.eu\/eu-action\/carbon-markets\/ets2-buildings-road-transport-and-additional-sectors_en\" target=\"_blank\" rel=\" noopener noreferrer nofollow\">ETS2<\/a> ezzel szemben az \u00e9p\u00fcletekben, a k\u00f6z\u00fati k\u00f6zleked\u00e9sben \u00e9s n\u00e9h\u00e1ny kisebb ipari \u00e1gazatban el\u00e9getett fosszilis t\u00fczel\u0151anyagokat vonn\u00e1 be a rendszerbe.<\/p>\n<p data-alignment=\"left\" class=\"text-left\" data-block-key=\"cco5h\">A kv\u00f3tav\u00e1s\u00e1rl\u00e1si k\u00f6telezetts\u00e9get nem k\u00f6zvetlen\u00fcl az aut\u00f3sokra vagy a lak\u00e1stulajdonosokra terheln\u00e9k. Az \u00fczemanyagok \u00e9s energiahordoz\u00f3k forgalmaz\u00f3inak kellene nyomon k\u00f6vetni\u00fck az \u00e1ltaluk \u00e9rt\u00e9kes\u00edtett term\u00e9kekhez kapcsol\u00f3d\u00f3 kibocs\u00e1t\u00e1st, majd ugyanekkora mennyis\u00e9g\u0171 karbonkv\u00f3t\u00e1t leadniuk.<\/p>\n<p data-alignment=\"left\" class=\"text-left\" data-block-key=\"g6xmp\">\u00c9ppen ez\u00e9rt jogilag ez nem egy hagyom\u00e1nyos, k\u00f6lts\u00e9gvet\u00e9sbe fizetett egys\u00e9ges uni\u00f3s ad\u00f3. Gazdas\u00e1gi hat\u00e1s\u00e1t tekintve azonban nagyon hasonl\u00f3an m\u0171k\u00f6dhet: az \u00fczemanyag- \u00e9s energiaszolg\u00e1ltat\u00f3k v\u00e1rhat\u00f3an be\u00e9p\u00edtik a kv\u00f3t\u00e1k k\u00f6lts\u00e9g\u00e9t az \u00e1raikba. A v\u00e9gs\u0151 terhet \u00edgy els\u0151sorban azok a h\u00e1ztart\u00e1sok viselhetik, amelyek benzines vagy d\u00edzelaut\u00f3t haszn\u00e1lnak, f\u00f6ldg\u00e1zzal, f\u0171t\u0151olajjal vagy sz\u00e9nnel f\u0171tenek, \u00e9s nem rendelkeznek elegend\u0151 p\u00e9nzzel elektromos aut\u00f3, h\u0151szivatty\u00fa, szigetel\u00e9s vagy m\u00e1s energiahat\u00e9konys\u00e1gi beruh\u00e1z\u00e1s finansz\u00edroz\u00e1s\u00e1ra.<\/p>\n<p data-alignment=\"left\" class=\"text-left\" data-block-key=\"5cp1a\">Az ETS2 kibocs\u00e1t\u00e1si plafonj\u00e1t \u00fagy alak\u00edtj\u00e1k ki, hogy az \u00e9rintett \u00e1gazatok uni\u00f3s kibocs\u00e1t\u00e1sa 2030-ra 42 sz\u00e1zal\u00e9kkal cs\u00f6kkenjen a 2005-\u00f6s szinthez k\u00e9pest. Mivel az el\u00e9rhet\u0151 kv\u00f3t\u00e1k mennyis\u00e9ge \u00e9vr\u0151l \u00e9vre apad, a rendszer nem egyszeri \u00e1remel\u00e9sre, hanem tart\u00f3san er\u0151s\u00f6d\u0151 gazdas\u00e1gi \u00f6szt\u00f6nz\u00e9sre \u00e9p\u00fcl.<\/p>\n<p>Ennyivel dr\u00e1gulhat a benzin, a g\u00e1zolaj \u00e9s a f\u00f6ldg\u00e1z<\/p>\n<p data-alignment=\"left\" class=\"text-left\" data-block-key=\"342uc\">A pontos fogyaszt\u00f3i \u00e1remelked\u00e9s m\u00e9rt\u00e9ke f\u00fcgg a karbonkv\u00f3t\u00e1k j\u00f6v\u0151beni \u00e1r\u00e1t\u00f3l, a forint \u00e1rfolyam\u00e1t\u00f3l, az ad\u00f3rendszert\u0151l \u00e9s att\u00f3l is, hogy az \u00e1llam vagy a szolg\u00e1ltat\u00f3k mekkora r\u00e9szt v\u00e1llalnak \u00e1t a k\u00f6lts\u00e9gekb\u0151l.<\/p>\n<p data-alignment=\"left\" class=\"text-left\" data-block-key=\"dg43o\">Egy tonn\u00e1nk\u00e9nti 45 eur\u00f3s karbon\u00e1r hozz\u00e1vet\u0151leg:<\/p>\n<p>10 eur\u00f3centtel emelheti egy liter benzin \u00e1r\u00e1t,11\u201312 eur\u00f3centtel dr\u00e1g\u00edthatja a g\u00e1zolajat,k\u00f6r\u00fclbel\u00fcl 9 eur\u00f3centtel n\u00f6velheti egy k\u00f6bm\u00e9ter f\u00f6ldg\u00e1z k\u00f6lts\u00e9g\u00e9t.<\/p>\n<p data-alignment=\"left\" class=\"text-left\" data-block-key=\"b5zh9\">Egy kerek, 400 forintos eur\u00f3\u00e1rfolyammal sz\u00e1molva a 45 eur\u00f3s karbon\u00e1r \u00f6nmag\u00e1ban hozz\u00e1vet\u0151leg 40 forinttal dr\u00e1g\u00edthatn\u00e1 a benzint, 45\u201350 forinttal a g\u00e1zolajat \u00e9s k\u00f6r\u00fclbel\u00fcl 35 forinttal a f\u00f6ldg\u00e1z k\u00f6bm\u00e9ter\u00e9t.<\/p>\n<p data-alignment=\"left\" class=\"text-left\" data-block-key=\"7s5n8\">Az Eur\u00f3pai Bizotts\u00e1g kor\u00e1bbi becsl\u00e9se 2030-ra 2015-\u00f6s \u00e1rakon 48 eur\u00f3 k\u00f6r\u00fcli kv\u00f3ta\u00e1rral sz\u00e1molt, ami az infl\u00e1ci\u00f3val korrig\u00e1lva k\u00f6r\u00fclbel\u00fcl 69 eur\u00f3s nomin\u00e1lis \u00e1rszintnek felelhet meg. A piaci elemz\u0151i becsl\u00e9sek azonban enn\u00e9l j\u00f3val sz\u00e9lesebb tartom\u00e1nyban mozognak jelenleg.<\/p>\n<p data-alignment=\"left\" class=\"text-left\" data-block-key=\"2a1nv\">Egy modellez\u00e9s szerint az ETS2 teljes bevezet\u00e9se \u00e9vi 300\u2013500 eur\u00f3val <a href=\"https:\/\/www.reuters.com\/sustainability\/boards-policy-regulation\/europe-is-planning-carbon-pricing-revolution-why-does-no-one-know-about-it--ecmii-2026-04-14\/\" target=\"_blank\" rel=\" noopener noreferrer nofollow\">n\u00f6velheti<\/a> egy \u00e1tlagos uni\u00f3s h\u00e1ztart\u00e1s meg\u00e9lhet\u00e9si k\u00f6lts\u00e9geit. A hat\u00e1s azonban rendk\u00edv\u00fcl egyenl\u0151tlen lehet: a kisebb j\u00f6vedelm\u0171, vid\u00e9ki, egyed\u00fcl\u00e1ll\u00f3 \u00e9s rossz energiahat\u00e9konys\u00e1g\u00fa ingatlanban \u00e9l\u0151 h\u00e1ztart\u00e1sokat az \u00e1tlagn\u00e1l s\u00falyosabban \u00e9rintheti.<\/p>\n<p>      Magyarorsz\u00e1gon a vid\u00e9ki ing\u00e1z\u00f3k ker\u00fclhetnek a legnehezebb helyzetbe<\/p>\n<p data-alignment=\"left\" class=\"text-left\" data-block-key=\"8bfcd\">Az ETS2 alapvet\u0151 c\u00e9lja, hogy megv\u00e1ltoztassa a fogyaszt\u00f3i \u00e9s beruh\u00e1z\u00e1si d\u00f6nt\u00e9seket. A fosszilis f\u0171t\u00e9s \u00e9s k\u00f6zleked\u00e9s dr\u00e1gul\u00e1s\u00e1val vonz\u00f3bb\u00e1 v\u00e1lhat a lak\u00e1sszigetel\u00e9s, a h\u0151szivatty\u00fa, az elektromos aut\u00f3 vagy a t\u00f6megk\u00f6zleked\u00e9s.<\/p>\n<p data-alignment=\"left\" class=\"text-left\" data-block-key=\"ei7pk\">A probl\u00e9ma azonban ezzel az, hogy az emberek jelent\u0151s r\u00e9sz\u00e9nek nincs val\u00f3di v\u00e1laszt\u00e1si lehet\u0151s\u00e9ge. Egy budapesti, j\u00f3 t\u00f6megk\u00f6zleked\u00e9ssel ell\u00e1tott v\u00e1rosr\u00e9szben \u00e9l\u0151 ember k\u00f6nnyebben cs\u00f6kkentheti aut\u00f3haszn\u00e1lat\u00e1t, mint egy olyan vid\u00e9ki dolgoz\u00f3, aki naponta t\u00f6bb t\u00edz kilom\u00e9tert ing\u00e1zik, \u00e9s a telep\u00fcl\u00e9s\u00e9r\u0151l ritk\u00e1n vagy egy\u00e1ltal\u00e1n nem j\u00e1r busz vagy vonat.<\/p>\n<p data-alignment=\"left\" class=\"text-left\" data-block-key=\"1kd5n\">Hasonl\u00f3 a helyzet a f\u0171t\u00e9ssel. Egy magasabb j\u00f6vedelm\u0171 h\u00e1ztart\u00e1s hitelb\u0151l vagy megtakar\u00edt\u00e1sb\u00f3l szigetelheti az ingatlan\u00e1t \u00e9s lecser\u00e9lheti a f\u0171t\u00e9si rendszer\u00e9t. Egy alacsonyabb j\u00f6vedelm\u0171 csal\u00e1d azonban gyakran \u00e9ppen az\u00e9rt fogyaszt sok energi\u00e1t, mert rossz \u00e1llapot\u00fa \u00e9p\u00fcletben \u00e9l, mik\u00f6zben nem k\u00e9pes finansz\u00edrozni a korszer\u0171s\u00edt\u00e9st.<\/p>\n<p data-alignment=\"left\" class=\"text-left\" data-block-key=\"952eg\">Az Eur\u00f3pai K\u00f6rnyezetv\u00e9delmi \u00dcgyn\u00f6ks\u00e9g szerint az ETS2 k\u00f6zleked\u00e9si k\u00f6lts\u00e9gekre gyakorolt hat\u00e1sa t\u00e1rsadalmi csoportonk\u00e9nt \u00e9s r\u00e9gi\u00f3nk\u00e9nt jelent\u0151sen elt\u00e9rhet. K\u00fcl\u00f6n\u00f6sen vesz\u00e9lyeztetettek lehetnek azok, akik k\u00f6zleked\u00e9si szeg\u00e9nys\u00e9gben \u00e9lnek, vagyis munk\u00e1juk, oktat\u00e1suk \u00e9s alapvet\u0151 szolg\u00e1ltat\u00e1sok el\u00e9r\u00e9se aut\u00f3 n\u00e9lk\u00fcl neh\u00e9z, mik\u00f6zben az \u00fczemanyagk\u00f6lts\u00e9gek m\u00e1r jelenleg is ar\u00e1nytalanul nagy terhet jelentenek sz\u00e1mukra.<\/p>\n<p>      Bajba ker\u00fclhet a magyar rezsics\u00f6kkent\u00e9s?<\/p>\n<p data-alignment=\"left\" class=\"text-left\" data-block-key=\"fdalh\">Az ETS2 term\u00e9szetesen nem \u00edrn\u00e1 el\u0151, hogy Magyarorsz\u00e1g sz\u00fcntesse meg a rezsics\u00f6kkent\u00e9st, a karbonk\u00f6lts\u00e9get azonban valakinek meg kellene fizetnie. Amennyiben a lakoss\u00e1gi tarifa v\u00e1ltozatlan maradna, a magasabb ETS2-k\u00f6lts\u00e9g a szolg\u00e1ltat\u00f3kn\u00e1l, az \u00e1llami MVM-n\u00e9l vagy v\u00e9gs\u0151 soron a k\u00f6lts\u00e9gvet\u00e9sben jelenne meg. Magyarorsz\u00e1g teh\u00e1t \u00fagy v\u00e9dhetn\u00e9 meg a h\u00e1ztart\u00e1sokat a k\u00f6zvetlen dr\u00e1gul\u00e1st\u00f3l, hogy az ad\u00f3fizet\u0151k \u00f6sszess\u00e9ge finansz\u00edrozza a k\u00fcl\u00f6nbs\u00e9get.<\/p>\n<p data-alignment=\"left\" class=\"text-left\" data-block-key=\"8he3a\">Ahogy arr\u00f3l <a href=\"https:\/\/www.economx.hu\/magyar-gazdasag\/2026\/03\/01\/rezsi-csokkentes-baratsag-olaj-rezsivedelmi-alap-gulyas-824600\/\" target=\"_blank\" rel=\" noopener noreferrer nofollow\">kor\u00e1bban \u00edrtunk<\/a>, a magyar rezsics\u00f6kkent\u00e9si rendszer m\u00e1r jelenleg is t\u00f6bb szinten v\u00e9gez keresztfinansz\u00edroz\u00e1st. A kedvezm\u00e9nyes mennyis\u00e9g felett fizetett, \u00fagynevezett lakoss\u00e1gi piaci \u00e1r, az energiaipari k\u00fcl\u00f6nad\u00f3k \u00e9s m\u00e1s \u00e1llami bev\u00e9telek is hozz\u00e1j\u00e1rulnak az alacsonyan tartott tarif\u00e1k fenntart\u00e1s\u00e1hoz. Az ETS2 ezt a rendszert dr\u00e1g\u00edtan\u00e1 meg jelent\u0151sen.<\/p>\n<p data-alignment=\"left\" class=\"text-left\" data-block-key=\"11vf5\">A korm\u00e1ny h\u00e1romf\u00e9lek\u00e9ppen reag\u00e1lhatna erre a helyzetre:<\/p>\n<p>r\u00e1terhelheti a karbonk\u00f6lts\u00e9get a fogyaszt\u00f3kra,befagyaszthatja a tarif\u00e1t, \u00e9s a k\u00f6lts\u00e9gvet\u00e9sb\u0151l kompenz\u00e1lhatja a szolg\u00e1ltat\u00f3t,m\u00e1s ad\u00f3k vagy d\u00edjak cs\u00f6kkent\u00e9s\u00e9vel ellens\u00falyozhatja az ETS2 hat\u00e1s\u00e1t.<\/p>\n<p data-alignment=\"left\" class=\"text-left\" data-block-key=\"1un9o\">Mindh\u00e1rom megold\u00e1snak azonban komoly \u00e1ra lenne. A fogyaszt\u00f3i \u00e1remel\u00e9s politikailag kock\u00e1zatos, a k\u00f6lts\u00e9gvet\u00e9si kompenz\u00e1ci\u00f3 n\u00f6veli az \u00e1llami kiad\u00e1sokat, az ad\u00f3cs\u00f6kkent\u00e9s pedig bev\u00e9telkies\u00e9st okoz.<\/p>\n<p data-alignment=\"left\" class=\"text-left\" data-block-key=\"3l35p\">A rezsics\u00f6kkent\u00e9s r\u00e1ad\u00e1sul gyeng\u00edtheti az ETS2 eredeti c\u00e9lj\u00e1t. Ha a fogyaszt\u00f3 nem \u00e9rz\u00e9keli a fosszilis energia magasabb k\u00f6lts\u00e9g\u00e9t, kev\u00e9sb\u00e9 lesz \u00e9rdekelt az energiahat\u00e9konys\u00e1gi beruh\u00e1z\u00e1sokban. Br\u00fcsszel ez\u00e9rt a sz\u00e9les k\u00f6r\u0171 \u00e1rkontrollok helyett egyre ink\u00e1bb a c\u00e9lzott t\u00e1mogat\u00e1st r\u00e9szes\u00edti el\u0151nyben: csak a r\u00e1szorul\u00f3 h\u00e1ztart\u00e1sokat v\u00e9den\u00e9, mik\u00f6zben a t\u00f6bbi fogyaszt\u00f3n\u00e1l \u00e9rv\u00e9nyes\u00fclne a piaci \u00e1r. Az Eur\u00f3pai Bizotts\u00e1g a jelenlegi magyar lakoss\u00e1gi \u00e1ram\u00e1rszab\u00e1lyoz\u00e1st is csak \u00e1tmenetileg elfogadhat\u00f3, teljes piacra kiterjed\u0151 beavatkoz\u00e1snak <a href=\"https:\/\/eur-lex.europa.eu\/legal-content\/EN\/TXT\/?uri=CELEX:52026DC0850\" target=\"_blank\" rel=\" noopener noreferrer nofollow\">tekinti<\/a>, \u00e9s c\u00e9lzottabb t\u00e1mogat\u00e1si rendszer fel\u00e9 tereln\u00e9 Magyarorsz\u00e1got.<\/p>\n<p>      A benzin\u00e1rn\u00e1l Magyar P\u00e9ter egyszer m\u00e1r visszavonul\u00f3t f\u00fajt<\/p>\n<p data-alignment=\"left\" class=\"text-left\" data-block-key=\"ecr1i\">Magyar P\u00e9ter sz\u00e1m\u00e1ra az ETS2 k\u00f6zleked\u00e9st \u00e9rint\u0151 r\u00e9sze az\u00e9rt is vesz\u00e9lyes, mert az \u00fczemanyag\u00e1r m\u00e1r a korm\u00e1ny els\u0151 h\u00f3napjaiban politikai konfliktust okozott.<\/p>\n<p data-alignment=\"left\" class=\"text-left\" data-block-key=\"2nfn\">A Tisza P\u00e1rt eln\u00f6ke ellenz\u00e9kben 480 forintos benzin\u00e1rat \u00e9s alacsonyabb j\u00f6ved\u00e9ki ad\u00f3t \u00edg\u00e9rt. Korm\u00e1nyra ker\u00fcl\u00e9se ut\u00e1n azonban nem ezt az \u00e1rszintet vezette be, hanem a v\u00e9dett \u00e1rat tartotta fenn, majd j\u00fanius v\u00e9g\u00e9n a kedvez\u0151bb nemzetk\u00f6zi piaci helyzetre hivatkozva azt is <a href=\"https:\/\/www.economx.hu\/magyar-gazdasag\/2026\/06\/22\/vedett-ar-ruff-balint-uzemanyag-benzin-parlament\/\" target=\"_blank\" rel=\" noopener noreferrer nofollow\">kivezette<\/a>.<\/p>\n<p data-alignment=\"left\" class=\"text-left\" data-block-key=\"curfc\">Az ellenz\u00e9k m\u00e1r a v\u00e9dett \u00fczemanyag\u00e1r megsz\u00fcntet\u00e9sekor azzal t\u00e1madta Magyar P\u00e9tert, hogy megszegte a kamp\u00e1ny\u00edg\u00e9ret\u00e9t, \u00e9s v\u00e9dtelen\u00fcl hagyja az aut\u00f3sokat egy \u00fajabb nemzetk\u00f6zi \u00e1remelked\u00e9ssel szemben. Az ETS2 \u00fajabb t\u00e1mad\u00e1si fel\u00fcletet adhat, hiszen a rendszer k\u00f6nnyen bemutathat\u00f3 \u201ebr\u00fcsszeli benzinad\u00f3k\u00e9nt\u201d, f\u00fcggetlen\u00fcl att\u00f3l, hogy technikailag egy kibocs\u00e1t\u00e1skereskedelmi rendszerr\u0151l van sz\u00f3.<\/p>\n<p data-alignment=\"left\" class=\"text-left\" data-block-key=\"5obn9\">Magyar P\u00e9ter sz\u00e1m\u00e1ra k\u00fcl\u00f6n\u00f6sen kellemetlen lenne, ha a benzin \u00e1ra egy uni\u00f3s kl\u00edmapolitikai int\u00e9zked\u00e9s miatt emelkedne, mik\u00f6zben korm\u00e1nya az Eur\u00f3pai N\u00e9pp\u00e1rt sz\u00f6vets\u00e9gesek\u00e9nt \u00e9s az uni\u00f3s kapcsolatok helyre\u00e1ll\u00edt\u00f3jak\u00e9nt hat\u00e1rozza meg mag\u00e1t.<\/p>\n<p data-alignment=\"left\" class=\"text-left\" data-block-key=\"a7u13\">A magyar korm\u00e1ny j\u00faliusi fell\u00e9p\u00e9se ez\u00e9rt egyfajta politikai el\u0151remenek\u00fcl\u00e9s is lehet, amellyel m\u00e1r most jelezheti, hogy az ETS2 fogyaszt\u00f3i k\u00f6vetkezm\u00e9nyeit nem fogadja el automatikusan, \u00e9s k\u00e9sz szembemenni a Bizotts\u00e1ggal akkor is, ha m\u00e1s k\u00e9rd\u00e9sekben egy\u00fcttm\u0171k\u00f6d\u00e9sre t\u00f6rekszik.<\/p>\n<p>      Br\u00fcsszel szerint a p\u00e9nzt visszakapj\u00e1k az emberek<\/p>\n<p data-alignment=\"left\" class=\"text-left\" data-block-key=\"3v27r\">Az ETS2 t\u00e1mogat\u00f3i szerint f\u00e9lrevezet\u0151 csak az \u00e1remelked\u00e9sr\u0151l besz\u00e9lni, mert a kv\u00f3t\u00e1k \u00e9rt\u00e9kes\u00edt\u00e9s\u00e9b\u0151l sz\u00e1rmaz\u00f3 bev\u00e9telek nem t\u0171nnek el. A tag\u00e1llamoknak az ETS2-bev\u00e9teleket kl\u00edmav\u00e9delmi \u00e9s t\u00e1rsadalmi int\u00e9zked\u00e9sekre kell ford\u00edtaniuk. A p\u00e9nzb\u0151l lak\u00f3\u00e9p\u00fcletek fel\u00faj\u00edt\u00e1sa, szigetel\u00e9s, tiszt\u00e1bb f\u0171t\u00e9si rendszerek, meg\u00fajul\u00f3 energi\u00e1s beruh\u00e1z\u00e1sok, alacsony kibocs\u00e1t\u00e1s\u00fa k\u00f6zleked\u00e9s \u00e9s \u00e1tmeneti k\u00f6zvetlen j\u00f6vedelemt\u00e1mogat\u00e1s is finansz\u00edrozhat\u00f3.<\/p>\n<p data-alignment=\"left\" class=\"text-left\" data-block-key=\"1epml\">A rendszerhez kapcsol\u00f3d\u00f3 Szoci\u00e1lis Kl\u00edmaalap 2026 \u00e9s 2032 k\u00f6z\u00f6tt az uni\u00f3s \u00e9s tag\u00e1llami t\u00e1rsfinansz\u00edroz\u00e1ssal egy\u00fctt legal\u00e1bb 86,7 milli\u00e1rd eur\u00f3t mozg\u00f3s\u00edthat. Az alap kifejezetten az energiaszeg\u00e9nys\u00e9gben vagy k\u00f6zleked\u00e9si szeg\u00e9nys\u00e9gben \u00e9l\u0151 h\u00e1ztart\u00e1sokat, valamint a magas energia- \u00e9s \u00fczemanyagk\u00f6lts\u00e9ggel m\u0171k\u00f6d\u0151 mikrov\u00e1llalkoz\u00e1sokat t\u00e1mogatn\u00e1.<\/p>\n<p data-alignment=\"left\" class=\"text-left\" data-block-key=\"e67b2\">Magyarorsz\u00e1g kor\u00e1bbi energia- \u00e9s kl\u00edmaterv\u00e9ben k\u00f6r\u00fclbel\u00fcl 2,816 milli\u00e1rd eur\u00f3s, vagyis jelenlegi \u00e1rfolyamon t\u00f6bb mint ezermilli\u00e1rd forintos magyar kerettel sz\u00e1moltak. Ezt \u00e9p\u00fcletfel\u00faj\u00edt\u00e1sra, a f\u0171t\u00e9s dekarboniz\u00e1ci\u00f3j\u00e1ra, alacsony kibocs\u00e1t\u00e1s\u00fa k\u00f6zleked\u00e9sre \u00e9s k\u00f6zvetlen j\u00f6vedelemt\u00e1mogat\u00e1sra lehetne felhaszn\u00e1lni.<\/p>\n<p data-alignment=\"left\" class=\"text-left\" data-block-key=\"adl32\">A forr\u00e1sok leh\u00edv\u00e1s\u00e1hoz a tag\u00e1llamoknak r\u00e9szletes szoci\u00e1lis kl\u00edmatervet kell k\u00e9sz\u00edteni\u00fck, konkr\u00e9t c\u00e9lokat \u00e9s m\u00e9rf\u00f6ldk\u00f6veket kell v\u00e1llalniuk, a kifizet\u00e9s pedig ezek teljes\u00edt\u00e9s\u00e9t\u0151l f\u00fcgg. A t\u00e1mogat\u00e1sok jelent\u0151s r\u00e9sze beruh\u00e1z\u00e1si jelleg\u0171, ez\u00e9rt els\u0151sorban azoknak seg\u00edt, akik r\u00e9szt tudnak venni egy fel\u00faj\u00edt\u00e1si, f\u0171t\u00e9skorszer\u0171s\u00edt\u00e9si vagy k\u00f6zleked\u00e9si programban.<\/p>\n<p data-alignment=\"left\" class=\"text-left\" data-block-key=\"9ya63\">Kulcsk\u00e9rd\u00e9s lesz az \u00f6ner\u0151, hiszen egy rossz \u00e1llapot\u00fa csal\u00e1di h\u00e1z \u00e1tfog\u00f3 energetikai fel\u00faj\u00edt\u00e1sa ak\u00e1r t\u00f6bb t\u00edzmilli\u00f3 forintba is ker\u00fclhet. Ha a t\u00e1mogat\u00e1si rendszer jelent\u0151s saj\u00e1t hozz\u00e1j\u00e1rul\u00e1st v\u00e1r el, a legszeg\u00e9nyebb h\u00e1ztart\u00e1sok \u00e9ppen azokb\u00f3l a beruh\u00e1z\u00e1sokb\u00f3l maradhatnak ki, amelyek a legnagyobb megtakar\u00edt\u00e1st biztos\u00edtan\u00e1k nekik.<\/p>\n<p>      M\u00e1r elindult az alkudoz\u00e1s<\/p>\n<p data-alignment=\"left\" class=\"text-left\" data-block-key=\"1d5j6\">Br\u00fcsszel az elm\u00falt h\u00f3napokban m\u00e1r tett engedm\u00e9nyeket az ETS2 ellenz\u0151inek. A rendszer ugyanis eredetileg 2027-ben indult volna, a teljes bevezet\u00e9s\u00e9t azonban 2028-ra halasztott\u00e1k. Az Eur\u00f3pai Parlament \u00e9s a tag\u00e1llamok j\u00faniusban el\u0151zetes meg\u00e1llapod\u00e1st k\u00f6t\u00f6ttek a piacstabilit\u00e1si tartal\u00e9k meger\u0151s\u00edt\u00e9s\u00e9r\u0151l is.<\/p>\n<p data-alignment=\"left\" class=\"text-left\" data-block-key=\"9sc3s\">A mechanizmus \u00e9rtelm\u00e9ben, ha a kv\u00f3ta \u00e1ra az els\u0151 k\u00e9t \u00e9vben meghaladja a tonn\u00e1nk\u00e9nti 45 eur\u00f3t, akkor tov\u00e1bbi kibocs\u00e1t\u00e1si egys\u00e9geket bocs\u00e1thatnak a piacra. A j\u00faniusi meg\u00e1llapod\u00e1s az egyszerre felszabad\u00edthat\u00f3 mennyis\u00e9get 20 milli\u00f3r\u00f3l 40 milli\u00f3 kv\u00f3t\u00e1ra emeln\u00e9.<\/p>\n<p data-alignment=\"left\" class=\"text-left\" data-block-key=\"9s84b\">A 45 eur\u00f3s szint \u00e1tl\u00e9p\u00e9sekor azonban nem tiltj\u00e1k meg a kv\u00f3t\u00e1k tov\u00e1bbi dr\u00e1gul\u00e1s\u00e1t, csup\u00e1n n\u00f6velik a k\u00edn\u00e1latot. Ha a piaci kereslet er\u0151s marad, az \u00e1r a tartal\u00e9k felszabad\u00edt\u00e1sa ut\u00e1n is magasabb lehet. R\u00e1ad\u00e1sul a 45 eur\u00f3s k\u00fcsz\u00f6b 2020-as \u00e1rakon \u00e9rtend\u0151. Az infl\u00e1ci\u00f3val korrig\u00e1lt t\u00e9nyleges nomin\u00e1lis szint 2028-ban enn\u00e9l \u00e9rezhet\u0151en magasabb lehet.<\/p>\n<p data-alignment=\"left\" class=\"text-left\" data-block-key=\"7c75u\">A t\u00edz tag\u00e1llam \u00e9ppen ez\u00e9rt nem tartja elegend\u0151nek a piacstabilit\u00e1si mechanizmus meger\u0151s\u00edt\u00e9s\u00e9t. \u00c1ll\u00e1spontjuk szerint mag\u00e1t a rendszert kell fel\u00fclvizsg\u00e1lni, mert m\u00e1r egy m\u00e9rs\u00e9kelt karbon\u00e1r is jelent\u0151s terhet r\u00f3hat az aut\u00f3sokra \u00e9s a g\u00e1zzal f\u0171t\u0151 h\u00e1ztart\u00e1sokra.<\/p>\n<p>      Nem puszt\u00e1n keleti l\u00e1zad\u00e1s<\/p>\n<p data-alignment=\"left\" class=\"text-left\" data-block-key=\"4kqrc\">Az ETS2 t\u00e1mogat\u00f3i azzal \u00e9rvelnek, hogy a rendszer n\u00e9lk\u00fcl az \u00e9p\u00fcletek \u00e9s a k\u00f6z\u00fati k\u00f6zleked\u00e9s kibocs\u00e1t\u00e1sa nem cs\u00f6kken el\u00e9g gyorsan. Ezekben az \u00e1gazatokban a kor\u00e1bbi t\u00e1mogat\u00e1sok, hat\u00e9konys\u00e1gi el\u0151\u00edr\u00e1sok \u00e9s tag\u00e1llami int\u00e9zked\u00e9sek nem hoztak elegend\u0151 eredm\u00e9nyt. Az ellenz\u0151k viszont att\u00f3l tartanak, hogy a rendszer politikailag hamarabb omlik \u00f6ssze, mint ahogy a tiszta technol\u00f3gi\u00e1k sz\u00e9les k\u00f6rben el\u00e9rhet\u0151v\u00e9 v\u00e1lnak.<\/p>\n<p data-alignment=\"left\" class=\"text-left\" data-block-key=\"2obcc\">Az eur\u00f3pai kl\u00edmapolitika t\u00f6rt\u00e9net\u00e9ben erre m\u00e1r volt p\u00e9lda. Franciaorsz\u00e1gban a s\u00e1rgamell\u00e9nyes mozgalom k\u00f6zvetlen kiv\u00e1lt\u00f3 oka a fosszilis \u00fczemanyagokra kivetett ad\u00f3 emel\u00e9se volt. A tiltakoz\u00e1s r\u00f6vid id\u0151n bel\u00fcl sz\u00e9lesebb meg\u00e9lhet\u00e9si \u00e9s politikai v\u00e1ls\u00e1gg\u00e1 alakult. Az ETS2 az EU teljes kibocs\u00e1t\u00e1s\u00e1nak ak\u00e1r 40 sz\u00e1zal\u00e9k\u00e1t \u00e9s mintegy 450 milli\u00f3 ember meg\u00e9lhet\u00e9si k\u00f6lts\u00e9geit \u00e9rintheti. A rendszer politikai fennmarad\u00e1sa ez\u00e9rt nagym\u00e9rt\u00e9kben azon m\u00falik, hogy a korm\u00e1nyok k\u00e9pesek-e j\u00f3l l\u00e1that\u00f3an \u00e9s igazs\u00e1gosan visszaosztani a bev\u00e9teleket.<\/p>\n<p>A k\u00f6vetkez\u0151 rezsiharc m\u00e1r nem ugyanaz lesz, mint az el\u0151z\u0151<\/p>\n<p data-alignment=\"left\" class=\"text-left\" data-block-key=\"dkhb5\">Az Orb\u00e1n-korm\u00e1nyok t\u00f6bb mint egy \u00e9vtizeden kereszt\u00fcl \u00fagy \u00e9p\u00edtett\u00e9k fel a rezsics\u00f6kkent\u00e9s politik\u00e1j\u00e1t, hogy Br\u00fcsszelt, a k\u00fclf\u00f6ldi energiac\u00e9geket \u00e9s a piaci \u00e1raz\u00e1st \u00e1ll\u00edtott\u00e1k szembe az alacsony magyar lakoss\u00e1gi tarif\u00e1kkal.<\/p>\n<p data-alignment=\"left\" class=\"text-left\" data-block-key=\"afbd9\">Magyar P\u00e9ter megpr\u00f3b\u00e1lja lez\u00e1rni ezt a korszakot: egy\u00fcttm\u0171k\u00f6d\u0151bb uni\u00f3s politik\u00e1t, kisz\u00e1m\u00edthat\u00f3bb gazdas\u00e1gir\u00e1ny\u00edt\u00e1st \u00e9s az \u00e1rstopok fokozatos kivezet\u00e9s\u00e9t \u00edg\u00e9rte. Az ETS2 azonban visszahozhatja ugyanazt az alapkonfliktust: Br\u00fcsszel kl\u00edmapolitikai c\u00e9lja ker\u00fcl szembe a magyar h\u00e1ztart\u00e1sok r\u00f6vid t\u00e1v\u00fa meg\u00e9lhet\u00e9si \u00e9rdekeivel.<\/p>\n<p data-alignment=\"left\" class=\"text-left\" data-block-key=\"52k0m\">Magyar P\u00e9ter sz\u00e1m\u00e1ra a legnagyobb vesz\u00e9ly az lenne, ha a magyarok csak a dr\u00e1gul\u00e1st \u00e9rz\u00e9keln\u00e9k, mik\u00f6zben a t\u00e1mogat\u00e1sok lassan, \u00e1tl\u00e1thatatlanul vagy a tehet\u0151sebb h\u00e1ztart\u00e1sokhoz jutn\u00e1nak el. Ebben az esetben az ETS2 nemcsak Br\u00fcsszel kl\u00edmapolitik\u00e1j\u00e1t sodorhatn\u00e1 vesz\u00e9lybe, hanem Magyar P\u00e9ter egyik legfontosabb politikai \u00edg\u00e9ret\u00e9t is, miszerint az uni\u00f3s egy\u00fcttm\u0171k\u00f6d\u00e9s nem \u00fajabb terheket, hanem k\u00e9zzelfoghat\u00f3 el\u0151ny\u00f6ket hoz Magyarorsz\u00e1gnak.<\/p>\n<p><a href=\"https:\/\/google.com\/preferences\/source?q=https%3A\/\/www.economx.hu\" rel=\"noopener nofollow\" referrerpolicy=\"no-referrer-when-downgrade\" class=\"!flex !items-center !gap-5 !py-2 !px-3 w-full !rounded-xl !font-bold cursor-pointer !no-underline relative !bg-white !text-[#202124] !border !border-[#858585] dark:!bg-[#323232] dark:!text-white dark:border-none mb-4 \" target=\"_blank\"><br \/>\n  <img decoding=\"async\" src=\"https:\/\/www.economx.hu\/neon\/static\/images\/favicons\/google_favicon.svg\" alt=\"Google\" class=\"shrink-0 w-7 h-7\"\/><br \/>\n  \u00c1ll\u00edtsd be, hogy az Economx az els\u0151k k\u00f6z\u00f6tt legyen a Google-tal\u00e1latokban!<\/p>\n<p><\/a><\/p>\n","protected":false},"excerpt":{"rendered":"Magyarorsz\u00e1g kilenc m\u00e1sik uni\u00f3s tag\u00e1llammal k\u00f6z\u00f6sen azt k\u00f6veteli az Eur\u00f3pai Uni\u00f3t\u00f3l, hogy gondolja \u00fajra az \u00e9p\u00fcletek \u00e9s a&hellip;\n","protected":false},"author":2,"featured_media":182806,"comment_status":"","ping_status":"","sticky":false,"template":"","format":"standard","meta":{"footnotes":"","_share_on_mastodon":"0"},"categories":[8],"tags":[2075,9031,33972,583,42,52246,43,944,34,4493,16925,94,93,92],"class_list":["post-182805","post","type-post","status-publish","format-standard","has-post-thumbnail","category-vilag","tag-benzinar","tag-energiaarak","tag-ets","tag-europai-bizottsag","tag-hungarian","tag-karbonado","tag-magyar","tag-magyar-peter","tag-news","tag-rezsicsokkentes","tag-tisza-kormany","tag-vilag","tag-world","tag-world-news"],"share_on_mastodon":{"url":"","error":""},"_links":{"self":[{"href":"https:\/\/www.europesays.com\/hu\/wp-json\/wp\/v2\/posts\/182805","targetHints":{"allow":["GET"]}}],"collection":[{"href":"https:\/\/www.europesays.com\/hu\/wp-json\/wp\/v2\/posts"}],"about":[{"href":"https:\/\/www.europesays.com\/hu\/wp-json\/wp\/v2\/types\/post"}],"author":[{"embeddable":true,"href":"https:\/\/www.europesays.com\/hu\/wp-json\/wp\/v2\/users\/2"}],"replies":[{"embeddable":true,"href":"https:\/\/www.europesays.com\/hu\/wp-json\/wp\/v2\/comments?post=182805"}],"version-history":[{"count":0,"href":"https:\/\/www.europesays.com\/hu\/wp-json\/wp\/v2\/posts\/182805\/revisions"}],"wp:featuredmedia":[{"embeddable":true,"href":"https:\/\/www.europesays.com\/hu\/wp-json\/wp\/v2\/media\/182806"}],"wp:attachment":[{"href":"https:\/\/www.europesays.com\/hu\/wp-json\/wp\/v2\/media?parent=182805"}],"wp:term":[{"taxonomy":"category","embeddable":true,"href":"https:\/\/www.europesays.com\/hu\/wp-json\/wp\/v2\/categories?post=182805"},{"taxonomy":"post_tag","embeddable":true,"href":"https:\/\/www.europesays.com\/hu\/wp-json\/wp\/v2\/tags?post=182805"}],"curies":[{"name":"wp","href":"https:\/\/api.w.org\/{rel}","templated":true}]}}