{"id":184037,"date":"2026-07-24T18:43:11","date_gmt":"2026-07-24T18:43:11","guid":{"rendered":"https:\/\/www.europesays.com\/hu\/184037\/"},"modified":"2026-07-24T18:43:11","modified_gmt":"2026-07-24T18:43:11","slug":"g7-valamiert-minden-borzasztoan-sokba-kerul-aminek-koze-van-a-forma-1-hez-magyarorszagon","status":"publish","type":"post","link":"https:\/\/www.europesays.com\/hu\/184037\/","title":{"rendered":"G7: Valami\u00e9rt minden borzaszt\u00f3an sokba ker\u00fcl, aminek k\u00f6ze van a Forma\u20131-hez Magyarorsz\u00e1gon"},"content":{"rendered":"<p>A Hungaroring azon kev\u00e9s Forma\u20131 versenyek egyike, amelyek hossz\u00fa \u00e9vtizedek \u00f3ta folyamatosan a versenynapt\u00e1r r\u00e9szei. Az els\u0151, 1986-os magyar verseny \u00f3ta csak Monac\u00f3ban, Monz\u00e1ban \u00e9s Silverstone-ban volt szint\u00e9n minden \u00e9vben futam.<\/p>\n<p>Ez felveti a k\u00e9rd\u00e9st, hogy a Hungaroring m\u0171k\u00f6dtet\u00e9se val\u00f3ban hat\u00e9kony-e, vagy a konstrukci\u00f3ban olyan \u00fczleti \u00e9s szervezeti d\u00f6nt\u00e9sek vannak, amelyek ugyan biztos\u00edtj\u00e1k a folyamatoss\u00e1got, \u00e1m k\u00f6zben indokolatlan k\u00f6lts\u00e9geket okoznak.<\/p>\n<p>Ebben a cikkben az al\u00e1bbi probl\u00e9m\u00e1kat j\u00e1rjuk k\u00f6rbe:<\/p>\n<p>Sok jutal\u00e9kot fizet egy osztr\u00e1k tulajdon\u00fa c\u00e9gnek a jegyek \u00e9rt\u00e9kes\u00edt\u00e9s\u00e9re a Hungaroring, emiatt k\u00e9rd\u00e9ses a k\u00f6zp\u00e9nzek hat\u00e9kony felhaszn\u00e1l\u00e1sa.A nyilv\u00e1nos adatok alapj\u00e1n a Hungaroring a legmagasabb rendez\u00e9si jogd\u00edjat fizeti az eur\u00f3pai Forma\u20131-es p\u00e1ly\u00e1k k\u00f6z\u00f6tt.A 100 milli\u00e1rdot k\u00f6zel\u00edtik a fel\u00faj\u00edt\u00e1s k\u00f6lts\u00e9gei, ennyi\u00e9rt m\u00e1r \u00faj versenyp\u00e1ly\u00e1t lehetne \u00e9p\u00edteni.Rendk\u00edv\u00fcl magas az \u00e1llami t\u00e1mogat\u00e1si ig\u00e9ny, mik\u00f6zben nem l\u00e1tni, hogy a menedzsment mindent megtenne a piaci bev\u00e9telszerz\u00e9s \u00e9rdek\u00e9ben.Milli\u00e1rdos \u00e9rt\u00e9kes\u00edt\u00e9si k\u00f6lts\u00e9g<\/p>\n<p>A Hungaroring \u00e9s az Ostermann Forma 1 Kft. kapcsolata t\u00f6bb mint harminc \u00e9vre ny\u00falik vissza: a Forma\u20131-es jegyek \u00e9rt\u00e9kes\u00edt\u00e9s\u00e9t 1995 \u00f3ta v\u00e9gzi az Ostermann. A c\u00e9g egyik alap\u00edt\u00f3ja \u00e9s tulajdonosa Frank Tam\u00e1s volt, aki 1997-t\u0151l hal\u00e1l\u00e1ig, 2012-ig a Hungaroring igazgat\u00f3s\u00e1gi tagjak\u00e9nt is r\u00e9szt vett az \u00e1llami v\u00e1llalat ir\u00e1ny\u00edt\u00e1s\u00e1ban. Hal\u00e1la ut\u00e1n l\u00e1nya, Ariane Frank-Meulenbelt vette \u00e1t az osztr\u00e1k Gerstl\u2013Frank c\u00e9gcsoport \u00e9s a magyar Ostermann Kft. vezet\u00e9s\u00e9t, majd 2018-ban a Hungaroring igazgat\u00f3s\u00e1g\u00e1ba is beker\u00fclt \u2013 ahogy azt kor\u00e1bbi cikk\u00fcnkben r\u00e9szletesen <a href=\"https:\/\/telex.hu\/g7\/2019\/07\/16\/evek-ota-ausztriaba-gurulnak-a-hungaroring-allami-milliardjai\" class=\"\" rel=\"nofollow noopener\" target=\"_blank\">bemutattuk<\/a>. A c\u00e9gadatok szerint tavaly m\u00e1rciusban t\u00f6r\u00f6lt\u00e9k az igazgat\u00f3s\u00e1g tagjai k\u00f6z\u00fcl.<\/p>\n<p><img decoding=\"async\" src=\"https:\/\/www.europesays.com\/hu\/wp-content\/uploads\/2026\/07\/1783598329-temp-rpu8plij2loidofcnne_cikktorzs:xl.jpg\"  loading=\"lazy\" alt=\"Szijj\u00e1rt\u00f3 P\u00e9ter k\u00fclgazdas\u00e1gi \u00e9s k\u00fcl\u00fcgyminiszter, Ariane Vivien Frank-Meulenbelt, a Hungaroring igazgat\u00f3s\u00e1gi tagja \u00e9s Gyulay Zsolt, a Hungaroring Sport Zrt. eln\u00f6k-vez\u00e9rigazgat\u00f3ja a Forma\u20131-es Magyar Nagyd\u00edjon 2024. j\u00falius 20-\u00e1n \u2013 Fot\u00f3: Balogh Zolt\u00e1n \/ MTVA\" class=\"placeholder_\"\/><\/p>\n<p>Szijj\u00e1rt\u00f3 P\u00e9ter k\u00fclgazdas\u00e1gi \u00e9s k\u00fcl\u00fcgyminiszter, Ariane Vivien Frank-Meulenbelt, a Hungaroring igazgat\u00f3s\u00e1gi tagja \u00e9s Gyulay Zsolt, a Hungaroring Sport Zrt. eln\u00f6k-vez\u00e9rigazgat\u00f3ja a Forma\u20131-es Magyar Nagyd\u00edjon 2024. j\u00falius 20-\u00e1n \u2013 Fot\u00f3: Balogh Zolt\u00e1n \/ MTVA<\/p>\n<p>\u00cdgy olyan helyzet alakult ki, hogy az \u00e1llami tulajdon\u00fa Hungaroring vezet\u0151 test\u00fclet\u00e9ben egy olyan igazgat\u00f3s\u00e1gi tag is helyet kapott, aki egyben a t\u00e1rsas\u00e1g legnagyobb \u00fczleti partner\u00e9nek tulajdonosa \u00e9s \u00fcgyvezet\u0151je. Az Ostermann 2010 \u00e9s 2018 k\u00f6z\u00f6tt mintegy 12,5 milli\u00e1rd forint \u00e9rt\u00e9k\u0171 megb\u00edz\u00e1st kapott szinte kiz\u00e1r\u00f3lag a Hungaroringt\u0151l, a jegy\u00e9rt\u00e9kes\u00edt\u00e9si, illetve egy\u00e9b szolg\u00e1ltat\u00e1si szerz\u0151d\u00e9sek jelent\u0151s r\u00e9sz\u00e9t versenyeztet\u00e9s n\u00e9lk\u00fcl k\u00f6t\u00f6tt\u00e9k meg.<\/p>\n<p>A Hungaroring \u00e9ves besz\u00e1mol\u00f3ib\u00f3l j\u00f3l k\u00f6vethet\u0151, hogy a 2018 \u00e9s 2025 k\u00f6z\u00f6tti nyolc \u00e9vben 29,1 milli\u00e1rd forint jegy\u00e1rbev\u00e9telt k\u00f6nyveltek el, emellett 6,6 milli\u00e1rd forintot fizettek jegy\u00e9rt\u00e9kes\u00edt\u00e9si jutal\u00e9kk\u00e9nt. Ez az \u00f6sszesen 35,6 milli\u00e1rd forint szinte teljesen megegyezik az Ostermann 38,2 milli\u00e1rd forintos \u00e1rbev\u00e9tel\u00e9vel ebben az id\u0151szakban \u2013 az elt\u00e9r\u00e9s oka az lehet, hogy a c\u00e9g p\u00e9ld\u00e1ul MotoGP jegyeket is \u00e1rult.<\/p>\n<p>A 6,6 milli\u00e1rd forint jutal\u00e9k az \u00e9rt\u00e9kes\u00edtett jegyek \u00e1r\u00e1nak 23 sz\u00e1zal\u00e9ka.<\/p>\n<p>Az Ostermann szerz\u0151d\u00e9s\u00e9t a jegy\u00e9rt\u00e9kes\u00edt\u00e9sre 2016-ban hosszabb\u00edtott\u00e1k meg, de nem tal\u00e1lhat\u00f3 nyilv\u00e1nos inform\u00e1ci\u00f3, k\u00f6zbeszerz\u00e9si vagy beszerz\u00e9si elj\u00e1r\u00e1s arr\u00f3l, hogy a szerz\u0151d\u00e9s meghosszabb\u00edt\u00e1s\u00e1t ny\u00edlt versenyeztet\u00e9s el\u0151zte volna meg. Emiatt felmer\u00fcl a k\u00e9rd\u00e9s, hogy a kiv\u00e1laszt\u00e1s megfelelt-e a k\u00f6zp\u00e9nzek felhaszn\u00e1l\u00e1s\u00e1val szemben elv\u00e1rt versenyelveknek.<\/p>\n<p>A Hungaroring Sport Zrt. szerint az Ostermann kiv\u00e1laszt\u00e1s\u00e1t a Formula\u20131 nemzetk\u00f6zi szerz\u0151d\u00e9ses rendszere hat\u00e1rozta meg \u2013 azonban m\u00e1s orsz\u00e1gokban sem ez (vagy felt\u00e9tlen\u00fcl hasonl\u00f3) c\u00e9g v\u00e9gzi a jegy\u00e9rt\u00e9kes\u00edt\u00e9st. Nehezen hihet\u0151, hogy csak a magyar versenyt\u0151l v\u00e1rn\u00e1k el, hogy k\u00fcls\u0151 partnerrel szerz\u0151dj\u00f6n \u2013 az osztr\u00e1k F1 futamot szervez\u0151 Projekt Spielberg GmbH &amp; Co KG p\u00e9ld\u00e1ul saj\u00e1t maga \u00e9rt\u00e9kes\u00edti a jegyeket, nem a Hungaroring osztr\u00e1k partnere.<\/p>\n<p>A Hungaroring arra hivatkozik, hogy nem vonatkozik r\u00e1 k\u00f6zbeszerz\u00e9si k\u00f6telezetts\u00e9g, hiszen piaci c\u00e9g, m\u0171k\u00f6d\u00e9si t\u00e1mogat\u00e1st nem kap az \u00e1llamt\u00f3l.*<\/p>\n<p>A Hungaroring Sport Zrt. saj\u00e1t piaci bev\u00e9teleib\u0151l m\u0171k\u00f6dik. Ahol jogszab\u00e1ly k\u00f6zbeszerz\u00e9si k\u00f6telezetts\u00e9get \u00edr el\u0151 \u2013 k\u00fcl\u00f6n\u00f6sen k\u00f6lts\u00e9gvet\u00e9si vagy eur\u00f3pai uni\u00f3s forr\u00e1sb\u00f3l megval\u00f3sul\u00f3 beruh\u00e1z\u00e1sok eset\u00e9n \u2013, a t\u00e1rsas\u00e1g minden esetben k\u00f6zbeszerz\u00e9si elj\u00e1r\u00e1st folytat le. T\u00e1rsas\u00e1gunk \u00f6nfenntart\u00f3, m\u0171k\u00f6d\u00e9si t\u00e1mogat\u00e1sban \u2013 a fizetend\u0151 jogd\u00edjak, amelyre \u00e1llami garanciav\u00e1llal\u00e1s t\u00f6rt\u00e9nik a feladat nemzetgazdas\u00e1gi hasznoss\u00e1g\u00e1ra tekintettel \u00e9s beruh\u00e1z\u00e1s kiv\u00e9tel\u00e9vel \u2013 nem r\u00e9szes\u00fclt \u00e9s a k\u00e9s\u0151bbiekben sem sz\u00e1mol ezzel. A saj\u00e1t forr\u00e1sb\u00f3l finansz\u00edrozott, k\u00f6zbeszerz\u00e9si k\u00f6telezetts\u00e9g al\u00e1 nem tartoz\u00f3 beszerz\u00e9sek eset\u00e9ben a vonatkoz\u00f3 jogszab\u00e1lyok alapj\u00e1n nincs ilyen k\u00f6telezetts\u00e9g.<\/p>\n<p> (A c\u00e9g r\u00e9szletesebb \u00e9rvel\u00e9se a csillagra kattintva olvashat\u00f3, ez a k\u00e9s\u0151bbi csillagokn\u00e1l is \u00edgy van.)<\/p>\n<p>Ugyanakkor a Forma\u20131 rendez\u00e9si jogd\u00edj\u00e1t az \u00e1llam v\u00e1llalja \u00e1t, amely a verseny megrendez\u00e9s\u00e9nek legnagyobb k\u00f6lts\u00e9geleme. Ezzel \u00e9s az egy\u00e9b \u00e1llami forr\u00e1sokkal egy\u00fctt a m\u0171k\u00f6d\u00e9s t\u00falnyom\u00f3 r\u00e9sze k\u00f6zp\u00e9nzb\u0151l finansz\u00edroz\u00f3dik: az elm\u00falt nyolc \u00e9vben a Hungaroring teljes bev\u00e9tel\u00e9nek 63 sz\u00e1zal\u00e9ka volt k\u00f6zvetlen \u00e1llami t\u00e1mogat\u00e1s.<\/p>\n<p>A jegy\u00e1rbev\u00e9tel k\u00f6zel negyed\u00e9t, 6,6 milli\u00e1rd forintot fizetett ki a Hungaroring egy verseny n\u00e9lk\u00fcl megb\u00edz\u00e1shoz jut\u00f3 k\u00fclf\u00f6ldi v\u00e1llalatnak, ami komoly agg\u00e1lyokat vet fel a k\u00f6zp\u00e9nzek hat\u00e9kony elk\u00f6lt\u00e9s\u00e9vel kapcsolatban.<\/p>\n<p>Ahogy az al\u00e1bbi grafikonon l\u00e1that\u00f3, az Ostermann j\u00f6vedelmez\u0151s\u00e9ge kimagasl\u00f3. A Hungaroring szerint kifizetett 6,6 milli\u00e1rd forint jutal\u00e9kb\u00f3l a c\u00e9g 3,7 milli\u00e1rd forint ad\u00f3zott eredm\u00e9nyt \u00e9rt el. A profit pedig megjelenik az osztr\u00e1k anyav\u00e1llalat, a Gerstl\u2013Frank GmbH-ban is ad\u00f3zott eredm\u00e9nyk\u00e9nt.<\/p>\n<p>Egy saj\u00e1t vagy alacsonyabb k\u00f6lts\u00e9g\u0171 digit\u00e1lis jegy\u00e9rt\u00e9kes\u00edt\u00e9si rendszer bevezet\u00e9se elm\u00e9letileg jelent\u0151sen cs\u00f6kkenthetn\u00e9 a jutal\u00e9kk\u00f6lts\u00e9get. 2025-ben 1,3 milli\u00e1rd forint volt a jutal\u00e9k, ennek nagy r\u00e9sz\u00e9vel val\u00f3sz\u00edn\u0171leg cs\u00f6kkenthet\u0151 lenne a Hungaroring \u00f3ri\u00e1si \u00e1llami t\u00e1mogat\u00e1sa. M\u00e1s versenyp\u00e1ly\u00e1k p\u00e9ld\u00e1ja ugyanis azt mutatja, hogy a jegy\u00e9rt\u00e9kes\u00edt\u00e9si k\u00e9pess\u00e9g h\u00e1zon bel\u00fcl is fel\u00e9p\u00edthet\u0151.<\/p>\n<p>M\u00e1sk\u00e9pp l\u00e1tj\u00e1k ezt a Hungaroringn\u00e9l: v\u00e1laszuk szerint a c\u00e9g tev\u00e9kenys\u00e9gei k\u00f6z\u00f6tt nem szerepel jegy\u00e9rt\u00e9kes\u00edt\u0151 \u00fcgyn\u00f6ki tev\u00e9kenys\u00e9g, nem rendelkezik jegy\u00e9rt\u00e9kes\u00edt\u00e9si feladatot t\u00e1mogat\u00f3 szakemberg\u00e1rd\u00e1val \u00e9s infrastrukt\u00far\u00e1val sem. A Hungaroring szerint a jegy\u00e9rt\u00e9kes\u00edt\u00e9se speci\u00e1lis nemzetk\u00f6zi szak\u00e9rtelmet, kiterjedt \u00e9rt\u00e9kes\u00edt\u00e9si h\u00e1l\u00f3zatot \u00e9s t\u00f6bb \u00e9vtizedes piacismeretet ig\u00e9nyel. E feladatokat szerz\u0151d\u00e9ses partnerk\u00e9nt az Ostermann Forma 1 Kft. l\u00e1tja el, amely ezen a ter\u00fcleten jelent\u0151s nemzetk\u00f6zi tapasztalattal rendelkezik.<\/p>\n<p>Ez pedig m\u00e9g sok\u00e1ig \u00edgy is marad: az Ostermann szerz\u0151d\u00e9se 2032-ig van \u00e9rv\u00e9nyben.<\/p>\n<p>Eur\u00f3pai rekorder jogd\u00edj<\/p>\n<p>A Hungaroring Forma\u20131-es szerz\u0151d\u00e9s\u00e9t az elm\u00falt m\u00e1sf\u00e9l \u00e9vtizedben t\u00f6bbsz\u00f6r is \u00fajrat\u00e1rgyalt\u00e1k, jellemz\u0151en a lej\u00e1r\u00f3 meg\u00e1llapod\u00e1sok meghosszabb\u00edt\u00e1sa \u00e9s az egyre emelked\u0151 rendez\u00e9si jogd\u00edjak miatt. A Magyar Nagyd\u00edj szerz\u0151d\u00e9s\u00e9t 2016-ban hosszabb\u00edtott\u00e1k meg a 2027-es szezonig, ez pedig igen magas jogd\u00edjakat hozott. A szerz\u0151d\u00e9st legut\u00f3bb 2032-ig hosszabb\u00edtott\u00e1k meg.<\/p>\n<p>A nyilv\u00e1nosan el\u00e9rhet\u0151 becsl\u00e9sek szerint a Hungaroring \u00e9vi mintegy 40 milli\u00f3 doll\u00e1ros rendez\u00e9si jogd\u00edjat fizet a Forma\u20131-nek.<\/p>\n<p>Az eur\u00f3pai helysz\u00ednek k\u00f6z\u00fcl messze a Hungaroringnek kell a legmagasabb jogd\u00edjat fizetnie.<\/p>\n<p>A 2025-\u00f6s mez\u0151nyben csak a k\u00f6zel-keleti \u00e9s \u00e1zsiai, jellemz\u0151en \u00e1llami finansz\u00edroz\u00e1s\u00fa helysz\u00ednek el\u0151zik meg a magyar p\u00e1ly\u00e1t. Az elm\u00falt \u00e9vtizedben az F1 glob\u00e1lis pr\u00e9miumterm\u00e9kk\u00e9 v\u00e1lt, a versenynapt\u00e1rban egyre t\u00f6bb \u00faj, \u00e1llamilag finansz\u00edrozott helysz\u00edn jelent meg, amelyek jelent\u0151s \u00f6sszegeket hajland\u00f3k fizetni a rendez\u00e9si jog\u00e9rt.<\/p>\n<p>A Hungaroring sz\u00e1m\u00e1ra a t\u00e1rgyal\u00e1si poz\u00edci\u00f3t rontja, hogy Magyarorsz\u00e1g kis piacnak sz\u00e1m\u00edt a Forma\u20131 szempontj\u00e1b\u00f3l, mik\u00f6zben a futam megtart\u00e1sa er\u0151sen politikai d\u00f6nt\u00e9s: a jogd\u00edjat nem egy piaci alapon m\u0171k\u00f6d\u0151 prom\u00f3ter termeli ki, hanem az \u00e1llam v\u00e1llalja \u00e1t.<\/p>\n<p>A k\u00e9rd\u00e9s ez\u00e9rt nem puszt\u00e1n az, hogy dr\u00e1ga-e a jogd\u00edj, hanem az is, hogy a Hungaroring vezet\u00e9se mennyire tudta a szerz\u0151d\u00e9sb\u0151l fakad\u00f3 k\u00f6lts\u00e9geket ellens\u00falyozni \u00fczleti bev\u00e9telekkel. A brit Silverstone vagy a holland Zandvoort p\u00e9ld\u00e1ja azt mutatja, hogy egy p\u00e1lya m\u0171k\u00f6dhet \u00e1llami jogd\u00edjt\u00e1mogat\u00e1s n\u00e9lk\u00fcl is: ezek a helysz\u00ednek magas jegy\u00e1rakkal, v\u00e1llalati szolg\u00e1ltat\u00e1sokkal, rendezv\u00e9nyekkel \u00e9s eg\u00e9sz \u00e9ves hasznos\u00edt\u00e1ssal pr\u00f3b\u00e1lj\u00e1k kitermelni az F1 k\u00f6lts\u00e9geit.<\/p>\n<p>A finansz\u00edroz\u00e1si modell alapj\u00e1n kev\u00e9s k\u00f6zvetlen p\u00e9nz\u00fcgyi \u00f6szt\u00f6nz\u0151 l\u00e1tszik arra, hogy a rendez\u00e9si jogd\u00edj n\u00f6veked\u00e9s\u00e9t saj\u00e1t \u00fczleti bev\u00e9telekkel ellens\u00falyozz\u00e1k.<\/p>\n<p>A Hungaroringn\u00e9l azonban \u00fagy l\u00e1tj\u00e1k, hogy nem v\u00e9geztek rossz munk\u00e1t. \u201eA t\u00e1rgyal\u00e1sok sor\u00e1n a t\u00e1rsas\u00e1g menedzsmentje el\u00e9rte, hogy a 2023-ban megk\u00f6t\u00f6tt szerz\u0151d\u00e9s a kor\u00e1bbi konstrukci\u00f3hoz k\u00e9pest kedvez\u0151bb p\u00e9nz\u00fcgyi felt\u00e9teleket biztos\u00edtson, amely a szerz\u0151d\u00e9s id\u0151szak\u00e1ra vet\u00edtve \u00f6sszesen 61,7 milli\u00f3 doll\u00e1r megtakar\u00edt\u00e1st jelent a magyar k\u00f6lts\u00e9gvet\u00e9s sz\u00e1m\u00e1ra\u201d \u2013 \u00edrt\u00e1k megkeres\u00e9s\u00fcnkre.<\/p>\n<p>Nagyon dr\u00e1ga fel\u00faj\u00edt\u00e1s<\/p>\n<p>Nemcsak az \u00fczemeltet\u00e9s, a fel\u00faj\u00edt\u00e1s is dr\u00e1ga: imm\u00e1r legal\u00e1bb 90,5 milli\u00e1rd forintn\u00e1l j\u00e1r, mik\u00f6zben lehetnek olyan szerz\u0151d\u00e9sek, amik ebben nem is szerepelnek. A korm\u00e1ny a Hungaroring teljes \u00e1t\u00e9p\u00edt\u00e9s\u00e9hez t\u00f6bb egym\u00e1sra \u00e9p\u00fcl\u0151 beruh\u00e1z\u00e1si d\u00f6nt\u00e9st hozott. A legnagyobb, 2023-ban oda\u00edt\u00e9lt kivitelez\u00e9si szerz\u0151d\u00e9s nett\u00f3 79 milli\u00e1rd forintr\u00f3l sz\u00f3l, amit az egyar\u00e1nt NER-es Market \u00c9p\u00edt\u0151 Zrt. (Garancsi Istv\u00e1n c\u00e9ge) \u00e9s Bayer Construct Zrt. (Bal\u00e1zs Attila c\u00e9ge) nyert el. Ut\u00f3bbi milli\u00e1rdos nemr\u00e9g az\u00e9rt szerepelt a sajt\u00f3ban, mert k\u00f6rlev\u00e9lben <a href=\"https:\/\/telex.hu\/gazdasag\/2026\/04\/14\/bayer-construct-balazs-attila-level-valasztasok\" class=\"\" rel=\"nofollow noopener\" target=\"_blank\">sz\u00f3l\u00edtotta fel<\/a> dolgoz\u00f3it a v\u00e1laszt\u00e1s el\u0151tt, hogy a Fideszre szavazzanak.<\/p>\n<p>Mivel a fel\u00faj\u00edt\u00e1s \u00e1llami forr\u00e1sb\u00f3l val\u00f3sult meg, k\u00f6zbeszerz\u00e9st kellett ki\u00edrni. A c\u00e9g k\u00e9rd\u00e9s\u00fcnkre 88,1 milli\u00e1rd forintos \u00f6sszk\u00f6lts\u00e9get adott meg*<\/p>\n<p>\u2022 teljes k\u00f6zm\u0171csere: 5\u202f792\u202f954\u202f379 Ft<br \/>\u2022 \u00faj fogad\u00f3- \u00e9s iroda\u00e9p\u00fclet: 3\u202f304\u202f031\u202f889 Ft<br \/>\u2022 f\u0151lel\u00e1t\u00f3, paddock \u00e9s rendezv\u00e9nyt\u00e9r: 78\u202f973\u202f513\u202f059 Ft<\/p>\n<p>, a k\u00f6zbeszerz\u00e9si t\u00e1j\u00e9koztat\u00f3kb\u00f3l 90,5 milli\u00e1rd forint ad\u00f3dik, amit az al\u00e1bbi t\u00e1bl\u00e1zat tartalmaz.<\/p>\n<p>Ez m\u00e9g mai, er\u0151sebb forint\u00e1rfolyamon is nagyj\u00e1b\u00f3l 250 milli\u00f3 eur\u00f3. \u00c9rdemes ezt m\u00e1s p\u00e1ly\u00e1kkal \u00f6sszevetni. F1 p\u00e1ly\u00e1k fel\u00faj\u00edt\u00e1sa az ut\u00f3bbi \u00e9vekb\u0151l:<\/p>\n<p>Spa: teljes FIA-standardok szerinti <a href=\"https:\/\/www.motorsport.com\/f1\/news\/spa-80million-euro-revamp-gravel-traps\/4888499\/\" target=\"_blank\" rel=\"nofollow noopener\">fel\u00faj\u00edt\u00e1s<\/a> \u2013 80 milli\u00f3 eur\u00f3Monza: 2024\u201325-ben volt egy 21 milli\u00f3 eur\u00f3s <a href=\"https:\/\/www.monzanet.it\/en\/the-future-of-f1-starts-from-monza\/\" target=\"_blank\" rel=\"nofollow noopener\">program<\/a>, majd id\u00e9n egy \u00fajabb 40 milli\u00f3s <a href=\"https:\/\/autoaction.com.au\/2026\/04\/16\/monza-upgrade-plans-approved\" target=\"_blank\" rel=\"nofollow noopener\">fel\u00faj\u00edt\u00e1s<\/a> \u2013 61 milli\u00f3 eur\u00f3Barcelona: t\u00f6bb \u00fctem\u0171 <a href=\"https:\/\/www.planetf1.com\/news\/barcelona-f1-renovations-50m-investment-plan\" target=\"_blank\" rel=\"nofollow noopener\">korszer\u0171s\u00edt\u00e9s<\/a> \u2013 50 milli\u00f3 eur\u00f3N\u00fcrnburgring: 2023\u20132025 k\u00f6z\u00f6tt, <a href=\"https:\/\/www.motorsport-xl.de\/news\/2023\/Sonstiges\/Nuerburgring-investiert-11-Millionen-Euro-in-die-Zukunft-der-Nordschleife-48211.html\" target=\"_blank\" rel=\"nofollow noopener\">f\u0151k\u00e9nt<\/a> digitaliz\u00e1ci\u00f3 a 21 kilom\u00e9teres p\u00e1ly\u00e1n \u2013 11 milli\u00f3 eur\u00f3.<\/p>\n<p>M\u00e1s F1 p\u00e1ly\u00e1k fel\u00faj\u00edt\u00e1sa a t\u00f6red\u00e9k\u00e9be ker\u00fclt, mint a Hungaroringen.<\/p>\n<p>A Hungaroring lapunknak k\u00fcld\u00f6tt v\u00e1lasza szerint a \u201eberuh\u00e1z\u00e1s nem \u00faj versenyp\u00e1lya \u00e9p\u00edt\u00e9s\u00e9t jelentette, hanem egy csaknem negyven \u00e9ve m\u0171k\u00f6d\u0151, nemzetk\u00f6zi \u00e9lvonalbeli l\u00e9tes\u00edtm\u00e9ny teljes infrastrukt\u00far\u00e1j\u00e1nak meg\u00faj\u00edt\u00e1s\u00e1t. Emiatt a beruh\u00e1z\u00e1s k\u00f6lts\u00e9ge m\u00e1s t\u00edpus\u00fa p\u00e1lya\u00e9p\u00edt\u00e9sekkel k\u00f6zvetlen\u00fcl nem hasonl\u00edthat\u00f3 \u00f6ssze.\u201d<\/p>\n<p>Term\u00e9szetesen lehetne a m\u0171szaki k\u00fcl\u00f6nbs\u00e9geket apr\u00f3l\u00e9kosan sz\u00e9tsz\u00e1lazni, de ilyen nagys\u00e1grend\u0171 k\u00fcl\u00f6nbs\u00e9g \u00f6nmag\u00e1\u00e9rt besz\u00e9l. Nemhogy fel\u00faj\u00edt\u00e1s nem szokott ennyibe ker\u00fclni, hanem m\u00e9g \u00faj p\u00e1lya \u00e9p\u00edt\u00e9se sem.<\/p>\n<p>Ugyan F1 p\u00e1lya nem sok \u00e9p\u00fclt az elm\u00falt \u00e9vekben, de \u00e9rdemes ezeket sz\u00e1mba venni:<\/p>\n<p>Isztambul: 2005-ben k\u00f6r\u00fclbel\u00fcl 175 milli\u00f3 eur\u00f3\u00e9rt <a href=\"https:\/\/gpdestinations.com\/race-facts-turkish-grand-prix\/\" target=\"_blank\" rel=\"nofollow noopener\">\u00e9p\u00fclt<\/a>.A Circuit of the Americas mag\u00e1nbefektet\u00e9sben, 260-350 milli\u00f3 eur\u00f3s <a href=\"https:\/\/www.forbes.com\/sites\/csylt\/2015\/11\/11\/why-the-cut-in-texas-f1-funding-could-play-into-race-track-owners-hands\/\" target=\"_blank\" rel=\"nofollow noopener\">becs\u00fclt<\/a> <a href=\"https:\/\/www.racingcircuits.info\/north-america\/usa\/circuit-of-the-americas.html\" target=\"_blank\" rel=\"nofollow noopener\">\u00e1ron<\/a> k\u00e9sz\u00fclt el.Buddh International Circuit Indi\u00e1ban: az \u00faj p\u00e1lya \u00e9p\u00edt\u00e9se 2011-re k\u00e9sz\u00fclt el, 190-210 milli\u00f3 eur\u00f3s <a href=\"http:\/\/www.racecar.com\/News\/61391\/motorsport\/mclaren-heads-to-buddh-international-circui\" target=\"_blank\" rel=\"nofollow noopener\">becs\u00fclt<\/a> <a href=\"http:\/\/www.formulaonehistory.com\/circuits\/buddh-international-circuit\/\" target=\"_blank\" rel=\"nofollow noopener\">k\u00f6lts\u00e9gen<\/a>.Bahrain International Circuit: 2005-ben 150 milli\u00f3 doll\u00e1r\u00e9rt <a href=\"https:\/\/www.bahrain.gp\/en\/history-of-the-circuit-16\" target=\"_blank\" rel=\"nofollow noopener\">\u00e9p\u00fclt<\/a>.<\/p>\n<p>A Hungaroring 90 milli\u00e1rd forintos fel\u00faj\u00edt\u00e1sa a nemzetk\u00f6zi \u00f6sszehasonl\u00edt\u00e1s alapj\u00e1n rendk\u00edv\u00fcl k\u00f6lts\u00e9gesnek t\u0171nik. Ennyi p\u00e9nz\u00e9rt m\u00e1s orsz\u00e1gokban m\u00e1r teljesen \u00faj versenyp\u00e1ly\u00e1kat tudtak \u00e9p\u00edteni.<\/p>\n<p>Term\u00e9szetesen az infl\u00e1ci\u00f3 \u00e9s az \u00e1rfolyamv\u00e1ltoz\u00e1sok kihatnak az \u00e1rak \u00f6sszehasonl\u00edt\u00e1s\u00e1ra, m\u00e9gis szembet\u0171n\u0151en k\u00f6lts\u00e9ges, ami Mogyor\u00f3don zajlik. M\u00e9g akkor is, ha val\u00f3ban nagyon alapos \u00e1t\u00e9p\u00edt\u00e9s t\u00f6rt\u00e9nt a Hungaroringen*<\/p>\n<p>A Hungaroring fejleszt\u00e9se a teljes versenyhelysz\u00edn moderniz\u00e1ci\u00f3j\u00e1t jelenti: meg\u00fajul a paddock, a boxutca \u00e9s a f\u0151\u00e9p\u00fclet, korszer\u0171 versenyir\u00e1ny\u00edt\u00e1si, m\u00e9diak\u00f6zponti \u00e9s vend\u00e9gl\u00e1t\u00f3-infrastrukt\u00far\u00e1val. Korszer\u0171s\u00edtik a k\u00f6zm\u0171veket, a lel\u00e1t\u00f3kat \u00e9s a p\u00e1lya k\u00f6rnyezet\u00e9t, hogy a l\u00e9tes\u00edtm\u00e9ny megfeleljen a FIA el\u0151\u00edr\u00e1sainak \u00e9s a nemzetk\u00f6zi versenyek elv\u00e1r\u00e1sainak. A beruh\u00e1z\u00e1s r\u00e9sze a k\u00f6zleked\u00e9si infrastrukt\u00fara fejleszt\u00e9se is, bele\u00e9rtve a parkol\u00f3kat, bels\u0151 \u00fath\u00e1l\u00f3zatot \u00e9s a n\u00e9z\u0151k gyorsabb, k\u00e9nyelmesebb kiszolg\u00e1l\u00e1s\u00e1t.<\/p>\n<p>. Arra ugyanakkor nem gondoltak, hogy itt is lehessen MotoGP-versenyeket rendezni, amivel javulhatna a p\u00e1lya kihaszn\u00e1lts\u00e1ga. A Hungaroringn\u00e9l azonban \u00fagy l\u00e1tj\u00e1k, hogy ehhez \u00faj buk\u00f3terek, p\u00e1lya\u00edv, f\u00f6ldv\u00e1s\u00e1rl\u00e1s \u00e9s egy\u00e9b k\u00f6lts\u00e9gek kellettek volna.Kiemelked\u0151 \u00e1llami t\u00e1mogat\u00e1s<\/p>\n<p>A Hungaroring messze kiemelkedik az eur\u00f3pai Forma\u20131 mez\u0151nyben az \u00e1llami t\u00e1mogat\u00e1si ig\u00e9nye alapj\u00e1n. M\u00e1s p\u00e1ly\u00e1kon vagy egy\u00e1ltal\u00e1n nincs ilyen, vagy csak eleny\u00e9sz\u0151 m\u00e9rt\u00e9kben a magyarhoz k\u00e9pest. Belgiumban a spai versenyt p\u00e9ld\u00e1ul \u00e9vi 3-8 milli\u00f3 eur\u00f3val (durv\u00e1n 1-3 milli\u00e1rd forinttal) <a href=\"https:\/\/www.archyde.com\/wallonia-injects-5-69-million-euros-to-pay-off-debts-of-spa-grand-prix-organizers\" target=\"_blank\" rel=\"nofollow noopener\">t\u00e1mogatta<\/a> a <a href=\"https:\/\/www.sportsmole.co.uk\/formula-1\/news\/government-to-reduce-financial-support-for-spa-gp_552613.html\" target=\"_blank\" rel=\"nofollow noopener\">r\u00e9gi\u00f3<\/a> az elm\u00falt \u00e9vekben. Az Egyes\u00fclt Kir\u00e1lys\u00e1gban Silverstone, az osztr\u00e1k Red Bull Ring, Hollandi\u00e1ban Zandvoort az \u00fczemeltet\u00e9sre egy\u00e1ltal\u00e1n nem kap \u00e1llami forr\u00e1st; a p\u00e1ly\u00e1k fejleszt\u00e9s\u00e9re adtak t\u00f6bb helyen is 30-100 milli\u00f3 eur\u00f3 nagys\u00e1grend\u0171 t\u00e1mogat\u00e1st. Ezt a nagys\u00e1grendet a Hungaroring \u00e9vente kapja meg az \u00e1llamt\u00f3l k\u00fcl\u00f6nb\u00f6z\u0151 jogc\u00edmeken.<\/p>\n<p>A hazai verseny rendez\u00e9s\u00e9nek jogd\u00edj\u00e1t teljes eg\u00e9sz\u00e9ben a magyar \u00e1llam biztos\u00edtja, de ezen k\u00edv\u00fcl is kap kisebb, nagys\u00e1grendileg sz\u00e1zmilli\u00f3 forintos t\u00e1mogat\u00e1sokat a Hungaroring Zrt. p\u00e9ld\u00e1ul k\u00f6zleked\u00e9sbiztons\u00e1gi t\u00e9m\u00e1kra \u00e9s fel\u00faj\u00edt\u00e1sokra.<\/p>\n<p>Az \u00e1llam k\u00f6zvetett m\u00f3don is t\u00e1mogatja a c\u00e9get: a t\u00e9v\u00e9k\u00f6zvet\u00edt\u00e9si \u00e9s gy\u00e1rt\u00e1si jogokat az MTVA vette meg, \u00e1llami p\u00e9nzb\u0151l. Az elm\u00falt nyolc \u00e9vben a k\u00f6zvetlen \u00e1llami t\u00e1mogat\u00e1s a bev\u00e9telek 64 sz\u00e1zal\u00e9k\u00e1t tette ki, a k\u00f6zvetett \u00e1llami t\u00e1mogat\u00e1snak tekinthet\u0151 jogd\u00edjakkal egy\u00fctt m\u00e1r 81 sz\u00e1zal\u00e9k\u00e1t.<\/p>\n<p>Mindez az\u00e9rt elkeser\u00edt\u0151, mert m\u00e1s eur\u00f3pai orsz\u00e1gokban t\u00e1mogat\u00e1s n\u00e9lk\u00fcl is nyeres\u00e9gesen tudj\u00e1k \u00fczemeltetni a versenyeket \u00e9s a p\u00e1ly\u00e1kat.<\/p>\n<p>A Hungaroring kihaszn\u00e1lts\u00e1ga viszont elk\u00e9peszt\u0151en rossz, a Forma\u20131 versenyen k\u00edv\u00fcl \u00f6sszesen alig \u00e9vente egymilli\u00e1rd forint k\u00f6r\u00fcli \u00e1rbev\u00e9telt siker\u00fcl el\u00e9rni. Ez tavaly is csak 1,1 milli\u00e1rd forint volt.<\/p>\n<p>Forr\u00e1saink szerint ebben szerepe lehet, hogy megfelel\u0151 \u00f6sszek\u00f6ttet\u00e9s mellett olcs\u00f3n lehet kib\u00e9relni a versenyp\u00e1ly\u00e1t. A c\u00e9g v\u00e1lasza szerint a Hungaroring bels\u0151 szab\u00e1lyzata d\u00f6nt arr\u00f3l, ki \u00e9s mennyi\u00e9rt veheti b\u00e9rbe a p\u00e1ly\u00e1t.<\/p>\n<p>Szalay Bal\u00e1zs, az ismert egykori P\u00e1rizs\u2013Dakar versenyz\u0151 2011 \u00e9s 2012 k\u00f6z\u00f6tt volt a Hungaroring \u00fczletfejleszt\u00e9si igazgat\u00f3ja. K\u00e9s\u0151bb a Hungaroring Classic esem\u00e9ny f\u0151szervez\u0151jek\u00e9nt <a href=\"https:\/\/nava.hu\/id\/3521574\/\" target=\"_blank\" rel=\"nofollow noopener\">szerepelt<\/a>. K\u00edv\u00e1ncsiak voltunk, hogy az esem\u00e9nyt <a href=\"https:\/\/hungaroringclassic.hu\/wp-content\/uploads\/2026\/03\/GDPR_adatvedelmi_es_adatkezelesi_szabalyzat.pdf\" target=\"_blank\" rel=\"nofollow noopener\">szervez\u0151<\/a>, Szalay Bal\u00e1zs tulajdon\u00e1ban \u00e1ll\u00f3 v\u00e1llalkoz\u00e1ssal a Hungaroring Sport Zrt. milyen felt\u00e9telekkel k\u00f6t\u00f6tt b\u00e9rleti szerz\u0151d\u00e9st. Ezzel kapcsolatban azt \u00edrt\u00e1k, hogy az akkor m\u00e9g Hungaro Classic Kft. n\u00e9ven m\u0171k\u00f6d\u0151 c\u00e9g a Classic versenyek jogainak birtokosak\u00e9nt 2017-ben \u00e9s 2019-ben egy\u00fcttm\u0171k\u00f6d\u00e9si meg\u00e1llapod\u00e1s keret\u00e9ben dolgozott egy\u00fctt a Hungaroringgel.<\/p>\n<p>A t\u00e1rsas\u00e1got tavaly december \u00f3ta Oldtimer Car Service Kft.-nek h\u00edvj\u00e1k, \u00e9s err\u0151l azt \u00edrta a Hungaroring Sport Zrt., hogy vele b\u00e9rleti szerz\u0151d\u00e9s nem \u00e1ll \u00e9s nem is \u00e1llt fenn. A Hungaroring Classicot id\u00e9n is megrendezt\u00e9k j\u00falius 4\u20135-\u00e9n, az esem\u00e9ny <a href=\"https:\/\/hungaroringclassic.hu\/wp-content\/uploads\/2026\/03\/GDPR_adatvedelmi_es_adatkezelesi_szabalyzat.pdf\" target=\"_blank\" rel=\"nofollow noopener\">adatv\u00e9delmi t\u00e1j\u00e9koztat\u00f3ja<\/a> szerint val\u00f3sz\u00edn\u0171leg az Oldtimer Car Service Kft. szervez\u00e9s\u00e9ben. B\u00e1r ennek id\u00e9n febru\u00e1rt\u00f3l egy szlov\u00e1kiai c\u00e9g a tulajdonosa, k\u00e9pvisel\u0151k\u00e9nt Szalay Bal\u00e1zs volt megadva.<\/p>\n<p>Ez az\u00e9rt lehet \u00e9rdekes, mert a Hungaroring Zrt.-t 2010-t\u0151l eln\u00f6kk\u00e9nt, majd 2015-t\u0151l eln\u00f6k-vez\u00e9rigazgat\u00f3k\u00e9nt vezet\u0151 Gyulay Zsolt \u00e9s Szalay Bal\u00e1zs kapcsolata hossz\u00fa m\u00faltra tekint vissza a magyar aut\u00f3sportban: t\u00f6bb szakmai szervezetben is egy\u00fctt v\u00e1llaltak szerepet, \u00e9s rendszeresen felt\u0171nnek k\u00f6z\u00f6s motorsportesem\u00e9nyeken. \u00dczleti kapcsolatukra p\u00e9lda a margitszigeti Champs Sziget Kft., amelyet m\u00e1sokkal egy\u00fctt k\u00f6z\u00f6sen alap\u00edtottak. (A t\u00e1rsas\u00e1gn\u00e1l a NAV \u00e1facsal\u00e1s gyan\u00faja miatt vizsg\u00e1latot folytatott, amelyr\u0151l kor\u00e1bban a G7 r\u00e9szletesen <a href=\"https:\/\/telex.hu\/g7\/vallalat\/2025\/12\/18\/szamlagyar-champs-sziget-bajnokok-adocsalas\" class=\"\" rel=\"nofollow noopener\" target=\"_blank\">\u00edrt<\/a>; Gyulay Zsolt m\u00e1r 2019-ben kiv\u00e1lt a c\u00e9gb\u0151l, feles\u00e9ge pedig 2024-ben.) A k\u00e9t sportvezet\u0151 az \u00e1llami sportir\u00e1ny\u00edt\u00e1sban is t\u00f6bb ponton tal\u00e1lkozott.<\/p>\n<p><img decoding=\"async\" src=\"https:\/\/www.europesays.com\/hu\/wp-content\/uploads\/2026\/07\/1783597535-temp-tv3tuq8d3ppefollohf_cikktorzs:xl.jpg\"  loading=\"lazy\" alt=\" Szalay Bal\u00e1zs, Gyulay Zsolt \u00e9s Szil\u00e1gyi \u00c1ron \u00f6r\u00f6k\u00edtik meg a k\u00e9zlenyomatukat a Testnevel\u00e9si Egyetemen 2023. m\u00e1jus 3-\u00e1n \u2013 Forr\u00e1s: Testnevel\u00e9si Egyetem\" class=\"placeholder_\"\/><\/p>\n<p> Szalay Bal\u00e1zs, Gyulay Zsolt \u00e9s Szil\u00e1gyi \u00c1ron \u00f6r\u00f6k\u00edtik meg a k\u00e9zlenyomatukat a Testnevel\u00e9si Egyetemen 2023. m\u00e1jus 3-\u00e1n \u2013 Forr\u00e1s: Testnevel\u00e9si Egyetem<\/p>\n<p>A Hungaroring vezet\u00e9se csal\u00e1di sz\u00e1lakon kereszt\u00fcl is kapcsol\u00f3dik az eln\u00f6k-vez\u00e9rigazgat\u00f3hoz: Gyulay Zsolt l\u00e1nya, Gyulay Rebeka 2023 \u00f3ta a Hungaroring Zrt. \u00fczemeltet\u00e9si igazgat\u00f3ja. A c\u00e9gadatok szerint 2015 \u00f3ta dolgozik a t\u00e1rsas\u00e1gn\u00e1l, amely els\u0151 munkahelyek\u00e9nt szerepel szakmai bemutatkoz\u00e1s\u00e1ban, a t\u00e1rsas\u00e1g szerint kiv\u00e1laszt\u00e1sa a szakmai felk\u00e9sz\u00fclts\u00e9g\u00e9nek k\u00f6sz\u00f6nhet\u0151*<\/p>\n<p>\u201eA Hungaroring Sport Zrt.-n\u00e9l a vezet\u0151i kiv\u00e1laszt\u00e1s sor\u00e1n els\u0151dleges szempont a szakmai felk\u00e9sz\u00fclts\u00e9g, a teljes\u00edtm\u00e9ny \u00e9s a szervezet m\u0171k\u00f6d\u00e9s\u00e9nek alapos ismerete. A t\u00e1rsas\u00e1g kiemelten t\u00e1mogatja a bels\u0151 el\u0151menetelt, mivel az hossz\u00fa t\u00e1von biztos\u00edtja a felhalmozott szakmai tud\u00e1s meg\u0151rz\u00e9s\u00e9t \u00e9s a m\u0171k\u00f6d\u00e9s folytonoss\u00e1g\u00e1t. Gyulay Rebeka t\u00f6bb mint t\u00edz \u00e9ve dolgozik a Hungaroring Sport Zrt.-n\u00e9l, p\u00e1lyafut\u00e1s\u00e1t gyakornokk\u00e9nt kezdte, ezt k\u00f6vet\u0151en t\u00f6bb szakmai \u00e9s vezet\u0151i poz\u00edci\u00f3t t\u00f6lt\u00f6tt be. COO kinevez\u00e9s\u00e9re a szakmai teljes\u00edtm\u00e9nye, vezet\u0151i tapasztalata \u00e9s a szervezetben szerzett t\u00f6bb\u00e9ves munk\u00e1ja alapj\u00e1n ker\u00fclt sor.\u201d<\/p>\n<p>.<\/p>\n<p>Gyulay Zsolt szerepe az\u00e9rt is \u00e9rdekes, mert a k\u00e9tszeres olimpiai bajnok kajakos c\u00e9gvezet\u0151i m\u00faltja a NER-hez k\u00f6t\u0151dik. 2012-ben a Nemzeti Doh\u00e1nykereskedelmi Nonprofit Zrt. vez\u00e9rigazgat\u00f3ja lett, amely a doh\u00e1nypiac \u00fajraszab\u00e1lyoz\u00e1s\u00e1nak lebonyol\u00edt\u00e1s\u00e1ban vett r\u00e9szt. A trafikp\u00e1ly\u00e1zatok eredm\u00e9nye jelent\u0151s t\u00e1rsadalmi \u00e9s politikai vit\u00e1kat v\u00e1ltott ki; a nyertesek k\u00f6z\u00f6tt Gyulay <a href=\"https:\/\/hvg.hu\/gazdasag\/20130531_Trafikmutyi_Gyulay_Zsolt_sogornoje_is_nye\" target=\"_blank\" rel=\"nofollow noopener\">szem\u00e9lyes<\/a> \u00e9s <a href=\"https:\/\/hvg.hu\/gazdasag\/20130603_Trafikmutyi_Gyulay_baratjanak_csaladja_is\" target=\"_blank\" rel=\"nofollow noopener\">\u00fczleti<\/a> k\u00f6rnyezet\u00e9hez k\u00f6thet\u0151 szerepl\u0151k is megjelentek, ami akkoriban tov\u00e1bbi k\u00e9rd\u00e9seket vetett fel. Vez\u00e9rigazgat\u00f3i tiszts\u00e9g\u00e9t\u0151l 2016-ban v\u00e1lt meg.<\/p>\n<p>A h\u00e9tv\u00e9gi Forma\u20131 Magyar Nagyd\u00edj ut\u00e1n kider\u00fcl, hogy a Hungaroring Sport Zrt.-n\u00e9l vezet\u0151 maradhat-e majd az \u00faj korm\u00e1ny alatt is Gyulay Zsolt, aki nem mellesleg a Magyar Olimpiai Bizotts\u00e1g eln\u00f6ke 2022 \u00f3ta.<\/p>\n","protected":false},"excerpt":{"rendered":"A Hungaroring azon kev\u00e9s Forma\u20131 versenyek egyike, amelyek hossz\u00fa \u00e9vtizedek \u00f3ta folyamatosan a versenynapt\u00e1r r\u00e9szei. Az els\u0151, 1986-os&hellip;\n","protected":false},"author":2,"featured_media":184038,"comment_status":"","ping_status":"","sticky":false,"template":"","format":"standard","meta":{"footnotes":"","_share_on_mastodon":"0"},"categories":[14],"tags":[1326,4217,44,42,15488,22652,40,43,15487,41,45,131,3037],"class_list":["post-184037","post","type-post","status-publish","format-standard","has-post-thumbnail","category-sport","tag-forma-1","tag-gyulay-zsolt","tag-hu","tag-hungarian","tag-hungaroring","tag-hungaroring-sport-zrt","tag-hungary","tag-magyar","tag-magyar-nagydij","tag-magyarorszag","tag-sport","tag-sports","tag-vallalat"],"share_on_mastodon":{"url":"https:\/\/pubeurope.com\/@hu\/116976432551583313","error":""},"_links":{"self":[{"href":"https:\/\/www.europesays.com\/hu\/wp-json\/wp\/v2\/posts\/184037","targetHints":{"allow":["GET"]}}],"collection":[{"href":"https:\/\/www.europesays.com\/hu\/wp-json\/wp\/v2\/posts"}],"about":[{"href":"https:\/\/www.europesays.com\/hu\/wp-json\/wp\/v2\/types\/post"}],"author":[{"embeddable":true,"href":"https:\/\/www.europesays.com\/hu\/wp-json\/wp\/v2\/users\/2"}],"replies":[{"embeddable":true,"href":"https:\/\/www.europesays.com\/hu\/wp-json\/wp\/v2\/comments?post=184037"}],"version-history":[{"count":0,"href":"https:\/\/www.europesays.com\/hu\/wp-json\/wp\/v2\/posts\/184037\/revisions"}],"wp:featuredmedia":[{"embeddable":true,"href":"https:\/\/www.europesays.com\/hu\/wp-json\/wp\/v2\/media\/184038"}],"wp:attachment":[{"href":"https:\/\/www.europesays.com\/hu\/wp-json\/wp\/v2\/media?parent=184037"}],"wp:term":[{"taxonomy":"category","embeddable":true,"href":"https:\/\/www.europesays.com\/hu\/wp-json\/wp\/v2\/categories?post=184037"},{"taxonomy":"post_tag","embeddable":true,"href":"https:\/\/www.europesays.com\/hu\/wp-json\/wp\/v2\/tags?post=184037"}],"curies":[{"name":"wp","href":"https:\/\/api.w.org\/{rel}","templated":true}]}}