{"id":186424,"date":"2026-07-27T06:07:19","date_gmt":"2026-07-27T06:07:19","guid":{"rendered":"https:\/\/www.europesays.com\/hu\/186424\/"},"modified":"2026-07-27T06:07:19","modified_gmt":"2026-07-27T06:07:19","slug":"europa-szovjet-s-300-as-raketakbol-fejleszt-raketapajzsot","status":"publish","type":"post","link":"https:\/\/www.europesays.com\/hu\/186424\/","title":{"rendered":"Eur\u00f3pa szovjet S-300-as rak\u00e9t\u00e1kb\u00f3l fejleszt rak\u00e9tapajzsot."},"content":{"rendered":"<p> A Freya projekt alapjai.<\/p>\n<p> <a class=\"data-link\" data-org-href=\"https:\/\/www.vietnam.vn\/hu\/tag\/ukraine\" href=\"https:\/\/www.vietnam.vn\/hu\/tag\/ukraine\" title=\"Ukrajna\" target=\"_blank\" rel=\"nofollow noopener\">Az ukr\u00e1n<\/a> v\u00e9delmi ipar bemutatta az FP-7 ballisztikus rak\u00e9ta-elfog\u00f3 rendszert, amely v\u00e1rhat\u00f3an kulcsfontoss\u00e1g\u00fa elem\u00e9v\u00e9 v\u00e1lik az Ukrajna \u00e9s eur\u00f3pai partnerei \u00e1ltal k\u00f6z\u00f6sen fejlesztett Freya rak\u00e9tav\u00e9delmi rendszernek.<\/p>\n<p> A projektet a hidegh\u00e1bor\u00fa \u00f3ta Eur\u00f3pa egyik legambici\u00f3zusabb rak\u00e9tav\u00e9delmi programj\u00e1nak tartj\u00e1k, amely akkor v\u00e1lt ismertt\u00e9, amikor a \u201eHajland\u00f3ak Koal\u00edci\u00f3j\u00e1hoz\u201d tartoz\u00f3 t\u00f6bb orsz\u00e1g bejelentette egy \u00faj sz\u00f6vets\u00e9g megalakul\u00e1s\u00e1t, amelynek c\u00e9lja egy k\u00f6lts\u00e9ghat\u00e9kony v\u00e9delmi h\u00e1l\u00f3zat ki\u00e9p\u00edt\u00e9se a ballisztikus rak\u00e9t\u00e1k fenyeget\u00e9se ellen. <\/p>\n<p><img title=\"Eur\u00f3pa szovjet S-300-as rak\u00e9t\u00e1kb\u00f3l fejleszt rak\u00e9tapajzsot.\" data-socail-link=\"https:\/\/baoangiang.com.vn\/chau-au-phat-trien-la-chan-ten-lua-tu-dan-s-300-lien-xo-a493564.html\" class=\"zoomimg zoomimg2\" alt=\"Ph\u00f3ng t\u00ean l\u1eeda 5V55 t\u1eeb h\u1ec7 th\u1ed1ng S-300. \u1ea2nh Military Watch\" data-detail=\"1\" data-height=\"363\" data-id=\"2860635\" data-index=\"1\" src=\"https:\/\/www.europesays.com\/hu\/wp-content\/uploads\/2026\/07\/phong-ten-lua-5v55-tu-he-thong-s-300-15270461.jpg\" data-was-processed=\"true\" data-width=\"660\" decoding=\"async\" fetchpriority=\"high\" height=\"363\" style=\"border-width:medium;border-style:none;border-color:currentcolor;border-image:none;vertical-align:middle;height:auto;width:660px;;cursor:pointer\"\/><\/p>\n<p class=\"note ignore\"> 5V55 rak\u00e9ta kil\u00f6v\u00e9se egy S-300 rendszerb\u0151l. Fot\u00f3: Military Watch<\/p>\n<p> \u00c9rdemes megjegyezni, hogy az FP-7 nem teljesen \u00faj konstrukci\u00f3. Az ukr\u00e1n f\u00e9l szerint ezt a rak\u00e9t\u00e1t az 5V55-\u00f6s l\u00e9gv\u00e9delmi rak\u00e9ta alapj\u00e1n fejlesztett\u00e9k ki \u2013 ez egy olyan l\u00e9gv\u00e9delmi rak\u00e9ta, amelyet az 1970-es \u00e9vekben a Szovjetuni\u00f3 \u00e1ltal kifejlesztett S-300P rendszerrel szereltek fel.<\/p>\n<p> A szovjet korszakban az ukrajnai Vizar gy\u00e1r r\u00e9szt vett az 5V55 rak\u00e9tasorozat gy\u00e1rt\u00e1s\u00e1ban, seg\u00edtve az orsz\u00e1got fenntartani az ipari kapacit\u00e1st \u00e9s a szak\u00e9rtelmet az eredeti tervvel kapcsolatban.<\/p>\n<p> A fejleszt\u0151 szerint az FP-7-et jelent\u0151sen tov\u00e1bbfejlesztett\u00e9k a motor, az ir\u00e1ny\u00edt\u00e1s \u00e9s a vez\u00e9rl\u0151rendszerek tekintet\u00e9ben, \u00edgy t\u00f6bb mint 150 km-es elfog\u00f3 hat\u00f3t\u00e1vols\u00e1got tud el\u00e9rni. \u00c1ll\u00edt\u00f3lag a rak\u00e9ta teljes\u00edtette els\u0151 ir\u00e1ny\u00edtott tesztrep\u00fcl\u00e9s\u00e9t is.<\/p>\n<p> A Patriot \u00e9s az Arrow 3 mell\u00e9 helyezve<\/p>\n<p>Lehet, hogy ez is tetszik<\/p>\n<p> Az eredeti 5V55 rak\u00e9t\u00e1t az S-300P rendszerhez fejlesztett\u00e9k ki, egy &#8222;hidegind\u00edt\u00e1sos&#8221; f\u00fcgg\u0151leges ind\u00edt\u00e1si technol\u00f3gi\u00e1t alkalmazva \u2013 ez a megold\u00e1s k\u00e9s\u0151bb sz\u00e1mos orosz l\u00e9gv\u00e9delmi rendszer jellemz\u0151j\u00e9v\u00e9 v\u00e1lt.<\/p>\n<p> A tov\u00e1bbfejlesztett 5V55RM v\u00e1ltozat k\u00f6r\u00fclbel\u00fcl 90 km-es hat\u00f3t\u00e1vols\u00e1ggal \u00e9s tov\u00e1bbfejlesztett elektronikus ellentev\u00e9kenys\u00e9gi k\u00e9pess\u00e9gekkel rendelkezik. Ek\u00f6zben \u00fagy v\u00e9lik, hogy az FP-7 jelent\u0151sen megn\u00f6velte a m\u0171k\u00f6d\u00e9si hat\u00f3t\u00e1vols\u00e1g\u00e1t az eredeti tervhez k\u00e9pest.<\/p>\n<p> A szak\u00e9rt\u0151k azonban \u00fagy v\u00e9lik, hogy az FP-7 m\u00e9g mindig meglehet\u0151sen messze van Oroszorsz\u00e1g legmodernebb elfog\u00f3 rak\u00e9t\u00e1it\u00f3l. P\u00e9ld\u00e1ul az S-400 rendszer 40N6 rak\u00e9t\u00e1j\u00e1nak maxim\u00e1lis sebess\u00e9ge k\u00f6r\u00fclbel\u00fcl Mach 14, elfog\u00e1si hat\u00f3t\u00e1vols\u00e1ga pedig ak\u00e1r 400 km, m\u00edg az S-500 77N6-N \u00e9s 77N6-N1 rak\u00e9t\u00e1it ballisztikus rak\u00e9tav\u00e9delemre tervezt\u00e9k, k\u00f6r\u00fclbel\u00fcl 600 km-es hat\u00f3t\u00e1vols\u00e1ggal.<\/p>\n<p> Elemz\u0151k szerint Eur\u00f3pa d\u00f6nt\u00e9se az FP-7 fejleszt\u00e9s\u00e9r\u0151l azt a val\u00f3s\u00e1got t\u00fckr\u00f6zi, hogy a r\u00e9gi\u00f3 tov\u00e1bbra is jelent\u0151sen f\u00fcgg a k\u00fcls\u0151 rak\u00e9tav\u00e9delmi technol\u00f3gi\u00e1t\u00f3l.<\/p>\n<p> Jelenleg sz\u00e1mos eur\u00f3pai orsz\u00e1g m\u00e9g mindig haszn\u00e1l vagy v\u00e1s\u00e1rol olyan rendszereket, mint az amerikai Patriot, az izraeli Arrow 3 vagy a David&#8217;s Sling. N\u00e9h\u00e1ny kelet-eur\u00f3pai orsz\u00e1g tov\u00e1bbra is \u00fczemeltet szovjet eredet\u0171 l\u00e9gv\u00e9delmi rendszereket. <\/p>\n<p><img decoding=\"async\" title=\"Eur\u00f3pa szovjet S-300-as rak\u00e9t\u00e1kb\u00f3l fejleszt rak\u00e9tapajzsot.\" data-socail-link=\"https:\/\/baoangiang.com.vn\/chau-au-phat-trien-la-chan-ten-lua-tu-dan-s-300-lien-xo-a493564.html\" class=\"zoomimg zoomimg2\" alt=\"Ph\u00f3ng t\u00ean l\u1eeda 5V55 t\u1eeb h\u1ec7 th\u1ed1ng S-300. \u1ea2nh Military Watch\" data-adbro-processed=\"true\" data-detail=\"1\" data-height=\"369\" data-id=\"2860634\" data-index=\"2\" src=\"https:\/\/www.europesays.com\/hu\/wp-content\/uploads\/2026\/07\/phong-ten-lua-5v55-tu-he-thong-s-300-15270409.jpg\" data-was-processed=\"true\" data-width=\"660\" height=\"369\" style=\"border-width:medium;border-style:none;border-color:currentcolor;border-image:none;vertical-align:top;height:auto;width:660px;;cursor:pointer\"\/><\/p>\n<p class=\"note ignore\"> 5V55 rak\u00e9ta kil\u00f6v\u00e9se egy S-300 rendszerb\u0151l. Fot\u00f3: Military Watch<\/p>\n<p> Multinacion\u00e1lis projekt<\/p>\n<p> Az egyetlen v\u00e1llalat \u00e1ltal v\u00e9grehajtott fegyverfejleszt\u00e9si programokkal ellent\u00e9tben a Frey\u00e1t multinacion\u00e1lis egy\u00fcttm\u0171k\u00f6d\u00e9si projektk\u00e9nt tervezt\u00e9k.<\/p>\n<p> A terv szerint az ukr\u00e1n FirePoint v\u00e9delmi v\u00e1llalat lesz felel\u0151s az FP-7 elfog\u00f3 rak\u00e9ta fejleszt\u00e9s\u00e9\u00e9rt, m\u00edg az eur\u00f3pai partnerek a radart, a parancsnoki \u00e9s ir\u00e1ny\u00edt\u00f3 rendszert, a hordoz\u00f3rak\u00e9t\u00e1t, a kommunik\u00e1ci\u00f3s h\u00e1l\u00f3zatot \u00e9s az egy\u00e9b t\u00e1mogat\u00f3 elemeket kezelik.<\/p>\n<p> Forr\u00e1sok szerint N\u00e9metorsz\u00e1g, Franciaorsz\u00e1g, <a class=\"data-link\" data-org-href=\"https:\/\/www.vietnam.vn\/hu\/tag\/anh\" href=\"https:\/\/www.vietnam.vn\/hu\/tag\/anh\" title=\"id\u0151sebb testv\u00e9r\" target=\"_blank\" rel=\"nofollow noopener\">az Egyes\u00fclt Kir\u00e1lys\u00e1g<\/a> \u00e9s sz\u00e1mos m\u00e1s eur\u00f3pai orsz\u00e1g csatlakozott a kezdem\u00e9nyez\u00e9shez.<\/p>\n<p> Ha sikeresen megval\u00f3s\u00edtj\u00e1k, a Freya Eur\u00f3pa egyik legnagyobb rak\u00e9tav\u00e9delmi egy\u00fcttm\u0171k\u00f6d\u00e9si projektj\u00e9v\u00e9 v\u00e1lhat az elm\u00falt \u00e9vekben, jelezve az Egyes\u00fclt \u00c1llamokb\u00f3l \u00e9s Izraelb\u0151l import\u00e1lt v\u00e9delmi rendszerekt\u0151l val\u00f3 f\u00fcgg\u0151s\u00e9g cs\u00f6kkent\u00e9s\u00e9re ir\u00e1nyul\u00f3 er\u0151fesz\u00edt\u00e9seket. Az FP-7 t\u00e9nyleges hat\u00e9konys\u00e1g\u00e1nak, valamint a teljes rendszer befejez\u00e9se fel\u00e9 tett el\u0151rel\u00e9p\u00e9snek az ellen\u0151rz\u00e9s\u00e9hez azonban m\u00e9g t\u00f6bb id\u0151re van sz\u00fcks\u00e9g.<\/p>\n<p class=\"author ignore\"> LE HUNG (VTC News) szerint<\/p>\n<p> Forr\u00e1s: https:\/\/baoangiang.com.vn\/chau-au-phat-trien-la-chan-ten-lua-tu-dan-s-300-lien-xo-a493564.html<\/p>\n","protected":false},"excerpt":{"rendered":"A Freya projekt alapjai. Az ukr\u00e1n v\u00e9delmi ipar bemutatta az FP-7 ballisztikus rak\u00e9ta-elfog\u00f3 rendszert, amely v\u00e1rhat\u00f3an kulcsfontoss\u00e1g\u00fa elem\u00e9v\u00e9&hellip;\n","protected":false},"author":2,"featured_media":186425,"comment_status":"","ping_status":"","sticky":false,"template":"","format":"standard","meta":{"footnotes":"","_share_on_mastodon":"0"},"categories":[3],"tags":[44227,44229,44226,107,106,105,8351,42,43,44230,44228,52902,52901],"class_list":["post-186424","post","type-post","status-publish","format-standard","has-post-thumbnail","category-europa","tag-apec-2027","tag-egy-giang","tag-egy-giang-ujsag","tag-eu","tag-europa","tag-europe","tag-fejlesztes","tag-hungarian","tag-magyar","tag-phu-quoc","tag-rach-gia","tag-raketapajzs","tag-szovjet-s-300-raketa"],"share_on_mastodon":{"url":"https:\/\/pubeurope.com\/@hu\/116990446827347445","error":""},"_links":{"self":[{"href":"https:\/\/www.europesays.com\/hu\/wp-json\/wp\/v2\/posts\/186424","targetHints":{"allow":["GET"]}}],"collection":[{"href":"https:\/\/www.europesays.com\/hu\/wp-json\/wp\/v2\/posts"}],"about":[{"href":"https:\/\/www.europesays.com\/hu\/wp-json\/wp\/v2\/types\/post"}],"author":[{"embeddable":true,"href":"https:\/\/www.europesays.com\/hu\/wp-json\/wp\/v2\/users\/2"}],"replies":[{"embeddable":true,"href":"https:\/\/www.europesays.com\/hu\/wp-json\/wp\/v2\/comments?post=186424"}],"version-history":[{"count":0,"href":"https:\/\/www.europesays.com\/hu\/wp-json\/wp\/v2\/posts\/186424\/revisions"}],"wp:featuredmedia":[{"embeddable":true,"href":"https:\/\/www.europesays.com\/hu\/wp-json\/wp\/v2\/media\/186425"}],"wp:attachment":[{"href":"https:\/\/www.europesays.com\/hu\/wp-json\/wp\/v2\/media?parent=186424"}],"wp:term":[{"taxonomy":"category","embeddable":true,"href":"https:\/\/www.europesays.com\/hu\/wp-json\/wp\/v2\/categories?post=186424"},{"taxonomy":"post_tag","embeddable":true,"href":"https:\/\/www.europesays.com\/hu\/wp-json\/wp\/v2\/tags?post=186424"}],"curies":[{"name":"wp","href":"https:\/\/api.w.org\/{rel}","templated":true}]}}