{"id":18643,"date":"2026-03-07T22:53:07","date_gmt":"2026-03-07T22:53:07","guid":{"rendered":"https:\/\/www.europesays.com\/hu\/18643\/"},"modified":"2026-03-07T22:53:07","modified_gmt":"2026-03-07T22:53:07","slug":"sulyosbodik-a-valsag-iran-belbiztonsagi-eroinel-gyorsan-romlo-moralrol-ir-egy-jelentes","status":"publish","type":"post","link":"https:\/\/www.europesays.com\/hu\/18643\/","title":{"rendered":"S\u00falyosbodik a v\u00e1ls\u00e1g Ir\u00e1n belbiztons\u00e1gi er\u0151in\u00e9l, gyorsan roml\u00f3 mor\u00e1lr\u00f3l \u00edr egy jelent\u00e9s"},"content":{"rendered":"<p>Ir\u00e1n belbiztons\u00e1gi er\u0151i egyre s\u00falyosbod\u00f3 v\u00e1ls\u00e1ggal n\u00e9znek szembe, miut\u00e1n az Egyes\u00fclt \u00c1llamok \u00e9s Izrael \u00f6sszehangolt t\u00e1mad\u00e1saiban ak\u00e1r 900\u20131000 ember is meghalhatott \u2013 der\u00fcl ki az <a href=\"https:\/\/www.euractiv.com\/news\/intelligence-assessment-casualties-and-confusion-grip-irans-internal-security-forces\/\" target=\"_blank\" rel=\"nofollow noopener\">Euractiv<\/a> \u00e1ltal megszerzett nyugati h\u00edrszerz\u00e9si \u00e9rt\u00e9kel\u00e9sb\u0151l.<\/p>\n<p>Az \u00e9rt\u00e9kel\u00e9sben szerepelnek az ir\u00e1ni biztons\u00e1gi tisztek lehallgatott besz\u00e9lget\u00e9sei is, amelyek ugyan nem voltak f\u00fcggetlen\u00fcl meger\u0151s\u00edthet\u0151k, de megegyeznek azokkal az Ir\u00e1nb\u00f3l sz\u00e1rmaz\u00f3, hiteles\u00edtett jelent\u00e9sekkel, amelyek szerint sz\u00e9les k\u00f6r\u0171 t\u00e1mad\u00e1s \u00e9rte az orsz\u00e1g hatalmas belbiztons\u00e1gi appar\u00e1tus\u00e1nak k\u00f6zponti infrastrukt\u00far\u00e1j\u00e1t.<\/p>\n<p>Ha az Egyes\u00fclt \u00c1llamok \u00e9s Izrael meg akarja d\u00f6nteni a rezsimet, ahhoz elengedhetetlen megt\u00f6rni az Ir\u00e1ni Iszl\u00e1m Forradalmi G\u00e1rda \u00e1ltal ir\u00e1ny\u00edtott belbiztons\u00e1gi er\u0151ket, amelyek janu\u00e1rban brut\u00e1lis fell\u00e9p\u00e9ssel sz\u00e9tvert\u00e9k az orsz\u00e1gszerte zajl\u00f3 t\u00fcntet\u00e9seket, t\u00f6bb t\u00edzezrek hal\u00e1l\u00e1t okozva.<\/p>\n<p>Az \u00e1ldozatok sz\u00e1ma jelenti az egyik legs\u00falyosabb csap\u00e1st az Iszl\u00e1m K\u00f6zt\u00e1rsas\u00e1g 1979-es megalakul\u00e1sa \u00f3ta. Az \u00e9rt\u00e9kel\u00e9sben sz\u00f3 esik a terepen l\u00e9v\u0151 katon\u00e1k \u00e9s a magasabb rang\u00fa parancsnokok k\u00f6z\u00f6tti egyre n\u00f6vekv\u0151 fesz\u00fclts\u00e9gr\u0151l is.<\/p>\n<p>A t\u00e1mad\u00e1sokban ugyanis t\u00f6bb olyan teher\u00e1ni sportcsarnok is megs\u00e9r\u00fclt, amelyeket ideiglenes gy\u00fclekez\u0151helyk\u00e9nt haszn\u00e1lt\u00e1k, hogy ezzel cs\u00f6kkents\u00e9k a biztons\u00e1gi er\u0151k sebezhet\u0151s\u00e9g\u00e9t. A legt\u00f6bb \u00e1ldozatot \u00e1ll\u00edt\u00f3lag egy 12 ezer f\u00e9r\u0151helyes l\u00e9tes\u00edtm\u00e9ny t\u00e1mad\u00e1sa k\u00f6vetelte, m\u00edg strat\u00e9giailag egy logisztikai b\u00e1zis megsemmis\u00fcl\u00e9se volt a legjelent\u0151sebb, ahol a bels\u0151 jelent\u00e9sek szerint sz\u00e1m\u00edt\u00e1stechnikai berendez\u00e9sek, j\u00e1rm\u0171vek \u00e9s ell\u00e1tm\u00e1nyokat tartalmaz\u00f3 rakt\u00e1rak semmis\u00fcltek meg, ezzel s\u00falyosan megzavarva az ir\u00e1ni rend\u0151ri m\u0171veleteket.<\/p>\n<p>A biztons\u00e1gi appar\u00e1tus becsl\u00e9sei szerint a vesztes\u00e9gek t\u00f6bb t\u00edzmilli\u00e1rd doll\u00e1rnak megfelel\u0151 \u00f6sszegre is r\u00faghatnak, a t\u00e1mad\u00e1sban elvesztett logisztikai kapacit\u00e1s helyre\u00e1ll\u00edt\u00e1sa ak\u00e1r egy \u00e9vtizedet is ig\u00e9nybe vehet.<\/p>\n<p>A mor\u00e1l is gyorsan romlik, a belbiztons\u00e1gi er\u0151k szerint ellentmond\u00e1sos parancsokat kapnak odafentr\u0151l, \u00edgy az egys\u00e9gek nem tudj\u00e1k, hogyan tov\u00e1bb, a besz\u00e1mol\u00f3k k\u00e1oszt \u00e9s \u00f6sszevisszas\u00e1got eml\u00edtenek. Sok helyen a parancsnoks\u00e1gnak nem merik jelenteni a s\u00falyos helyzetet, mert f\u00e9lnek a fegyelmi k\u00f6vetkezm\u00e9nyekt\u0151l.<\/p>\n<p>Bels\u0151 jelent\u00e9sek szerint sok tiszt ink\u00e1bb j\u00e1rm\u0171vekben vagy ideiglenes sz\u00e1ll\u00e1son alszik, mintsem hogy olyan b\u00e1zisokon maradjon, amelyek ism\u00e9t t\u00e1mad\u00e1s \u00e9rhet. Vannak, akik att\u00f3l tartanak, hogy hamarosan nem kapnak majd fizet\u00e9st, egyesek azt \u00e1ll\u00edtj\u00e1k, hogy a b\u00e9rek kifizet\u00e9se m\u00e1ris k\u00e9sik. Sokan felh\u00e1borodtak azon is, hogy a magas rang\u00fa tisztek vagyont\u00e1rgyakat adnak el \u00e9s kript\u00f3ra v\u00e1ltj\u00e1k a p\u00e9nzt, hogy k\u00fclf\u00f6ldre utalhass\u00e1k.<\/p>\n","protected":false},"excerpt":{"rendered":"Ir\u00e1n belbiztons\u00e1gi er\u0151i egyre s\u00falyosbod\u00f3 v\u00e1ls\u00e1ggal n\u00e9znek szembe, miut\u00e1n az Egyes\u00fclt \u00c1llamok \u00e9s Izrael \u00f6sszehangolt t\u00e1mad\u00e1saiban ak\u00e1r 900\u20131000&hellip;\n","protected":false},"author":2,"featured_media":18644,"comment_status":"","ping_status":"","sticky":false,"template":"","format":"standard","meta":{"footnotes":"","_share_on_mastodon":"0"},"categories":[8],"tags":[303,10294,42,304,10293,6538,335,64,43,34,94,93,92],"class_list":["post-18643","post","type-post","status-publish","format-standard","has-post-thumbnail","category-vilag","tag-egyesult-allamok","tag-euractiv","tag-hungarian","tag-iran","tag-irani-tuntetesek","tag-irani-izraeli-konfliktus","tag-izrael","tag-kulfold","tag-magyar","tag-news","tag-vilag","tag-world","tag-world-news"],"share_on_mastodon":{"url":"https:\/\/pubeurope.com\/@hu\/116190355109948281","error":""},"_links":{"self":[{"href":"https:\/\/www.europesays.com\/hu\/wp-json\/wp\/v2\/posts\/18643","targetHints":{"allow":["GET"]}}],"collection":[{"href":"https:\/\/www.europesays.com\/hu\/wp-json\/wp\/v2\/posts"}],"about":[{"href":"https:\/\/www.europesays.com\/hu\/wp-json\/wp\/v2\/types\/post"}],"author":[{"embeddable":true,"href":"https:\/\/www.europesays.com\/hu\/wp-json\/wp\/v2\/users\/2"}],"replies":[{"embeddable":true,"href":"https:\/\/www.europesays.com\/hu\/wp-json\/wp\/v2\/comments?post=18643"}],"version-history":[{"count":0,"href":"https:\/\/www.europesays.com\/hu\/wp-json\/wp\/v2\/posts\/18643\/revisions"}],"wp:featuredmedia":[{"embeddable":true,"href":"https:\/\/www.europesays.com\/hu\/wp-json\/wp\/v2\/media\/18644"}],"wp:attachment":[{"href":"https:\/\/www.europesays.com\/hu\/wp-json\/wp\/v2\/media?parent=18643"}],"wp:term":[{"taxonomy":"category","embeddable":true,"href":"https:\/\/www.europesays.com\/hu\/wp-json\/wp\/v2\/categories?post=18643"},{"taxonomy":"post_tag","embeddable":true,"href":"https:\/\/www.europesays.com\/hu\/wp-json\/wp\/v2\/tags?post=18643"}],"curies":[{"name":"wp","href":"https:\/\/api.w.org\/{rel}","templated":true}]}}