{"id":186967,"date":"2026-07-27T15:12:06","date_gmt":"2026-07-27T15:12:06","guid":{"rendered":"https:\/\/www.europesays.com\/hu\/186967\/"},"modified":"2026-07-27T15:12:06","modified_gmt":"2026-07-27T15:12:06","slug":"sport-pirlo-nem-lesz-olasz-szovetsegi-kapitany-az-orosz-szerencsejatek-szerzodese-miatt","status":"publish","type":"post","link":"https:\/\/www.europesays.com\/hu\/186967\/","title":{"rendered":"Sport: Pirlo nem lesz olasz sz\u00f6vets\u00e9gi kapit\u00e1ny az orosz szerencsej\u00e1t\u00e9k-szerz\u0151d\u00e9se miatt"},"content":{"rendered":"<p>Saj\u00e1t k\u00f6z\u00f6ss\u00e9gi oldal\u00e1n reag\u00e1lt Andrea Pirlo, arra hogy nem \u0151 lesz az olasz labdar\u00fag\u00f3-v\u00e1logatott k\u00f6vetkez\u0151 sz\u00f6vets\u00e9gi kapit\u00e1nya \u2013 sz\u00e1molt be a <a href=\"https:\/\/www.gazzetta.it\/Calcio\/Nazionale\/27-07-2026\/pirlo-italia-social-candidato-ct.shtml?intcmp=hyperlink-articolo-gazit&amp;refresh_ce\" target=\"_blank\" rel=\"nofollow noopener\">Gazzetta<\/a>. A j\u00e1t\u00e9kosk\u00e9nt 116-szoros v\u00e1logatott Pirlo biztos befut\u00f3nak t\u0171nt a kispadra, miut\u00e1n a sz\u00f6vets\u00e9g \u00e1ltal els\u0151k\u00e9nt felk\u00e9rt Carlo Ancelotti \u00e9s Pep Guardiola elutas\u00edtott\u00e1k az aj\u00e1nlatot, \u00e1m v\u00e9g\u00fcl a sz\u00f6vets\u00e9g visszat\u00e1ncolt, miut\u00e1n botr\u00e1ny lett abb\u00f3l, hogy Pirlo tavaly leszerz\u0151d\u00f6tt egy orosz sportfogad\u00e1si c\u00e9ggel, s\u0151t m\u00e9g Moszkv\u00e1ba is elment egy prom\u00f3ci\u00f3s esem\u00e9nyre.<\/p>\n<p>Pirlo az Instagram-sztorik\u00e9nt k\u00f6z\u00f6lt h\u00e9tf\u0151i bejegyz\u00e9s\u00e9ben azt \u00edrja, el\u0151z\u0151 este vil\u00e1goss\u00e1 v\u00e1lt sz\u00e1m\u00e1ra, hogy nem \u0151 lesz a k\u00f6vetkez\u0151 sz\u00f6vets\u00e9gi kapit\u00e1ny.<\/p>\n<p>A Repubblica szerint a h\u00e1tt\u00e9rben az \u00e1ll, hogy az olasz futballsz\u00f6vets\u00e9g eln\u00f6ke le\u00e1ll\u00edtotta Pirlo szerz\u0151d\u00e9s\u00e9nek v\u00e9gleges\u00edt\u00e9s\u00e9t, nem k\u00fcldt\u00e9k tov\u00e1bb al\u00e1\u00edr\u00e1sra az edz\u0151 \u00fcgyv\u00e9deinek, \u00edgy azok m\u00e9g az \u00e9jszaka le\u00e1ll\u00edtott\u00e1k a jelenlegi szerz\u0151d\u00e9se felbont\u00e1s\u00e1t, amely a United FC Dubai nev\u0171 klubbal \u00e1ll fenn.<\/p>\n<p>Pirlo azt \u00edrta a bejegyz\u00e9sben, hogy eg\u00e9szen eddig a sz\u00f6vets\u00e9g ir\u00e1nt \u00e9rzett tisztelet\u00e9b\u0151l hallgatott az \u00fcgyr\u0151l, de most \u00fagy \u00e9rzi, hogy meg kell sz\u00f3lalnia. \u201eTeljes karrierem sor\u00e1n, edz\u0151k\u00e9nt \u00e9s j\u00e1t\u00e9kosk\u00e9nt egyar\u00e1nt teljes m\u00e9rt\u00e9kben betartottam azoknak az orsz\u00e1goknak az a t\u00f6rv\u00e9nyeit, amelyekben dolgoztam \u00e9s szerz\u0151d\u00e9seket k\u00f6t\u00f6ttem\u201d \u2013 fogalmazott az egykori klasszis k\u00f6z\u00e9pp\u00e1ly\u00e1s. <\/p>\n<p>\u201eA professzion\u00e1lis egy\u00fcttm\u0171k\u00f6d\u00e9s, amely az elm\u00falt napokban vita t\u00e1rgy\u00e1rt k\u00e9pezte, az emir\u00e1tusokbeli karrierem r\u00e9szek\u00e9nt j\u00f6tt l\u00e9tre, \u00e9s kiz\u00e1r\u00f3lag \u00fczleti \u00e9s sportjelleg\u0171\u201d \u2013 fogalmazott Pirlo.<\/p>\n<p>Akik politikai jelent\u00e9st tulajdon\u00edtanak ennek az egy\u00fcttm\u0171k\u00f6d\u00e9snek, azok olyan n\u00e9zeteket azonos\u00edtanak velem, amilyeneket sosem fejeztem ki, \u00e9s amelyekkel nem is tudok azonosulni.<\/p>\n<p>\u2013 panaszolta bejegyz\u00e9s\u00e9ben. A <a href=\"https:\/\/www.gazzetta.it\/en\/football\/national-team\/27-07-2026\/italy-pirlo-on-brink-malago-meets-maldini.shtml?refresh_ce\" target=\"_blank\" rel=\"nofollow noopener\">Gazzetta<\/a> szerint ugyanakkor a botr\u00e1ny nem \u00e9rt v\u00e9get azzal, hogy Pirlo helyett \u00faj jel\u00f6ltet keresnek a v\u00e1logatott \u00e9l\u00e9re. Az olasz sz\u00f6vets\u00e9g ugyanis alig egy h\u00f3napja nevezte ki Paolo Maldinit a v\u00e1logatott technikai igazgat\u00f3j\u00e1nak, a h\u00edrek szerint ugyanakkor minden id\u0151k egyik legjobb v\u00e9d\u0151je m\u00e1ris a lemond\u00e1son gondolkodik. M\u00e9gpedig az\u00e9rt, mert \u00fagy \u00e9rzi, hogy a sz\u00f6vets\u00e9g a feje felett v\u00e9t\u00f3zta meg Pirlo kinevez\u00e9s\u00e9t, akit \u0151 \u00e9s tan\u00e1csad\u00f3ja, Leonardo megfelel\u0151 jel\u00f6ltnek tartottak volna a kispadra.<\/p>\n<p>Az olasz focisz\u00f6vets\u00e9g eln\u00f6ke, Giovanni Malago a lap szerint h\u00e9tf\u0151n tal\u00e1lkozik Maldinivel \u00e9s Leonard\u00f3val, \u00e9s megpr\u00f3b\u00e1lja elsim\u00edtani a n\u00e9zetelt\u00e9r\u00e9st. Ugyanakkor a port\u00e1l szerint ha Maldini kitart a lemond\u00e1s mellett, Malago k\u00e9sz elfogadni a nemr\u00e9g kinevezett sportvezet\u0151 t\u00e1voz\u00e1s\u00e1t.<\/p>\n<p>Andrea Pirlo tavaly \u0151sszel szerz\u0151d\u00f6tt le az orosz Fonbet fogad\u00f3irod\u00e1val, amelynek arcak\u00e9nt m\u00e1jusban Moszkv\u00e1ba is elutazott, hogy fell\u00e9pjen a Luzsnyiki Stadionban. Vele volt egy\u00e9bk\u00e9nt egykori csapatt\u00e1rsa, Marco Materazzi is.<\/p>\n<p>Pirlo egykori mil\u00e1n\u00f3i csapatt\u00e1rs\u00e1t, Gennaro Gattus\u00f3t v\u00e1lthatta volna az olasz csapat \u00e9l\u00e9n, aki <a href=\"https:\/\/hvg.hu\/sport\/20260403_tavozik-az-olasz-valogatott-szovetsegi-kapitanya\" target=\"_self\" rel=\"nofollow noopener\">\u00e1prilisban t\u00e1vozott<\/a>, miut\u00e1n biztoss\u00e1 v\u00e1lt, hogy <a href=\"https:\/\/hvg.hu\/sport\/20260401_olaszorszag-bosznia-hercegovina-vilagbajnoksag-potselejtezo-tizenegyesek\" target=\"_self\" rel=\"nofollow noopener\">Olaszorsz\u00e1g zsin\u00f3rban a harmadik vil\u00e1gbajnoks\u00e1gr\u00f3l is lemarad<\/a>.<\/p>\n<p>Nyit\u00f3k\u00e9p: Marco Zac \/ NurPhoto \/ NurPhoto via AFP.<\/p>\n","protected":false},"excerpt":{"rendered":"Saj\u00e1t k\u00f6z\u00f6ss\u00e9gi oldal\u00e1n reag\u00e1lt Andrea Pirlo, arra hogy nem \u0151 lesz az olasz labdar\u00fag\u00f3-v\u00e1logatott k\u00f6vetkez\u0151 sz\u00f6vets\u00e9gi kapit\u00e1nya \u2013&hellip;\n","protected":false},"author":2,"featured_media":186968,"comment_status":"","ping_status":"","sticky":false,"template":"","format":"standard","meta":{"footnotes":"","_share_on_mastodon":"0"},"categories":[14],"tags":[37082,378,44,42,40,43,41,16615,428,52441,45,131],"class_list":["post-186967","post","type-post","status-publish","format-standard","has-post-thumbnail","category-sport","tag-andrea-pirlo","tag-foci","tag-hu","tag-hungarian","tag-hungary","tag-magyar","tag-magyarorszag","tag-olasz-valogatott","tag-olaszorszag","tag-paolo-maldini","tag-sport","tag-sports"],"share_on_mastodon":{"url":"https:\/\/pubeurope.com\/@hu\/116992589590860334","error":""},"_links":{"self":[{"href":"https:\/\/www.europesays.com\/hu\/wp-json\/wp\/v2\/posts\/186967","targetHints":{"allow":["GET"]}}],"collection":[{"href":"https:\/\/www.europesays.com\/hu\/wp-json\/wp\/v2\/posts"}],"about":[{"href":"https:\/\/www.europesays.com\/hu\/wp-json\/wp\/v2\/types\/post"}],"author":[{"embeddable":true,"href":"https:\/\/www.europesays.com\/hu\/wp-json\/wp\/v2\/users\/2"}],"replies":[{"embeddable":true,"href":"https:\/\/www.europesays.com\/hu\/wp-json\/wp\/v2\/comments?post=186967"}],"version-history":[{"count":0,"href":"https:\/\/www.europesays.com\/hu\/wp-json\/wp\/v2\/posts\/186967\/revisions"}],"wp:featuredmedia":[{"embeddable":true,"href":"https:\/\/www.europesays.com\/hu\/wp-json\/wp\/v2\/media\/186968"}],"wp:attachment":[{"href":"https:\/\/www.europesays.com\/hu\/wp-json\/wp\/v2\/media?parent=186967"}],"wp:term":[{"taxonomy":"category","embeddable":true,"href":"https:\/\/www.europesays.com\/hu\/wp-json\/wp\/v2\/categories?post=186967"},{"taxonomy":"post_tag","embeddable":true,"href":"https:\/\/www.europesays.com\/hu\/wp-json\/wp\/v2\/tags?post=186967"}],"curies":[{"name":"wp","href":"https:\/\/api.w.org\/{rel}","templated":true}]}}