{"id":187990,"date":"2026-07-28T12:21:15","date_gmt":"2026-07-28T12:21:15","guid":{"rendered":"https:\/\/www.europesays.com\/hu\/187990\/"},"modified":"2026-07-28T12:21:15","modified_gmt":"2026-07-28T12:21:15","slug":"index-futball-futball-810","status":"publish","type":"post","link":"https:\/\/www.europesays.com\/hu\/187990\/","title":{"rendered":"Index &#8211; Futball &#8211; Futball"},"content":{"rendered":"<p>        <img decoding=\"async\" src=\"https:\/\/www.europesays.com\/hu\/wp-content\/uploads\/2026\/07\/70731413_71238b10fd7322e62ff73927bafb1cf3_wm.jpg\" alt=\"GettyImages-2287312536\"\/><\/p>\n<p>                <a href=\"https:\/\/index.hu\/szerzo\/borbely_laszlo\" rel=\"nofollow noopener\" target=\"_blank\"><br \/>\n                        <img decoding=\"async\" class=\"szerzo-kep\" src=\"https:\/\/www.europesays.com\/hu\/wp-content\/uploads\/2026\/07\/1785241272_756_36250517_2770519_39ff35a56125eb86cdcab5b48845ab2f_wm.png\" alt=\"- bl\u00e1 -\"\/><br \/>\n                <\/a><\/p>\n<p>\n                Kinevez\u00e9se ut\u00e1n b\u0151 k\u00e9t h\u00e9ttel lemondott posztj\u00e1r\u00f3l Paolo Maldini, az Olasz Labdar\u00fag\u00f3 Sz\u00f6vets\u00e9g technikai igazgat\u00f3ja, illetve a szervezet tan\u00e1csad\u00f3ja, Leonardo Nascimento de Ara\u00fajo, akik a v\u00e1logatott \u00e9s az ut\u00e1np\u00f3tl\u00e1s szakmai meg\u00faj\u00edt\u00e1s\u00e1t tervezt\u00e9k \u2013 adta h\u00edr\u00fcl az MTI.            <\/p>\n<p>A k\u00e9t kor\u00e1bbi AC Milan-legenda azzal a c\u00e9llal v\u00e1llalt munk\u00e1t a sz\u00f6vets\u00e9gben, hogy \u00faj alapokra helyezze az olasz futballt, de m\u00e1r az \u00faj sz\u00f6vets\u00e9gi kapit\u00e1ny keres\u00e9se sor\u00e1n \u00f6sszed\u0151lt a terv\u00fck.<\/p>\n<p>Az els\u0151 h\u00edrek arr\u00f3l sz\u00f3ltak, hogy a Manchester Cityt\u0151l t\u00e1vozott Josep Guardiol\u00e1t szeretn\u00e9k megnyerni a projekt \u00e9l\u00e9re, a spanyol edz\u0151vel azonban v\u00e9g\u00fcl nem siker\u00fclt meg\u00e1llapodniuk.<\/p>\n<p>Maldini ezt k\u00f6vet\u0151en egykori csapatt\u00e1rs\u00e1t, a vil\u00e1gbajnok Andrea Pirl\u00f3t szerette volna megnyerni a feladatra, \u0151 viszont egy orosz sportfogad\u00e1si oldallal val\u00f3 kapcsolata miatt &#8222;nem lehetett&#8221; v\u00e9g\u00fcl sz\u00f6vets\u00e9gi kapit\u00e1ny.<\/p>\n<p>Sajt\u00f3h\u00edrek szerint a sz\u00f6vets\u00e9g eln\u00f6ke, a j\u00faniusban kinevezett Giovanni Malag\u00f3 hozta meg a d\u00f6nt\u00e9st.<\/p>\n<p>\n                          (Bor\u00edt\u00f3k\u00e9p:\u00a0\u00a0Claudio Villa &#8211; FIGC\/FIGC via Getty Images)\n                        <\/p>\n<p><a href=\"https:\/\/dex.hu\/x.php?id=googlepref_desktop&amp;url=https:\/\/google.com\/preferences\/source?q=https:\/\/index.hu\" class=\"google-pref-banner \" id=\"googlePrefBanner\" rel=\"nofollow noopener\" target=\"_blank\"><\/p>\n<p>    Itt \u00e1ll\u00edtsa be, hogy az Index az els\u0151k k\u00f6z\u00f6tt legyen a Google-tal\u00e1latokban!<\/p>\n<p><\/a><\/p>\n<p>                <a href=\"https:\/\/konyvek.index.hu\/\" target=\"_blank\" rel=\"nofollow noopener\"><br \/>\n                <img decoding=\"async\" src=\"https:\/\/index.hu\/assets\/images\/konyvajanlo\/book_indapress\/book_indapress_logo.svg\" loading=\"lazy\" alt=\"Inda Press Kiad\u00f3\"\/><br \/>\n                <\/a><\/p>\n<p>                <img decoding=\"async\" src=\"https:\/\/www.europesays.com\/hu\/wp-content\/uploads\/2026\/07\/1785241273_259_rossi.png\" loading=\"lazy\" alt=\"Rossi\"\/><\/p>\n<p>Ismerd meg a magyar labdar\u00fag\u00e1s h\u0151s\u00e9nek eml\u00e9kezetes pillanatait!<br \/>Folytassa, Mister!<\/p>\n<p>                <a class=\"book_index_btn\" href=\"https:\/\/indexadhu.hit.gemius.pl\/hitredir\/id=nSCbubuYpDWJZLZs0TssLrbt33Lk5kbipuiZrkg89G3.g7\/stparam=uciklwjurk\/fastid=efdamtuhsxcjschvtzobuxredglq\/nc=0\/url=https:\/\/www.indapresskiado.hu\/products\/marco-rossi?_pos=1&amp;_psq=rossi&amp;_ss=e&amp;_v=1.0\" target=\"_blank\" rel=\"nofollow noopener\">MEGVESZEM<\/a><\/p>\n<p>    <img loading=\"lazy\" decoding=\"async\" src=\"https:\/\/www.europesays.com\/hu\/wp-content\/uploads\/2026\/07\/1785241275_900_nc=0.gif\" border=\"0\" height=\"0\" width=\"0\"\/><\/p>\n<p>    <img decoding=\"async\" src=\"https:\/\/index.hu\/assets\/images\/social-follow\/logo-big.svg\" alt=\"Index.hu logo\"\/><\/p>\n<p>K\u00f6vesse az Indexet Facebookon is!<\/p>\n<p>    <a href=\"https:\/\/facebook.com\/Indexhu\" target=\"_blank\" rel=\"nofollow noopener\"><\/p>\n<p>        K\u00f6vetem!<br \/>\n    <\/a><\/p>\n","protected":false},"excerpt":{"rendered":"Kinevez\u00e9se ut\u00e1n b\u0151 k\u00e9t h\u00e9ttel lemondott posztj\u00e1r\u00f3l Paolo Maldini, az Olasz Labdar\u00fag\u00f3 Sz\u00f6vets\u00e9g technikai igazgat\u00f3ja, illetve a szervezet&hellip;\n","protected":false},"author":2,"featured_media":187991,"comment_status":"","ping_status":"","sticky":false,"template":"","format":"standard","meta":{"footnotes":"","_share_on_mastodon":"0"},"categories":[33],"tags":[38,35,37,44,42,40,42711,43,41,34,16615,428,52441,45,36,39],"class_list":["post-187990","post","type-post","status-publish","format-standard","has-post-thumbnail","category-hirek","tag-focimek","tag-headlines","tag-hirek","tag-hu","tag-hungarian","tag-hungary","tag-leonardo","tag-magyar","tag-magyarorszag","tag-news","tag-olasz-valogatott","tag-olaszorszag","tag-paolo-maldini","tag-sport","tag-top-stories","tag-vezeto-hirek"],"share_on_mastodon":{"url":"https:\/\/pubeurope.com\/@hu\/116997579663671933","error":""},"_links":{"self":[{"href":"https:\/\/www.europesays.com\/hu\/wp-json\/wp\/v2\/posts\/187990","targetHints":{"allow":["GET"]}}],"collection":[{"href":"https:\/\/www.europesays.com\/hu\/wp-json\/wp\/v2\/posts"}],"about":[{"href":"https:\/\/www.europesays.com\/hu\/wp-json\/wp\/v2\/types\/post"}],"author":[{"embeddable":true,"href":"https:\/\/www.europesays.com\/hu\/wp-json\/wp\/v2\/users\/2"}],"replies":[{"embeddable":true,"href":"https:\/\/www.europesays.com\/hu\/wp-json\/wp\/v2\/comments?post=187990"}],"version-history":[{"count":0,"href":"https:\/\/www.europesays.com\/hu\/wp-json\/wp\/v2\/posts\/187990\/revisions"}],"wp:featuredmedia":[{"embeddable":true,"href":"https:\/\/www.europesays.com\/hu\/wp-json\/wp\/v2\/media\/187991"}],"wp:attachment":[{"href":"https:\/\/www.europesays.com\/hu\/wp-json\/wp\/v2\/media?parent=187990"}],"wp:term":[{"taxonomy":"category","embeddable":true,"href":"https:\/\/www.europesays.com\/hu\/wp-json\/wp\/v2\/categories?post=187990"},{"taxonomy":"post_tag","embeddable":true,"href":"https:\/\/www.europesays.com\/hu\/wp-json\/wp\/v2\/tags?post=187990"}],"curies":[{"name":"wp","href":"https:\/\/api.w.org\/{rel}","templated":true}]}}