{"id":188799,"date":"2026-07-29T05:35:11","date_gmt":"2026-07-29T05:35:11","guid":{"rendered":"https:\/\/www.europesays.com\/hu\/188799\/"},"modified":"2026-07-29T05:35:11","modified_gmt":"2026-07-29T05:35:11","slug":"egy-napon-belul-ket-halalraiteltet-vegeztek-ki-floridaban","status":"publish","type":"post","link":"https:\/\/www.europesays.com\/hu\/188799\/","title":{"rendered":"Egy napon bel\u00fcl k\u00e9t hal\u00e1lra\u00edt\u00e9ltet v\u00e9geztek ki Florid\u00e1ban"},"content":{"rendered":"<p>Florid\u00e1ban egyetlen napon bel\u00fcl k\u00e9t el\u00edt\u00e9lten hajtottak v\u00e9gre<a target=\"_blank\" href=\"https:\/\/24.hu\/tag\/kivegzes\/\" rel=\"nofollow noopener\"> hal\u00e1los \u00edt\u00e9letet<\/a> kedden \u2013 \u00edrja az MTI.<\/p>\n<p>Az egyik el\u00edt\u00e9lt a 80 \u00e9ves Anthony Occhicone, aki 1986-ban gyilkolta meg bar\u00e1tn\u0151j\u00e9t. \u00c9letkor\u00e1val az Egyes\u00fclt \u00c1llamok t\u00f6rt\u00e9net\u00e9ben a m\u00e1sodik legid\u0151sebb el\u00edt\u00e9lt, akin v\u00e9grehajtott\u00e1k a legs\u00falyosabb \u00edt\u00e9letet, m\u00edg Florida t\u00f6rt\u00e9net\u00e9ben a legid\u0151sebb.<\/p>\n<p>N\u00e9h\u00e1ny \u00f3r\u00e1val kor\u00e1bban a 68 \u00e9ves James Aren Duckett, egy volt rend\u0151rtiszt kapta meg a hal\u00e1los injekci\u00f3t, akit egy fiatal l\u00e1ny meggyilkol\u00e1sa miatt \u00edt\u00e9lt hal\u00e1lra a b\u00edr\u00f3s\u00e1g.<\/p>\n<p>2017-ben t\u00f6rt\u00e9nt ilyen utolj\u00e1ra<\/p>\n<p>Legut\u00f3bb 2017-ben fordult el\u0151 az Egyes\u00fclt \u00c1llamokban, akkor Arkansasban, hogy egy sz\u00f6vets\u00e9gi \u00e1llamban n\u00e9h\u00e1ny \u00f3r\u00e1n bel\u00fcl k\u00e9t hal\u00e1los \u00edt\u00e9letet is v\u00e9grehajtsanak.<\/p>\n<p>Az elm\u00falt id\u0151szakban az Egyes\u00fclt \u00c1llamokban Florid\u00e1ban hajtott\u00e1k v\u00e9gre a legt\u00f6bb hal\u00e1los \u00edt\u00e9letet kor\u00e1bban el\u00edt\u00e9lt b\u0171n\u00f6z\u0151k\u00f6n, miut\u00e1n Ron DeSantis korm\u00e1nyz\u00f3 azt hangoztatta, hogy<\/p>\n<p>t\u00fal sok csal\u00e1d, t\u00fal hossz\u00fa ideig v\u00e1r arra, hogy igazs\u00e1got szolg\u00e1ltassanak neki.<\/p>\n<p>A b\u00fcntet\u00e9sek v\u00e9grehajt\u00e1si d\u00e1tum\u00e1nak meghat\u00e1roz\u00e1sa a korm\u00e1nyz\u00f3 hat\u00e1sk\u00f6r\u00e9be tartozik Florid\u00e1ban.<\/p>\n","protected":false},"excerpt":{"rendered":"Florid\u00e1ban egyetlen napon bel\u00fcl k\u00e9t el\u00edt\u00e9lten hajtottak v\u00e9gre hal\u00e1los \u00edt\u00e9letet kedden \u2013 \u00edrja az MTI. Az egyik el\u00edt\u00e9lt&hellip;\n","protected":false},"author":2,"featured_media":188800,"comment_status":"","ping_status":"","sticky":false,"template":"","format":"standard","meta":{"footnotes":"","_share_on_mastodon":"0"},"categories":[8],"tags":[3000,53276,42,5530,43,34,94,93,92],"class_list":["post-188799","post","type-post","status-publish","format-standard","has-post-thumbnail","category-vilag","tag-florida","tag-halalos-itelet","tag-hungarian","tag-kivegzes","tag-magyar","tag-news","tag-vilag","tag-world","tag-world-news"],"share_on_mastodon":{"url":"","error":""},"_links":{"self":[{"href":"https:\/\/www.europesays.com\/hu\/wp-json\/wp\/v2\/posts\/188799","targetHints":{"allow":["GET"]}}],"collection":[{"href":"https:\/\/www.europesays.com\/hu\/wp-json\/wp\/v2\/posts"}],"about":[{"href":"https:\/\/www.europesays.com\/hu\/wp-json\/wp\/v2\/types\/post"}],"author":[{"embeddable":true,"href":"https:\/\/www.europesays.com\/hu\/wp-json\/wp\/v2\/users\/2"}],"replies":[{"embeddable":true,"href":"https:\/\/www.europesays.com\/hu\/wp-json\/wp\/v2\/comments?post=188799"}],"version-history":[{"count":0,"href":"https:\/\/www.europesays.com\/hu\/wp-json\/wp\/v2\/posts\/188799\/revisions"}],"wp:featuredmedia":[{"embeddable":true,"href":"https:\/\/www.europesays.com\/hu\/wp-json\/wp\/v2\/media\/188800"}],"wp:attachment":[{"href":"https:\/\/www.europesays.com\/hu\/wp-json\/wp\/v2\/media?parent=188799"}],"wp:term":[{"taxonomy":"category","embeddable":true,"href":"https:\/\/www.europesays.com\/hu\/wp-json\/wp\/v2\/categories?post=188799"},{"taxonomy":"post_tag","embeddable":true,"href":"https:\/\/www.europesays.com\/hu\/wp-json\/wp\/v2\/tags?post=188799"}],"curies":[{"name":"wp","href":"https:\/\/api.w.org\/{rel}","templated":true}]}}