{"id":189235,"date":"2026-07-29T12:11:07","date_gmt":"2026-07-29T12:11:07","guid":{"rendered":"https:\/\/www.europesays.com\/hu\/189235\/"},"modified":"2026-07-29T12:11:07","modified_gmt":"2026-07-29T12:11:07","slug":"index-belfold-a-political-capital-megnevezte-magyar-peter-legnagyobb-ellenfelet","status":"publish","type":"post","link":"https:\/\/www.europesays.com\/hu\/189235\/","title":{"rendered":"Index &#8211; Belf\u00f6ld &#8211; A Political Capital megnevezte Magyar P\u00e9ter legnagyobb ellenfel\u00e9t"},"content":{"rendered":"<p>A <a href=\"https:\/\/politicalcapital.hu\/hirek.php?article_read=1&amp;article_id=3718\" id=\"hyperlink_6e746111a28982f32f1c68f056d586c5\" rel=\"nofollow noopener\" target=\"_blank\">Political Capital<\/a> friss \u00edr\u00e1sa szerint jelenleg Magyarorsz\u00e1gon Magyar P\u00e9ter egyetlen komoly ellenf\u00e9llel n\u00e9z szembe, ugyanis a Fidesz t\u00e1mad\u00e1sait m\u00e1r k\u00e9t \u00e9s f\u00e9l \u00e9ve sim\u00e1n hat\u00e1stalan\u00edtja, viszont a saj\u00e1tjaival m\u00e1r nehezen tud mit kezdeni. Az \u00edr\u00e1s szerint kisebb hib\u00e1k m\u00e1jus\u2013j\u00faniusban is becs\u00fasztak, viszont akkor m\u00e9g massz\u00edvan fel\u00edvel\u0151ben volt a korm\u00e1nyp\u00e1rt t\u00e1mogatotts\u00e1ga, azonban az emberek a ny\u00e1ri \u201euborkaszezonban\u201d is ugyanolyan \u00e9l\u00e9nken k\u00f6vetik a politik\u00e1t, mint eddig, \u00edgy ha valami nagyobb hiba cs\u00faszik a g\u00e9pezetbe, azt sz\u00f3v\u00e1 teszik, \u00e9s reag\u00e1lnak is r\u00e1.<\/p>\n<p>Ilyen volt a Polg\u00e1r Judit-f\u00e9le k\u00f6zt\u00e1rsas\u00e1gieln\u00f6k-jel\u00f6ltes fiask\u00f3 is, amely a Medi\u00e1n kutat\u00e1s\u00e1n m\u00e1r egy 3\u20135 sz\u00e1zal\u00e9kpontos cs\u00f6kken\u00e9ssel mutatta a szavaz\u00f3k \u00e9bers\u00e9g\u00e9t. B\u00e1r a 100 sz\u00e1zal\u00e9kos ok-okozati \u00f6sszef\u00fcgg\u00e9st nem tudj\u00e1k al\u00e1t\u00e1masztani a m\u00e9r\u00e9sek sem, az biztos, hogy m\u00e9g a tisz\u00e1sok 60 sz\u00e1zal\u00e9ka is hi\u00e1nyolta az elkapkodott d\u00f6nt\u00e9st \u00e9s f\u0151leg a t\u00e1rsadalmi egyeztet\u00e9s elmarad\u00e1s\u00e1t.<\/p>\n<p>A korm\u00e1nynak teh\u00e1t nem az ellenz\u00e9ke vitte be az els\u0151 jelent\u0151sebb \u00fct\u00e9st, hanem saj\u00e1t maga<\/p>\n<p>\u2013 fogalmazott a port\u00e1l. Hozz\u00e1tett\u00e9k, hogy a Magyar P\u00e9ter \u00e1ltal elismert \u201ekommunik\u00e1ci\u00f3s hiba\u201d egy k\u00f6vetkezm\u00e9ny volt, m\u00e9gpedig annak a k\u00f6vetkezm\u00e9nye, hogy Sulyok Tam\u00e1s elmozd\u00edt\u00e1sa ut\u00e1n nem volt kital\u00e1lt forgat\u00f3k\u00f6nyv a korm\u00e1ny fej\u00e9ben, s f\u0151leg nem ezt kommunik\u00e1lt\u00e1k kifel\u00e9. Ez pedig azt mutatja a PC szerint, hogy a politik\u00e1ban \u2013 \u00e9s a jelenlegi, rendszerv\u00e1lt\u00f3nak nevezett folyamatban \u2013 nincsenek el\u0151re kital\u00e1lva a forgat\u00f3k\u00f6nyvek, t\u00f6rt\u00e9nnek b\u0151ven ad hoc dolgok.<\/p>\n<p>                        A legnagyobb ellenf\u00e9l<\/p>\n<p>A port\u00e1l arr\u00f3l \u00edrt, hogy a k\u00f6zt\u00e1rsas\u00e1gi eln\u00f6ki poszt sincs m\u00e9g lej\u00e1tszva, r\u00e1ad\u00e1sul egy olyan jel\u00f6ltet tal\u00e1lni, aki a felfokozott \u2013 \u00e9s \u00e1ltaluk is beharangozott \u2013 elv\u00e1r\u00e1soknak megfelel, szinte lehetetlen. Ugyan\u00edgy a gazdas\u00e1gi \u00e9s a korm\u00e1nyzati teljes\u00edtm\u00e9ny is olyan \u00edg\u00e9retekkel szembes\u00fcl, amelyeket Magyar P\u00e9ter ugyan ellenz\u00e9kb\u0151l k\u00f6nnyen hangoztatott, de ezek megval\u00f3s\u00edt\u00e1sa nem annyira egyszer\u0171. \u201eAz Orb\u00e1n-korm\u00e1ny \u00e1ltal h\u00e1trahagyott katasztrof\u00e1lis k\u00f6lts\u00e9gvet\u00e9si helyzetben viszont ez jelent\u0151s politikai kock\u00e1zat is a korm\u00e1ny sz\u00e1m\u00e1ra: f\u00e9l\u0151, hogy irre\u00e1lisan magasak a v\u00e1laszt\u00f3i elv\u00e1r\u00e1sok, \u00e9s m\u00e9g kifejezetten j\u00f3 korm\u00e1nyzati teljes\u00edtm\u00e9ny mellett is sokan csal\u00f3dhatnak\u201d \u2013 \u00edrt\u00e1k.<\/p>\n<p>\u00c9s nagyon \u00fagy t\u0171nik, hogy a Fidesz is ebben b\u00edzik \u2013 Orb\u00e1n Viktor is erre apell\u00e1lt tusv\u00e1nyosi besz\u00e9d\u00e9ben \u2013, hogy a Tisza-korm\u00e1ny \u00f6sszeroppan a saj\u00e1t \u00edg\u00e9retei alatt, \u00e9s ez fogja visszaford\u00edtani fel\u00e9j\u00fck a k\u00f6zhangulatot \u00e9s a szavaz\u00f3kat. Viszont ezzel a Political Capital cikke szerint k\u00e9t probl\u00e9ma is van:<\/p>\n<p>                        egyr\u00e9szt a Fidesz kritik\u00e1i hiteltelenek a szavaz\u00f3k szem\u00e9ben \u2013 tekintettel az elm\u00falt 16 \u00e9ves hatalomgyakorl\u00e1sra \u00e9s korm\u00e1nyz\u00e1sra,<br \/>\n                        m\u00e1sr\u00e9szt k\u00e9ts\u00e9ges, hogy a Fideszb\u0151l ki\u00e1br\u00e1ndult szavaz\u00f3k \u2013 \u00e9rdemi meg\u00fajul\u00e1s h\u00edj\u00e1n \u2013 majd visszafordulnak az ellenz\u00e9ki p\u00e1rthoz, ha csal\u00f3dn\u00e1nak Magyar P\u00e9ter\u00e9kben.\u00a0<\/p>\n<p>Arr\u00f3l is \u00edrtak, hogy a Fidesz jelenleg ink\u00e1bb az elt\u0171n\u0151 baloldal kin\u00e9zet\u00e9t mutatta az egykor szebb napokat is meg\u00e9lt tusv\u00e1nyosi rendezv\u00e9ny\u00e9n, ahol \u201ekisebb \u00e9rdekl\u0151d\u00e9s, nyomott hangulat, jobb h\u00edj\u00e1n megh\u00edvott mi haz\u00e1nkos politikusok, a Fidesz k\u00f6r\u00fcl m\u00e9g megmaradt megmond\u00f3emberek \u00e9s egy meglehet\u0151sen \u00fcres, rem\u00e9nyt is alig ad\u00f3 Orb\u00e1n-besz\u00e9d\u201d volt csak a kitart\u00f3 Fidesz-szavaz\u00f3k jussa. Magyar pedig \u00fagy is megnyerhette a napot, hogy r\u00e1 sem szervezett a Fidesz nagy esem\u00e9ny\u00e9re.<\/p>\n<p>\u00cdgy teh\u00e1t \u201eMagyar P\u00e9ter jelenleg Magyar P\u00e9ter legnagyobb politikai ellenfele\u201d az elemz\u00e9s szerint, \u00e9ppen ez\u00e9rt hatalmas teher nyomja a v\u00e1ll\u00e1t \u2013 b\u00e1r ezt \u0151 maga alak\u00edtotta \u00edgy, hogy szinte egy szem\u00e9lyben vigye a korm\u00e1ny \u00fcgyeit. \u201eA show egyel\u0151re n\u00e9pszer\u0171, de Magyar P\u00e9ter a mindent leural\u00f3 jelenl\u00e9t\u00e9vel, az olykor \u00f3hatatlanul hib\u00e1s d\u00f6nt\u00e9seivel \u00e9s t\u00falmozg\u00e1sos kommunik\u00e1ci\u00f3j\u00e1val k\u00f6nnyen elkoptathatja mag\u00e1t, ha elm\u00falnak a m\u00e9zeshetek\u201d \u2013 z\u00e1rt\u00e1k \u00edr\u00e1sukat.<\/p>\n<p>\n                          (Bor\u00edt\u00f3k\u00e9p: Magyar P\u00e9ter 2026. j\u00falius 27-\u00e9n. Fot\u00f3:\u00a0Papajcsik P\u00e9ter \/ Index)\n                        <\/p>\n<p><a href=\"https:\/\/dex.hu\/x.php?id=googlepref_desktop&amp;url=https:\/\/google.com\/preferences\/source?q=https:\/\/index.hu\" class=\"google-pref-banner \" id=\"googlePrefBanner\" rel=\"nofollow noopener\" target=\"_blank\"><\/p>\n<p>    Itt \u00e1ll\u00edtsa be, hogy az Index az els\u0151k k\u00f6z\u00f6tt legyen a Google-tal\u00e1latokban!<\/p>\n<p><\/a><\/p>\n<p>    <img decoding=\"async\" src=\"https:\/\/index.hu\/assets\/images\/social-follow\/logo-big.svg\" alt=\"Index.hu logo\"\/><\/p>\n<p>K\u00f6vesse az Indexet Facebookon is!<\/p>\n<p>    <a href=\"https:\/\/facebook.com\/Indexhu\" target=\"_blank\" rel=\"nofollow noopener\"><\/p>\n<p>        K\u00f6vetem!<br \/>\n    <\/a><\/p>\n","protected":false},"excerpt":{"rendered":"A Political Capital friss \u00edr\u00e1sa szerint jelenleg Magyarorsz\u00e1gon Magyar P\u00e9ter egyetlen komoly ellenf\u00e9llel n\u00e9z szembe, ugyanis a Fidesz&hellip;\n","protected":false},"author":2,"featured_media":189236,"comment_status":"","ping_status":"","sticky":false,"template":"","format":"standard","meta":{"footnotes":"","_share_on_mastodon":"0"},"categories":[33],"tags":[80,53369,38,35,2181,37,44,42,40,7123,3619,13104,43,944,41,34,7769,16925,36,39],"class_list":["post-189235","post","type-post","status-publish","format-standard","has-post-thumbnail","category-hirek","tag-belfold","tag-ellenfel","tag-focimek","tag-headlines","tag-hiba","tag-hirek","tag-hu","tag-hungarian","tag-hungary","tag-kommunikacio","tag-kormanyzas","tag-koztarsasagi-elnok","tag-magyar","tag-magyar-peter","tag-magyarorszag","tag-news","tag-political-capital","tag-tisza-kormany","tag-top-stories","tag-vezeto-hirek"],"share_on_mastodon":{"url":"https:\/\/pubeurope.com\/@hu\/117003202574561471","error":""},"_links":{"self":[{"href":"https:\/\/www.europesays.com\/hu\/wp-json\/wp\/v2\/posts\/189235","targetHints":{"allow":["GET"]}}],"collection":[{"href":"https:\/\/www.europesays.com\/hu\/wp-json\/wp\/v2\/posts"}],"about":[{"href":"https:\/\/www.europesays.com\/hu\/wp-json\/wp\/v2\/types\/post"}],"author":[{"embeddable":true,"href":"https:\/\/www.europesays.com\/hu\/wp-json\/wp\/v2\/users\/2"}],"replies":[{"embeddable":true,"href":"https:\/\/www.europesays.com\/hu\/wp-json\/wp\/v2\/comments?post=189235"}],"version-history":[{"count":0,"href":"https:\/\/www.europesays.com\/hu\/wp-json\/wp\/v2\/posts\/189235\/revisions"}],"wp:featuredmedia":[{"embeddable":true,"href":"https:\/\/www.europesays.com\/hu\/wp-json\/wp\/v2\/media\/189236"}],"wp:attachment":[{"href":"https:\/\/www.europesays.com\/hu\/wp-json\/wp\/v2\/media?parent=189235"}],"wp:term":[{"taxonomy":"category","embeddable":true,"href":"https:\/\/www.europesays.com\/hu\/wp-json\/wp\/v2\/categories?post=189235"},{"taxonomy":"post_tag","embeddable":true,"href":"https:\/\/www.europesays.com\/hu\/wp-json\/wp\/v2\/tags?post=189235"}],"curies":[{"name":"wp","href":"https:\/\/api.w.org\/{rel}","templated":true}]}}