{"id":189255,"date":"2026-07-29T12:29:12","date_gmt":"2026-07-29T12:29:12","guid":{"rendered":"https:\/\/www.europesays.com\/hu\/189255\/"},"modified":"2026-07-29T12:29:12","modified_gmt":"2026-07-29T12:29:12","slug":"visszater-a-2000-es-evek-sikermusora-a-tv2-re-a-tenyek-plusz-helyett-lesz-lathato-a-hirek-szerint-hazai-sztar","status":"publish","type":"post","link":"https:\/\/www.europesays.com\/hu\/189255\/","title":{"rendered":"Visszat\u00e9r a 2000-es \u00e9vek sikerm\u0171sora a TV2-re: a T\u00e9nyek Plusz helyett lesz l\u00e1that\u00f3 a h\u00edrek szerint &#8211; Hazai szt\u00e1r"},"content":{"rendered":"<p>\u00dagy t\u0171nik, hamarosan ism\u00e9t k\u00e9perny\u0151re ker\u00fclhet a TV2 egyik legsikeresebb saj\u00e1t gy\u00e1rt\u00e1s\u00fa magazinm\u0171sora. Sajt\u00f3\u00e9rtes\u00fcl\u00e9sek szerint t\u00edz \u00e9v ut\u00e1n visszat\u00e9rhet az Akt\u00edv, amely a h\u00edrek szerint a hamarosan megsz\u0171n\u0151 T\u00e9nyek Plusz hely\u00e9t veheti \u00e1t a csatorna esti m\u0171sor\u00e1ban.\u00a0<\/p>\n<p>                        Visszat\u00e9rhet az Akt\u00edv a TV2-re<\/p>\n<p>A TV2 egyel\u0151re nem jelentette be hivatalosan a v\u00e1ltoz\u00e1st, ugyanakkor t\u00f6bb jel is arra utal, hogy \u00fajra \u00e9letre kelhet a n\u00e9pszer\u0171 form\u00e1tum.<\/p>\n<p>A tal\u00e1lgat\u00e1sok alapj\u00e1t az adja, hogy a TV2 Csoport lev\u00e9dette az Akt\u00edv c\u00edm\u00e9t \u00e9s log\u00f3j\u00e1t, mik\u00f6zben m\u00e1r kor\u00e1bban napvil\u00e1got l\u00e1ttak olyan inform\u00e1ci\u00f3k is, hogy a <a href=\"http:\/\/femina.hu\/hazai_sztar\/tv2-tenyek-uj-neve\/\" id=\"hyperlink_077622c24f70adcfcf2f1f4b747e16bd\" target=\"_self\" title=\"Ez lehet az \u00faj T\u00e9nyek neve: k\u00f6ze se lesz az eredetihez\" rel=\"nofollow noopener\">T\u00e9nyek Plusz jelenlegi form\u00e1j\u00e1ban hamarosan b\u00facs\u00fat inthet a n\u00e9z\u0151knek<\/a> &#8211; sz\u00farta ki a <a href=\"https:\/\/reklaminvazio.blog.hu\/2026\/07\/28\/tiz_ev_utan_visszater_az_aktiv_a_tv2-re\" id=\"hyperlink_7bc37990f99a321a7ebcd2d45bb836d6\" target=\"_blank\" rel=\"nofollow noopener\">Rekl\u00e1minv\u00e1zi\u00f3<\/a> blog. A sajt\u00f3 szerint az \u00faj esti magazin veheti \u00e1t a hely\u00e9t.<\/p>\n<p>Az Akt\u00edv 2002 janu\u00e1rj\u00e1ban indult a TV2-n, az RTL F\u00f3kusz\u00e1nak konkurensek\u00e9nt. A napi bulv\u00e1r- \u00e9s magazinm\u0171sor r\u00f6vid id\u0151 alatt a csatorna egyik legsikeresebb produkci\u00f3j\u00e1v\u00e1 v\u00e1lt: celebh\u00edrekkel, exkluz\u00edv interj\u00fakkal, emberi sorsokat bemutat\u00f3 riportokkal \u00e9s k\u00f6z\u00e9leti t\u00e9m\u00e1kkal is foglalkozott.<\/p>\n<p>A m\u0171sort az \u00e9vek sor\u00e1n t\u00f6bb ismert telev\u00edzi\u00f3s is vezette. A kezdeti id\u0151szakban Bartal Csaba volt a h\u00e1zigazda, k\u00e9s\u0151bb pedig olyan n\u00e9pszer\u0171 m\u0171sorvezet\u0151k csatlakoztak hozz\u00e1, mint Kadlecsek Kriszti\u00e1n, <a href=\"http:\/\/femina.hu\/hazai_sztar\/gombos-edina-fogyas-2026\/\" id=\"hyperlink_01eb9cb0b15aed3d6bd50abc4279c676\" target=\"_self\" title=\"A TV2 top m\u0171sorvezet\u0151n\u0151je volt, 49 \u00e9vesen ennyire lefogyott: fittebb, mint valaha a friss vide\u00f3ban\" rel=\"nofollow noopener\">Gombos Edina<\/a>, Szebeni Istv\u00e1n vagy Papp Gerg\u0151. T\u00f6bben k\u00f6z\u00fcl\u00fck hossz\u00fa \u00e9veken \u00e1t meghat\u00e1roz\u00f3 arcai voltak az Akt\u00edvnak, \u00e9s a n\u00e9z\u0151k szinte \u00f6sszeforrasztott\u00e1k a nev\u00fcket a m\u0171sorral.<\/p>\n<p>A sikerre \u00e9p\u00edtve 2009-ben elindult az Akt\u00edv Extra is, amely m\u00e9g t\u00f6bb szt\u00e1rh\u00edrt \u00e9s kulisszatitkot k\u00edn\u00e1lt a n\u00e9z\u0151knek. A k\u00e9t m\u0171sor hossz\u00fa \u00e9veken \u00e1t stabil szerepl\u0151je volt a TV2 k\u00edn\u00e1lat\u00e1nak, k\u00e9s\u0151bb azonban fokozatosan kedvez\u0151tlenebb m\u0171sors\u00e1vba ker\u00fclt, ami a n\u00e9zetts\u00e9g\u00e9re is hat\u00e1ssal volt. Az Akt\u00edv v\u00e9g\u00fcl 2016 szilveszter\u00e9n b\u00facs\u00fazott a k\u00e9perny\u0151t\u0151l.<\/p>\n<p>B\u00e1r a visszat\u00e9r\u00e9sr\u0151l egyel\u0151re csak sajt\u00f3\u00e9rtes\u00fcl\u00e9sek jelentek meg, a lev\u00e9detett log\u00f3 \u00e9s m\u0171sorc\u00edm sokak szerint arra utal, hogy a TV2 komolyan sz\u00e1mol az Akt\u00edv \u00fajj\u00e1\u00e9leszt\u00e9s\u00e9vel. Ha val\u00f3ban \u00edgy lesz, a 2000-es \u00e9s 2010-es \u00e9vek egyik legismertebb telev\u00edzi\u00f3s magazinja k\u00f6zel t\u00edz \u00e9v ut\u00e1n t\u00e9rhet vissza a k\u00e9perny\u0151re, m\u00e9ghozz\u00e1 v\u00e1rhat\u00f3an a T\u00e9nyek Plusz hely\u00e9n. A csatorna hivatalos bejelent\u00e9s\u00e9re azonban m\u00e9g v\u00e1rni kell.<\/p>\n<p>                                    <a href=\"https:\/\/femina.hu\/hazai_sztar\/gombos-edina-amerikai-elete\/\" title=\"\" rel=\"nofollow noopener\" target=\"_blank\"><br \/>\n                                    <img decoding=\"async\" src=\"https:\/\/www.europesays.com\/hu\/wp-content\/uploads\/2026\/07\/68013589_5021267_4cc468da75d7d30c6b396ba661020057_wm.jpg\" alt=\"\" title=\"\"\/><br \/>\n                                <\/a><\/p>\n<p>                                A 2000-es \u00e9vekben a TV2 egyik arca volt ez a m\u0171sorvezet\u0151n\u0151: 11 \u00e9ve \u00edgy \u00e9l Amerik\u00e1ban<\/p>\n<p class=\"lead\">Gombos Edin\u00e1t im\u00e1dt\u00e1k a TV2 n\u00e9z\u0151i, \u00e1m most m\u00e1r teljesen m\u00e1s \u00e9letet \u00e9l.<\/p>\n<p>                                <a href=\"https:\/\/femina.hu\/hazai_sztar\/gombos-edina-amerikai-elete\/\" class=\"btn btn-normal\" rel=\"nofollow noopener\" target=\"_blank\">Elolvasom<\/a><\/p>\n<p>Cover-fot\u00f3: YouTube<\/p>\n<p>                                    <img loading=\"lazy\" decoding=\"async\" src=\"https:\/\/www.europesays.com\/hu\/wp-content\/uploads\/2026\/07\/1785328152_508_69438631_1f27342f2cf6a098516eb11de6d71ad5_wm.jpg\" width=\"198\" height=\"256\" alt=\"\"\/><br \/>\n                            \t    \tAz illatok ter\u00e1pi\u00e1s ereje<\/p>\n<p>M\u00e1r <a href=\"https:\/\/www.indapresskiado.hu\/products\/a-lathatatlan-gyogyito\" rel=\"nofollow noopener\" target=\"_blank\">megv\u00e1s\u00e1rolhat\u00f3<\/a>\u00a0a Femina els\u0151 k\u00f6nyve:\u00a0<\/p>\n<p>A l\u00e1thatatlan gy\u00f3gy\u00edt\u00f3<\/p>\n<p>Moln\u00e1r \u00c9va k\u00f6tete egy k\u00fcl\u00f6nleges utaz\u00e1sra h\u00edv az illatok gy\u00f3gy\u00edt\u00f3 vil\u00e1g\u00e1ba \u2014 az \u00f3kori f\u00fcst\u00f6l\u0151kt\u0151l eg\u00e9szen a modern olfakt\u00edv ter\u00e1pi\u00e1ig.<br \/>Hogyan hatnak r\u00e1nk az illatok? Mi\u00e9rt kapcsol\u00f3dik \u00f6ssze ennyire m\u00e9lyen az eml\u00e9kezet, a l\u00e9lek \u00e9s a szagl\u00e1s? \u00c9s hogyan seg\u00edthetnek az illatok a testi-lelki harm\u00f3nia megtal\u00e1l\u00e1s\u00e1ban?\u00a0<\/p>\n<p class=\"promocio\">Prom\u00f3ci\u00f3<\/p>\n<p><a href=\"https:\/\/dex.hu\/x.php?id=googlepref_desktop_femina&amp;url=https:\/\/google.com\/preferences\/source?q=https:\/\/femina.hu\/\" class=\"google-pref-banner \" id=\"googlePrefBanner\" rel=\"nofollow noopener\" target=\"_blank\"><\/p>\n<p>        \u00c1ll\u00edtsd be a Google keres\u0151j\u00e9t, hogy a tal\u00e1latok k\u00f6z\u00f6tt biztos ott legyen a Femina!    <\/p>\n<p><\/a><\/p>\n","protected":false},"excerpt":{"rendered":"\u00dagy t\u0171nik, hamarosan ism\u00e9t k\u00e9perny\u0151re ker\u00fclhet a TV2 egyik legsikeresebb saj\u00e1t gy\u00e1rt\u00e1s\u00fa magazinm\u0171sora. Sajt\u00f3\u00e9rtes\u00fcl\u00e9sek szerint t\u00edz \u00e9v ut\u00e1n&hellip;\n","protected":false},"author":2,"featured_media":189256,"comment_status":"","ping_status":"","sticky":false,"template":"","format":"standard","meta":{"footnotes":"","_share_on_mastodon":"0"},"categories":[19],"tags":[44997,137,206,44,42,40,43,41,138,205,191,493,157],"class_list":["post-189255","post","type-post","status-publish","format-standard","has-post-thumbnail","category-tv","tag-aktiv","tag-entertainment","tag-hazai-sztar","tag-hu","tag-hungarian","tag-hungary","tag-magyar","tag-magyarorszag","tag-szorakozas","tag-sztar","tag-tv","tag-tv2","tag-visszateres"],"share_on_mastodon":{"url":"https:\/\/pubeurope.com\/@hu\/117003273463497744","error":""},"_links":{"self":[{"href":"https:\/\/www.europesays.com\/hu\/wp-json\/wp\/v2\/posts\/189255","targetHints":{"allow":["GET"]}}],"collection":[{"href":"https:\/\/www.europesays.com\/hu\/wp-json\/wp\/v2\/posts"}],"about":[{"href":"https:\/\/www.europesays.com\/hu\/wp-json\/wp\/v2\/types\/post"}],"author":[{"embeddable":true,"href":"https:\/\/www.europesays.com\/hu\/wp-json\/wp\/v2\/users\/2"}],"replies":[{"embeddable":true,"href":"https:\/\/www.europesays.com\/hu\/wp-json\/wp\/v2\/comments?post=189255"}],"version-history":[{"count":0,"href":"https:\/\/www.europesays.com\/hu\/wp-json\/wp\/v2\/posts\/189255\/revisions"}],"wp:featuredmedia":[{"embeddable":true,"href":"https:\/\/www.europesays.com\/hu\/wp-json\/wp\/v2\/media\/189256"}],"wp:attachment":[{"href":"https:\/\/www.europesays.com\/hu\/wp-json\/wp\/v2\/media?parent=189255"}],"wp:term":[{"taxonomy":"category","embeddable":true,"href":"https:\/\/www.europesays.com\/hu\/wp-json\/wp\/v2\/categories?post=189255"},{"taxonomy":"post_tag","embeddable":true,"href":"https:\/\/www.europesays.com\/hu\/wp-json\/wp\/v2\/tags?post=189255"}],"curies":[{"name":"wp","href":"https:\/\/api.w.org\/{rel}","templated":true}]}}