{"id":189725,"date":"2026-07-29T19:47:12","date_gmt":"2026-07-29T19:47:12","guid":{"rendered":"https:\/\/www.europesays.com\/hu\/189725\/"},"modified":"2026-07-29T19:47:12","modified_gmt":"2026-07-29T19:47:12","slug":"kult-motorbalesetben-meghalt-az-oscar-dijas-ir-zenesz","status":"publish","type":"post","link":"https:\/\/www.europesays.com\/hu\/189725\/","title":{"rendered":"Kult: Motorbalesetben meghalt az Oscar-d\u00edjas \u00edr zen\u00e9sz"},"content":{"rendered":"<p>Dublin k\u00fclv\u00e1ros\u00e1ban szenvedett motorbalesetet, \u00e9s meghalt Glen Hansard zen\u00e9sz, a The Frames zenekar frontembere, aki 2007-ben az Egyszer\u00a0c\u00edm\u0171 film bet\u00e9tdal\u00e1\u00e9rt Oscar-d\u00edjat kapott.<\/p>\n<p>Egyel\u0151re nem vil\u00e1gos, hogy t\u00f6rt\u00e9nt a baleset, a rend\u0151rs\u00e9g szemtan\u00fak jelentkez\u00e9s\u00e9t v\u00e1rja.<\/p>\n<p>A dublini sz\u00fclet\u00e9s\u0171 Glen Hansard eleinte utcazen\u00e9sz volt, 1990-ben alap\u00edtotta meg \u00cdrorsz\u00e1g egyik meghat\u00e1roz\u00f3 rockzenekar\u00e1t, a The Framest. Nemcsak zen\u00e9lt, sz\u00edn\u00e9szkedett is. F\u0151szerepl\u0151je \u00e9s zeneszerz\u0151je is volt a 2007-ben bemutatott\u00a0Egyszer\u00a0c\u00edm\u0171 filmnek is, a filmben elhangz\u00f3 Falling Slowly c\u00edm\u0171 dal\u00e9rt szerepl\u0151t\u00e1rs\u00e1val \u00e9s akkori \u00e9lett\u00e1rs\u00e1val,\u00a0Mark\u00e9ta Irglov\u00e1val\u00a0megkapta a legjobb eredeti bet\u00e9tdalnak j\u00e1r\u00f3 Oscart.<\/p>\n<p> <a href=\"https:\/\/www.youtube.com\/watch?v=k8mtXwtapX4&amp;t=3s\" target=\"_blank\" rel=\"nofollow noopener\"> <\/p>\n<p><iframe loading=\"lazy\" title=\"Glen Hansard, Marketa Irglova - Falling Slowly (Official Video)\" width=\"1200\" height=\"675\" src=\"https:\/\/www.youtube.com\/embed\/k8mtXwtapX4?start=3&amp;feature=oembed\" frameborder=\"0\" allow=\"accelerometer; autoplay; clipboard-write; encrypted-media; gyroscope; picture-in-picture; web-share\" referrerpolicy=\"strict-origin-when-cross-origin\" allowfullscreen><\/iframe><\/p>\n","protected":false},"excerpt":{"rendered":"Dublin k\u00fclv\u00e1ros\u00e1ban szenvedett motorbalesetet, \u00e9s meghalt Glen Hansard zen\u00e9sz, a The Frames zenekar frontembere, aki 2007-ben az Egyszer\u00a0c\u00edm\u0171&hellip;\n","protected":false},"author":2,"featured_media":189726,"comment_status":"","ping_status":"","sticky":false,"template":"","format":"standard","meta":{"footnotes":"","_share_on_mastodon":"0"},"categories":[16],"tags":[137,699,44,42,40,43,41,4456,138,177],"class_list":["post-189725","post","type-post","status-publish","format-standard","has-post-thumbnail","category-szorakozas","tag-entertainment","tag-halal","tag-hu","tag-hungarian","tag-hungary","tag-magyar","tag-magyarorszag","tag-oscar-dij","tag-szorakozas","tag-zene"],"share_on_mastodon":{"url":"https:\/\/pubeurope.com\/@hu\/117004995576716495","error":""},"_links":{"self":[{"href":"https:\/\/www.europesays.com\/hu\/wp-json\/wp\/v2\/posts\/189725","targetHints":{"allow":["GET"]}}],"collection":[{"href":"https:\/\/www.europesays.com\/hu\/wp-json\/wp\/v2\/posts"}],"about":[{"href":"https:\/\/www.europesays.com\/hu\/wp-json\/wp\/v2\/types\/post"}],"author":[{"embeddable":true,"href":"https:\/\/www.europesays.com\/hu\/wp-json\/wp\/v2\/users\/2"}],"replies":[{"embeddable":true,"href":"https:\/\/www.europesays.com\/hu\/wp-json\/wp\/v2\/comments?post=189725"}],"version-history":[{"count":0,"href":"https:\/\/www.europesays.com\/hu\/wp-json\/wp\/v2\/posts\/189725\/revisions"}],"wp:featuredmedia":[{"embeddable":true,"href":"https:\/\/www.europesays.com\/hu\/wp-json\/wp\/v2\/media\/189726"}],"wp:attachment":[{"href":"https:\/\/www.europesays.com\/hu\/wp-json\/wp\/v2\/media?parent=189725"}],"wp:term":[{"taxonomy":"category","embeddable":true,"href":"https:\/\/www.europesays.com\/hu\/wp-json\/wp\/v2\/categories?post=189725"},{"taxonomy":"post_tag","embeddable":true,"href":"https:\/\/www.europesays.com\/hu\/wp-json\/wp\/v2\/tags?post=189725"}],"curies":[{"name":"wp","href":"https:\/\/api.w.org\/{rel}","templated":true}]}}