{"id":190266,"date":"2026-07-30T09:35:09","date_gmt":"2026-07-30T09:35:09","guid":{"rendered":"https:\/\/www.europesays.com\/hu\/190266\/"},"modified":"2026-07-30T09:35:09","modified_gmt":"2026-07-30T09:35:09","slug":"kult-most-hetvegen-lesz-az-m1-egyik-legjobb-musorfolyama","status":"publish","type":"post","link":"https:\/\/www.europesays.com\/hu\/190266\/","title":{"rendered":"Kult: Most h\u00e9tv\u00e9g\u00e9n lesz az M1 egyik legjobb m\u0171sorfolyama"},"content":{"rendered":"<p>Mint \u00edrtuk, az M1 k\u00f6zt\u00e9v\u00e9csatorna az \u00faj m\u0171sorstrukt\u00far\u00e1j\u00e1nak, m\u0171k\u00f6d\u00e9s\u00e9nek \u00e9s st\u00e1bj\u00e1nak kialakul\u00e1s\u00e1ig, ideiglenesen nem ad h\u00edrm\u0171sort. Ehelyett tematikus h\u00e9tv\u00e9g\u00e9kkel, klasszikus magyar filmekkel \u00e9s a hazai filmm\u0171v\u00e9szet meghat\u00e1roz\u00f3 alkot\u00f3inak \u00e9letm\u0171v\u00e9vel jelentkezik, illetve a h\u00e9tk\u00f6znap esti m\u0171sors\u00e1vban kor\u00e1bbi magyar telev\u00edzi\u00f3s sorozatokkal.<\/p>\n<p>Most szombat este p\u00e9ld\u00e1ul Oscar-d\u00edjra jel\u00f6lt vagy Oscar-d\u00edjjal elismert magyar alkot\u00e1sok v\u00e1ltj\u00e1k egym\u00e1st a k\u00e9perny\u0151n.<\/p>\n<p>Este nyolckor R\u00f3fusz Ferenc 1980-as, Oscar-d\u00edjjal jutalmazott anim\u00e1ci\u00f3s filmje, A l\u00e9gy nyitja a tematikus napot. Ut\u00e1na k\u00f6vetkezik De\u00e1k Krist\u00f3f 2016-ban bemutatott magyar r\u00f6vidfilmje, a Mindenki, amely elnyerte a legjobb \u00e9l\u0151szerepl\u0151s r\u00f6vidfilmnek j\u00e1r\u00f3 Oscar-d\u00edjat.<\/p>\n<p>20.35-t\u0151l ker\u00fcl k\u00e9perny\u0151re a J\u00f3b l\u00e1zad\u00e1sa Zenthe Ferenc \u00e9s Temessy H\u00e9di f\u0151szerepl\u00e9s\u00e9vel. Gy\u00f6ngy\u00f6ssy Imre \u00e9s Kabay Barna filmj\u00e9t 1984-ben Oscar-d\u00edjra jel\u00f6lt\u00e9k a legjobb k\u00fclf\u00f6ldi film kateg\u00f3ri\u00e1ban.<\/p>\n<p>Majd Szab\u00f3 Istv\u00e1n Oscar-d\u00edjas filmje, a Mephisto k\u00f6vetkezik 22.15-kor.<\/p>\n<p>Vas\u00e1rnap este J\u00f3kai M\u00f3r m\u0171veinek filmes adapt\u00e1ci\u00f3i (Szeg\u00e9ny gazdagok, Gazdag szeg\u00e9nyek) id\u00e9zik meg a magyar irodalom klasszikusait a k\u00f6zt\u00e9v\u00e9n.<\/p>\n<p> <a href=\"https:\/\/hvg.hu\/itthon\/20260707_feketelista-kozszereplo-reakcio-kozteve-adasszunet-bocsanatkeres-propaganda\" target=\"_self\" rel=\"nofollow noopener\"> <\/p>\n<p>https:\/\/hvg.hu\/itthon\/20260707_feketelista-kozszereplo-reakcio-kozteve-adasszunet-bocsanatkeres-propaganda<\/p>\n","protected":false},"excerpt":{"rendered":"Mint \u00edrtuk, az M1 k\u00f6zt\u00e9v\u00e9csatorna az \u00faj m\u0171sorstrukt\u00far\u00e1j\u00e1nak, m\u0171k\u00f6d\u00e9s\u00e9nek \u00e9s st\u00e1bj\u00e1nak kialakul\u00e1s\u00e1ig, ideiglenesen nem ad h\u00edrm\u0171sort. Ehelyett tematikus&hellip;\n","protected":false},"author":2,"featured_media":190267,"comment_status":"","ping_status":"","sticky":false,"template":"","format":"standard","meta":{"footnotes":"","_share_on_mastodon":"0"},"categories":[16],"tags":[137,44,42,40,43,41,2273,4456,138],"class_list":["post-190266","post","type-post","status-publish","format-standard","has-post-thumbnail","category-szorakozas","tag-entertainment","tag-hu","tag-hungarian","tag-hungary","tag-magyar","tag-magyarorszag","tag-media","tag-oscar-dij","tag-szorakozas"],"share_on_mastodon":{"url":"https:\/\/pubeurope.com\/@hu\/117008251362045264","error":""},"_links":{"self":[{"href":"https:\/\/www.europesays.com\/hu\/wp-json\/wp\/v2\/posts\/190266","targetHints":{"allow":["GET"]}}],"collection":[{"href":"https:\/\/www.europesays.com\/hu\/wp-json\/wp\/v2\/posts"}],"about":[{"href":"https:\/\/www.europesays.com\/hu\/wp-json\/wp\/v2\/types\/post"}],"author":[{"embeddable":true,"href":"https:\/\/www.europesays.com\/hu\/wp-json\/wp\/v2\/users\/2"}],"replies":[{"embeddable":true,"href":"https:\/\/www.europesays.com\/hu\/wp-json\/wp\/v2\/comments?post=190266"}],"version-history":[{"count":0,"href":"https:\/\/www.europesays.com\/hu\/wp-json\/wp\/v2\/posts\/190266\/revisions"}],"wp:featuredmedia":[{"embeddable":true,"href":"https:\/\/www.europesays.com\/hu\/wp-json\/wp\/v2\/media\/190267"}],"wp:attachment":[{"href":"https:\/\/www.europesays.com\/hu\/wp-json\/wp\/v2\/media?parent=190266"}],"wp:term":[{"taxonomy":"category","embeddable":true,"href":"https:\/\/www.europesays.com\/hu\/wp-json\/wp\/v2\/categories?post=190266"},{"taxonomy":"post_tag","embeddable":true,"href":"https:\/\/www.europesays.com\/hu\/wp-json\/wp\/v2\/tags?post=190266"}],"curies":[{"name":"wp","href":"https:\/\/api.w.org\/{rel}","templated":true}]}}