{"id":191468,"date":"2026-07-31T07:38:07","date_gmt":"2026-07-31T07:38:07","guid":{"rendered":"https:\/\/www.europesays.com\/hu\/191468\/"},"modified":"2026-07-31T07:38:07","modified_gmt":"2026-07-31T07:38:07","slug":"meghalt-az-olasz-futball-egyik-legnagyobb-legendaja-franco-baresi","status":"publish","type":"post","link":"https:\/\/www.europesays.com\/hu\/191468\/","title":{"rendered":"Meghalt az olasz futball egyik legnagyobb legend\u00e1ja, Franco Baresi"},"content":{"rendered":"<p>            <a href=\"https:\/\/news.google.com\/publications\/CAAqIggKIhxDQklTRHdnTWFnc0tDWEJzWVhsbGNpNW9kU2dBUAE\" target=\"_blank\" class=\"google-news\" rel=\"nofollow noopener\">Leg\u00fajabb cikkeink\u00e9rt k\u00f6vess minket a Player Google News oldal\u00e1n is!<\/a><\/p>\n<p>P\u00e9ntek reggel elhunyt Franco Baresi.<\/p>\n<p>Az AC <a href=\"https:\/\/player.hu\/sport-3\/a-40-eves-modric-meghoditotta-milanot\" rel=\"nofollow noopener\" target=\"_blank\">Milan<\/a> \u00e9s az olasz v\u00e1logatott kor\u00e1bbi ikonikus k\u00f6z\u00e9ph\u00e1tv\u00e9dje, minden id\u0151k egyik legjobb v\u00e9d\u0151je 66 \u00e9vet \u00e9lt.<\/p>\n<p>Baresi t\u00fcdej\u00e9ben tavaly ny\u00e1ron csom\u00f3t tal\u00e1ltak, amit azt\u00e1n m\u0171t\u00e9ti \u00faton elt\u00e1vol\u00edtottak, de az ut\u00f3bbi hetekben rosszabbodott az \u00e1llapota \u00e9s k\u00f3rh\u00e1zba ker\u00fclt.<\/p>\n<p>Franco Baresi 1977-ben ker\u00fclt fel a Milan feln\u0151tt keret\u00e9be, 1997-ig volt a csapat tagja. A piros-fekete mezt 719 alkalommal viselte t\u00e9tm\u00e9rk\u0151z\u00e9sen, klubj\u00e1val 6 olasz bajnoki c\u00edmet \u00e9s 3 BEK\/<a href=\"https:\/\/player.hu\/sport-3\/bl-donto-budapest-fotok\" rel=\"nofollow noopener\" target=\"_blank\">BL<\/a>-gy\u0151zelmet \u00fcnnepelt. Az <a href=\"https:\/\/player.hu\/sport-3\/az-olaszok-futballistaja-miutan-a-valogatott-most-is-lemaradt-a-vb-rol-szomoru-latni-a-siro-olasz-gyerekeket\" rel=\"nofollow noopener\" target=\"_blank\">olasz<\/a> nemzeti csapatban 81 m\u00e9rk\u0151z\u00e9sen l\u00e9pett p\u00e1ly\u00e1ra, 1982-ben tagja volt a vil\u00e1gbajnoks\u00e1got nyert v\u00e1logatottnak.<\/p>\n<p>(Fot\u00f3: Getty Images)<\/p>\n<p>            <a href=\"https:\/\/www.google.com\/preferences\/source?q=player.hu\" class=\"google-prefer-btn\" rel=\"nofollow noopener\" target=\"_blank\">Itt \u00e1ll\u00edthatod be, hogy a Player az els\u0151k k\u00f6z\u00f6tt legyen a Google keres\u0151ben<\/a><\/p>\n<p>Iratkozz fel a h\u00edrlevel\u00fcnkre, \u00e9s mi minden h\u00e9ten \u00e9rdekes, sz\u00f3rakoztat\u00f3 sztorikat k\u00fcld\u00fcnk neked a vil\u00e1gb\u00f3l.<\/p>\n<p>H\u00edrlev\u00e9l feliratkoz\u00e1s<\/p>\n<p>T\u00e1mogatott \u00e9s aj\u00e1nlott tartalmaink<\/p>\n","protected":false},"excerpt":{"rendered":"Leg\u00fajabb cikkeink\u00e9rt k\u00f6vess minket a Player Google News oldal\u00e1n is! P\u00e9ntek reggel elhunyt Franco Baresi. Az AC Milan&hellip;\n","protected":false},"author":2,"featured_media":191469,"comment_status":"","ping_status":"","sticky":false,"template":"","format":"standard","meta":{"footnotes":"","_share_on_mastodon":"0"},"categories":[33],"tags":[307,378,38,53830,3472,35,37,44,42,40,43,41,10806,34,16615,36,39],"class_list":["post-191468","post","type-post","status-publish","format-standard","has-post-thumbnail","category-hirek","tag-elhunyt","tag-foci","tag-focimek","tag-franco-baresi","tag-gyaszhir","tag-headlines","tag-hirek","tag-hu","tag-hungarian","tag-hungary","tag-magyar","tag-magyarorszag","tag-milan","tag-news","tag-olasz-valogatott","tag-top-stories","tag-vezeto-hirek"],"share_on_mastodon":{"url":"https:\/\/pubeurope.com\/@hu\/117013453521120172","error":""},"_links":{"self":[{"href":"https:\/\/www.europesays.com\/hu\/wp-json\/wp\/v2\/posts\/191468","targetHints":{"allow":["GET"]}}],"collection":[{"href":"https:\/\/www.europesays.com\/hu\/wp-json\/wp\/v2\/posts"}],"about":[{"href":"https:\/\/www.europesays.com\/hu\/wp-json\/wp\/v2\/types\/post"}],"author":[{"embeddable":true,"href":"https:\/\/www.europesays.com\/hu\/wp-json\/wp\/v2\/users\/2"}],"replies":[{"embeddable":true,"href":"https:\/\/www.europesays.com\/hu\/wp-json\/wp\/v2\/comments?post=191468"}],"version-history":[{"count":0,"href":"https:\/\/www.europesays.com\/hu\/wp-json\/wp\/v2\/posts\/191468\/revisions"}],"wp:featuredmedia":[{"embeddable":true,"href":"https:\/\/www.europesays.com\/hu\/wp-json\/wp\/v2\/media\/191469"}],"wp:attachment":[{"href":"https:\/\/www.europesays.com\/hu\/wp-json\/wp\/v2\/media?parent=191468"}],"wp:term":[{"taxonomy":"category","embeddable":true,"href":"https:\/\/www.europesays.com\/hu\/wp-json\/wp\/v2\/categories?post=191468"},{"taxonomy":"post_tag","embeddable":true,"href":"https:\/\/www.europesays.com\/hu\/wp-json\/wp\/v2\/tags?post=191468"}],"curies":[{"name":"wp","href":"https:\/\/api.w.org\/{rel}","templated":true}]}}